{"id":43391,"date":"2023-05-12T14:34:43","date_gmt":"2023-05-12T14:34:43","guid":{"rendered":"https:\/\/www.ampeco.com\/blog\/eichrecht-the-german-calibration-law-dos-and-donts\/"},"modified":"2025-03-19T23:19:21","modified_gmt":"2025-03-19T23:19:21","slug":"eichrecht-the-german-calibration-law-dos-and-donts","status":"publish","type":"post","link":"https:\/\/www.ampeco.com\/fr\/blog\/eichrecht-the-german-calibration-law-dos-and-donts\/","title":{"rendered":"Les bonnes pratiques et erreurs \u00e0 \u00e9viter concernant l&rsquo;Eichrecht (la loi allemande sur l&rsquo;\u00e9talonnage) pour les CPO"},"content":{"rendered":"\n<h2 class=\"wp-block-heading\">Aucune exception : les CPO en Allemagne doivent se conformer \u00e0 la loi allemande sur l&rsquo;\u00e9talonnage (Eichrecht)<\/h2>\n\n\n\n<p>Avec l\u2019augmentation du nombre de v\u00e9hicules \u00e9lectriques sur les routes, une facturation pr\u00e9cise des services de recharge devient de plus en plus essentielle. En Allemagne, cela est encadr\u00e9 par la loi allemande sur l&rsquo;\u00e9talonnage, connue sous le nom d&rsquo;\u00ab Eichrecht \u00bb, qui \u00e9tablit des directives pour une facturation transparente et une comparaison claire des tarifs entre les diff\u00e9rents fournisseurs de recharge. <a href=\"https:\/\/www.ampeco.com\/ev-charging-platform\/eichrecht-compliance\" data-type=\"link\" data-id=\"https:\/\/www.ampeco.com\/ev-charging-platform\/eichrecht-compliance\">La conformit\u00e9 \u00e0 l\u2019Eichrecht<\/a> est obligatoire pour les CPO et les EMSP op\u00e9rant en Allemagne, et d\u2019autres pays devraient adopter des r\u00e9glementations similaires \u00e0 mesure que les v\u00e9hicules \u00e9lectriques gagnent en popularit\u00e9.<\/p>\n\n\n\n<p>Notre \u00e9quipe d&rsquo;experts en recharge de v\u00e9hicules \u00e9lectriques chez AMPECO <a href=\"https:\/\/www.ampeco.com\/resources\/eichrecht-compliance-essential-handbook-ev-charging-providers-ebook\/\" data-type=\"link\" data-id=\"https:\/\/www.ampeco.com\/resources\/eichrecht-compliance-essential-handbook-ev-charging-providers-ebook\/\">a cr\u00e9\u00e9 un ebook<\/a> offrant un aper\u00e7u de la loi allemande sur l&rsquo;\u00e9talonnage et de son impact sur votre activit\u00e9 en tant qu&rsquo;op\u00e9rateur de points de recharge ou fournisseur de services de mobilit\u00e9 \u00e9lectrique. Il met \u00e9galement en avant la mani\u00e8re dont AMPECO \u2013 une plateforme de gestion enti\u00e8rement conforme \u2013 peut vous aider \u00e0 lancer et d\u00e9velopper votre activit\u00e9 de recharge de VE en Allemagne.<\/p>\n\n\n\n<h2 class=\"wp-block-heading\">Qu&rsquo;est-ce que la loi allemande sur l&rsquo;\u00e9talonnage, aussi appel\u00e9e Eichrecht ?<\/h2>\n\n\n\n<p>La loi allemande sur l&rsquo;\u00e9talonnage, connue sous le nom d&rsquo;Eichrecht, vise principalement \u00e0 prot\u00e9ger les consommateurs et \u00e0 garantir une facturation transparente et pr\u00e9cise des sessions de recharge. Selon l&rsquo;Eichrecht, toutes les bornes de recharge publiques pour v\u00e9hicules \u00e9lectriques doivent \u00eatre \u00e9quip\u00e9es d&rsquo;un compteur \u00e9lectrique certifi\u00e9 et \u00e9talonn\u00e9 afin d&rsquo;assurer pr\u00e9cision et fiabilit\u00e9. Les bornes de recharge doivent afficher les tarifs de mani\u00e8re claire et fournir aux clients un re\u00e7u indiquant la quantit\u00e9 d\u2019\u00e9lectricit\u00e9 consomm\u00e9e, le prix factur\u00e9 et d\u2019autres d\u00e9tails pertinents. Le compteur \u00e9lectrique mesure l\u2019\u00e9nergie consomm\u00e9e et d\u00e9termine le montant factur\u00e9 au conducteur du VE. Tous les tarifs sont exclusivement bas\u00e9s sur la consommation en kWh, et non sur la dur\u00e9e de recharge ou des frais fixes, afin de garantir une tarification claire et facile \u00e0 comprendre.<\/p>\n\n\n\n<h2 class=\"wp-block-heading\">Quel est l&rsquo;impact de la loi allemande sur l&rsquo;\u00e9talonnage sur les fournisseurs de services de recharge pour VE ?<\/h2>\n\n\n\n<p>Pour exploiter un r\u00e9seau de recharge de VE en Allemagne, vous devez disposer de mat\u00e9riel et de logiciels conformes \u00e0 l\u2019Eichrecht. Toutes les bornes de recharge publiques et semi-publiques doivent respecter les r\u00e9glementations de l\u2019Eichrecht, qui impactent trois aspects essentiels : la mesure, la tarification et la s\u00e9curit\u00e9 des donn\u00e9es.<\/p>\n\n\n\n<h3 class=\"wp-block-heading\">Mesure<\/h3>\n\n\n\n<p>L\u2019Eichrecht impose \u00e0 toutes les bornes de recharge publiques pour v\u00e9hicules \u00e9lectriques d\u2019\u00eatre \u00e9quip\u00e9es d\u2019un compteur \u00e9lectrique certifi\u00e9 et \u00e9talonn\u00e9 afin de garantir pr\u00e9cision et fiabilit\u00e9. Chaque point de recharge doit disposer d\u2019un compteur de mesure en kWh visible, enregistr\u00e9 et recalibr\u00e9 p\u00e9riodiquement. Les conducteurs de VE peuvent rapidement v\u00e9rifier l\u2019affichage du relev\u00e9 en kWh sur l\u2019\u00e9cran ou directement sur le compteur, puis le comparer aux informations fournies sur leur application de mobilit\u00e9 \u00e9lectrique ou leur interface web, garantissant ainsi une transparence totale dans la facturation.<\/p>\n\n\n\n<h3 class=\"wp-block-heading\">Tarification<\/h3>\n\n\n\n<p>Les bornes de recharge doivent afficher des tarifs clairs et fournir des re\u00e7us d\u00e9taillant la quantit\u00e9 d\u2019\u00e9lectricit\u00e9 consomm\u00e9e, le prix factur\u00e9 et d\u2019autres informations pertinentes. <a href=\"https:\/\/www.ampeco.com\/ev-charging-platform\/plans-and-tariffs\" data-type=\"link\" data-id=\"https:\/\/www.ampeco.com\/ev-charging-platform\/plans-and-tariffs\">Les tarifs de recharge des VE<\/a> doivent \u00eatre exclusivement bas\u00e9s sur la consommation en kWh. Les frais bas\u00e9s sur la dur\u00e9e ou les forfaits fixes ne sont pas autoris\u00e9s. L\u2019Eichrecht impose une facturation transparente, en s\u00e9parant clairement tout tarif additionnel du montant factur\u00e9 au kWh sur la facture.<\/p>\n\n\n\n<h3 class=\"wp-block-heading\">S\u00e9curit\u00e9 des donn\u00e9es<\/h3>\n\n\n\n<p>L\u2019Eichrecht impose l\u2019utilisation d\u2019une cl\u00e9 publique unique pour garantir l\u2019int\u00e9grit\u00e9 des donn\u00e9es lors des sessions de recharge des VE. Le chiffrement par cl\u00e9 publique assure une communication s\u00e9curis\u00e9e entre la borne de recharge, le v\u00e9hicule \u00e9lectrique et le syst\u00e8me de gestion central, emp\u00eachant tout acc\u00e8s non autoris\u00e9 aux donn\u00e9es. La cl\u00e9 publique peut \u00eatre sous forme de code QR, permettant aux conducteurs de v\u00e9rifier leur consommation d\u2019\u00e9nergie, la dur\u00e9e et le co\u00fbt de la recharge. Gr\u00e2ce aux signatures s\u00e9curis\u00e9es et au chiffrement, les bornes de recharge peuvent g\u00e9n\u00e9rer des factures transparentes pour les conducteurs.<\/p>\n\n\n<style style=\"border-radius:var(--spacing-4xl, 32px);overflow:hidden;\">.kb-row-layout-id43391_bd5350-8a > .kt-row-column-wrap{align-content:start;}:where(.kb-row-layout-id43391_bd5350-8a > .kt-row-column-wrap) > .wp-block-kadence-column{justify-content:start;}.kb-row-layout-id43391_bd5350-8a > .kt-row-column-wrap{column-gap:var(--global-kb-gap-md, 2rem);row-gap:var(--global-kb-gap-md, 2rem);padding-top:var(--global-kb-spacing-sm, 1.5rem);padding-bottom:var(--global-kb-spacing-sm, 1.5rem);grid-template-columns:minmax(0, 1fr) minmax(0, 2fr);}.kb-row-layout-id43391_bd5350-8a{background-color:#ddecfa;}.kb-row-layout-id43391_bd5350-8a > .kt-row-layout-overlay{opacity:0.30;}@media all and (max-width: 1024px){.kb-row-layout-id43391_bd5350-8a > .kt-row-column-wrap{grid-template-columns:minmax(0, 1fr) minmax(0, 2fr);}}@media all and (max-width: 767px){.kb-row-layout-id43391_bd5350-8a > .kt-row-column-wrap{grid-template-columns:minmax(0, 1fr);}}<\/style><div class=\"kb-row-layout-wrap kb-row-layout-id43391_bd5350-8a alignnone kt-row-has-bg wp-block-kadence-rowlayout\"><div class=\"kt-row-column-wrap kt-has-2-columns kt-row-layout-right-golden kt-tab-layout-inherit kt-mobile-layout-row kt-row-valign-top\">\n<style>.kadence-column43391_4fe45d-1c > .kt-inside-inner-col,.kadence-column43391_4fe45d-1c > .kt-inside-inner-col:before{border-top-left-radius:0px;border-top-right-radius:0px;border-bottom-right-radius:0px;border-bottom-left-radius:0px;}.kadence-column43391_4fe45d-1c > .kt-inside-inner-col{column-gap:var(--global-kb-gap-sm, 1rem);}.kadence-column43391_4fe45d-1c > .kt-inside-inner-col{flex-direction:column;}.kadence-column43391_4fe45d-1c > .kt-inside-inner-col > .aligncenter{width:100%;}.kadence-column43391_4fe45d-1c > .kt-inside-inner-col:before{opacity:0.3;}.kadence-column43391_4fe45d-1c{position:relative;}@media all and (max-width: 1024px){.kadence-column43391_4fe45d-1c > .kt-inside-inner-col{flex-direction:column;justify-content:center;}}@media all and (max-width: 767px){.kadence-column43391_4fe45d-1c > .kt-inside-inner-col{flex-direction:column;justify-content:center;}}<\/style>\n<div class=\"wp-block-kadence-column kadence-column43391_4fe45d-1c inner-column-1 vertical-center-image\"><div class=\"kt-inside-inner-col\">\n<div class=\"wp-block-media-text has-media-on-the-right is-stacked-on-mobile is-vertically-aligned-center\" style=\"grid-template-columns:auto 85%\"><div class=\"wp-block-media-text__content\">\n<p class=\"has-large-font-size\"><\/p>\n<\/div><figure class=\"wp-block-media-text__media\"><a href=\"\/resources\/eichrecht-compliance-essential-handbook-ev-charging-providers-ebook\/\"><img loading=\"lazy\" decoding=\"async\" width=\"812\" height=\"1024\" src=\"https:\/\/www.ampeco.com\/content\/uploads\/2023\/05\/eichrecht-ebook-portait-1-812x1024.png\" alt=\"Couverture de l\u2019ebook sur la conformit\u00e9 \u00e0 l\u2019Eichrecht\" class=\"wp-image-19098 size-full\" title=\"\" srcset=\"https:\/\/www.ampeco.com\/content\/uploads\/2023\/05\/eichrecht-ebook-portait-1-812x1024.png 812w, https:\/\/www.ampeco.com\/content\/uploads\/2023\/05\/eichrecht-ebook-portait-1-238x300.png 238w, https:\/\/www.ampeco.com\/content\/uploads\/2023\/05\/eichrecht-ebook-portait-1-768x969.png 768w, https:\/\/www.ampeco.com\/content\/uploads\/2023\/05\/eichrecht-ebook-portait-1-1218x1536.png 1218w, https:\/\/www.ampeco.com\/content\/uploads\/2023\/05\/eichrecht-ebook-portait-1-1623x2048.png 1623w, https:\/\/www.ampeco.com\/content\/uploads\/2023\/05\/eichrecht-ebook-portait-1-96x121.png 96w, https:\/\/www.ampeco.com\/content\/uploads\/2023\/05\/eichrecht-ebook-portait-1-330x416.png 330w, https:\/\/www.ampeco.com\/content\/uploads\/2023\/05\/eichrecht-ebook-portait-1-660x833.png 660w, https:\/\/www.ampeco.com\/content\/uploads\/2023\/05\/eichrecht-ebook-portait-1-512x646.png 512w, https:\/\/www.ampeco.com\/content\/uploads\/2023\/05\/eichrecht-ebook-portait-1-1024x1292.png 1024w, https:\/\/www.ampeco.com\/content\/uploads\/2023\/05\/eichrecht-ebook-portait-1-600x757.png 600w, https:\/\/www.ampeco.com\/content\/uploads\/2023\/05\/eichrecht-ebook-portait-1-1200x1514.png 1200w, https:\/\/www.ampeco.com\/content\/uploads\/2023\/05\/eichrecht-ebook-portait-1-840x1060.png 840w, https:\/\/www.ampeco.com\/content\/uploads\/2023\/05\/eichrecht-ebook-portait-1-1680x2119.png 1680w, https:\/\/www.ampeco.com\/content\/uploads\/2023\/05\/eichrecht-ebook-portait-1-1920x2422.png 1920w, https:\/\/www.ampeco.com\/content\/uploads\/2023\/05\/eichrecht-ebook-portait-1.png 2000w\" sizes=\"auto, (max-width: 812px) 100vw, 812px\" \/><\/a><\/figure><\/div>\n<\/div><\/div>\n\n\n<style>.kadence-column43391_d1deed-e0 > .kt-inside-inner-col,.kadence-column43391_d1deed-e0 > .kt-inside-inner-col:before{border-top-left-radius:0px;border-top-right-radius:0px;border-bottom-right-radius:0px;border-bottom-left-radius:0px;}.kadence-column43391_d1deed-e0 > .kt-inside-inner-col{column-gap:var(--global-kb-gap-sm, 1rem);}.kadence-column43391_d1deed-e0 > .kt-inside-inner-col{flex-direction:column;}.kadence-column43391_d1deed-e0 > .kt-inside-inner-col > .aligncenter{width:100%;}.kadence-column43391_d1deed-e0 > .kt-inside-inner-col:before{opacity:0.3;}.kadence-column43391_d1deed-e0{position:relative;}@media all and (max-width: 1024px){.kadence-column43391_d1deed-e0 > .kt-inside-inner-col{flex-direction:column;justify-content:center;}}@media all and (max-width: 767px){.kadence-column43391_d1deed-e0 > .kt-inside-inner-col{flex-direction:column;justify-content:center;}}<\/style>\n<div class=\"wp-block-kadence-column kadence-column43391_d1deed-e0 inner-column-2\"><div class=\"kt-inside-inner-col\">\n<h4 class=\"wp-block-heading\">Vous souhaitez comprendre l\u2019impact de l\u2019Eichrecht sur les cas d\u2019usage courants de la recharge des VE ?<\/h4>\n\n\n\n<p>Obtenez des informations pr\u00e9cieuses sur les r\u00e9glementations de l\u2019Eichrecht et leur impact sur votre activit\u00e9 de recharge de VE en Allemagne. D\u00e9couvrez comment vous conformer aux lois sur l\u2019\u00e9talonnage et la tarification gr\u00e2ce \u00e0 notre guide complet.<\/p>\n\n\n\n<div class=\"wp-block-buttons is-layout-flex wp-block-buttons-is-layout-flex\">\n<div class=\"wp-block-button\"><a class=\"wp-block-button__link has-success-background-color has-background wp-element-button\" href=\"\/resources\/eichrecht-compliance-essential-handbook-ev-charging-providers-ebook\/\">Download e-book<\/a><\/div>\n<\/div>\n<\/div><\/div>\n\n<\/div><\/div>\n\n\n<h2 class=\"wp-block-heading\">Restez en conformit\u00e9 avec la r\u00e9glementation gr\u00e2ce \u00e0 AMPECO<\/h2>\n\n\n\n<p>Pour <a href=\"https:\/\/www.ampeco.com\/guides\/complete-ocpp-guide\/\" data-type=\"link\" data-id=\"https:\/\/www.ampeco.com\/guides\/complete-ocpp-guide\/\">garantir la conformit\u00e9<\/a> \u00e0 la loi allemande sur l\u2019\u00e9talonnage, notre <a href=\"https:\/\/www.ampeco.com\/ev-charging-platform\/\" data-type=\"link\" data-id=\"https:\/\/www.ampeco.com\/ev-charging-platform\/\">plateforme de gestion de recharge pour VE<\/a> int\u00e8gre les fonctionnalit\u00e9s suivantes :<\/p>\n\n\n\n<ul class=\"wp-block-list\">\n<li>L\u2019\u00e9change pr\u00e9cis des donn\u00e9es et les relev\u00e9s exacts des compteurs garantissent l\u2019int\u00e9grit\u00e9 des donn\u00e9es de recharge.<\/li>\n\n\n\n<li>Chiffrement avanc\u00e9 et m\u00e9canismes de transmission s\u00e9curis\u00e9e pour une protection optimale des donn\u00e9es.<\/li>\n\n\n\n<li>Les protocoles de gestion et de stockage des donn\u00e9es garantissent la s\u00e9curit\u00e9 et la protection de vos donn\u00e9es de comptage.<\/li>\n\n\n\n<li>Des informations tarifaires transparentes garantissent que vos clients savent exactement ce qu&rsquo;ils paient.<\/li>\n\n\n\n<li>Des processus de facturation et d\u2019\u00e9tablissement de factures complets, g\u00e9n\u00e9rant des factures d\u00e9taill\u00e9es pour vos clients.<\/li>\n<\/ul>\n\n\n\n<p>La plateforme de gestion de recharge pour VE d\u2019AMPECO permet l\u2019\u00e9change des donn\u00e9es de session de recharge et fournit aux conducteurs des relev\u00e9s de compteur pr\u00e9cis, aidant ainsi les op\u00e9rateurs de points de recharge en Allemagne \u00e0 respecter leurs obligations l\u00e9gales.<\/p>\n\n\n\n<figure class=\"wp-block-image aligncenter size-large\"><img decoding=\"async\" src=\"https:\/\/www.ampeco.com\/content\/uploads\/2023\/07\/illustration-eichrecht-compliant-data-charging-station-meter-transparenzsotftware-french.png\" alt=\"-\" class=\"wp-image-16292\" title=\"\"><\/figure>\n\n\n\n<p>Une fois qu\u2019une borne de recharge conforme \u00e0 l\u2019Eichrecht a sign\u00e9 et chiffr\u00e9 num\u00e9riquement les donn\u00e9es de mesure d\u2019une session de recharge, elle les envoie \u00e0 <a href=\"https:\/\/www.ampeco.com\/ev-charging-platform\/\" data-type=\"link\" data-id=\"https:\/\/www.ampeco.com\/ev-charging-platform\/\">la plateforme de gestion de recharge pour VE d\u2019AMPECO<\/a> via <a href=\"https:\/\/www.ampeco.com\/ocpp-open-charge-point-protocol\/\" data-type=\"link\" data-id=\"https:\/\/www.ampeco.com\/ocpp-open-charge-point-protocol\/\">l\u2019OCPP.<\/a> Les valeurs du compteur sign\u00e9es sont stock\u00e9es en toute s\u00e9curit\u00e9 et rendues accessibles au conducteur du VE. Pour v\u00e9rifier les donn\u00e9es, les conducteurs peuvent acc\u00e9der \u00e0 la cl\u00e9 publique ainsi qu\u2019\u00e0 la valeur sign\u00e9e encod\u00e9e depuis l\u2019\u00e9cran r\u00e9capitulatif de la session dans l\u2019application mobile et sur le re\u00e7u de la session de recharge. Ils peuvent en confirmer l\u2019exactitude en utilisant un logiciel de transparence tiers (comme <a href=\"https:\/\/www.safe-ev.de\/en\/transparency_software.php\" data-type=\"link\" data-id=\"https:\/\/www.safe-ev.de\/en\/transparency_software.php\" rel=\"nofollow noopener\" target=\"_blank\">S.A.F.E.<\/a>).<\/p>\n\n\n\n<p>AMPECO op\u00e9rant \u00e0 l\u2019\u00e9chelle mondiale, nous d\u00e9veloppons en continu notre plateforme de gestion de recharge pour VE afin de r\u00e9pondre aux exigences vari\u00e9es des op\u00e9rateurs du monde entier, y compris la conformit\u00e9 aux r\u00e9glementations et l\u00e9gislations des march\u00e9s r\u00e9gionaux, telles que l\u2019Eichrecht, entre autres.<\/p>\n\n\n\n<div style=\"border-radius:var(--spacing-4xl, 32px);overflow:hidden;\" class=\"wp-block-group is-style-tilted-green-bg is-layout-constrained wp-block-group-is-layout-constrained\">\n<h2 class=\"wp-block-heading has-text-align-left\">Si vous souhaitez d\u00e9velopper vos services de recharge de VE en Allemagne, d\u00e9couvrez comment la plateforme de gestion enti\u00e8rement conforme d\u2019AMPECO peut vous aider.<\/h2>\n\n\n\n<div class=\"wp-block-buttons is-horizontal is-content-justification-left is-layout-flex wp-container-core-buttons-is-layout-20be11b6 wp-block-buttons-is-layout-flex\">\n<div class=\"wp-block-button is-style-fill\"><a class=\"wp-block-button__link has-bluenew-color has-lightbluebg-background-color has-text-color has-background wp-element-button\" href=\"\/demo\/\">R\u00e9server une d\u00e9mo<\/a><\/div>\n<\/div>\n<\/div>\n","protected":false},"excerpt":{"rendered":"<p>Aucune exception : les CPO en Allemagne doivent se conformer \u00e0 la loi allemande sur l&rsquo;\u00e9talonnage (Eichrecht) Avec l\u2019augmentation du nombre de v\u00e9hicules \u00e9lectriques sur les routes, une facturation pr\u00e9cise des services [&hellip;]<\/p>\n","protected":false},"author":20,"featured_media":22277,"comment_status":"open","ping_status":"open","sticky":false,"template":"","format":"standard","meta":{"_acf_changed":false,"inline_featured_image":false,"footnotes":""},"categories":[157,521],"tags":[554,555,158,556],"class_list":["post-43391","post","type-post","status-publish","format-standard","has-post-thumbnail","hentry","category-entreprise-de-recharge-pour-vehicules-electriques","category-policy-corner-fr","tag-eichrecht-fr","tag-german-calibration-law-fr","tag-recharge-pour-vehicules-electriques","tag-regulations-fr"],"acf":[],"_links":{"self":[{"href":"https:\/\/www.ampeco.com\/fr\/wp-json\/wp\/v2\/posts\/43391","targetHints":{"allow":["GET"]}}],"collection":[{"href":"https:\/\/www.ampeco.com\/fr\/wp-json\/wp\/v2\/posts"}],"about":[{"href":"https:\/\/www.ampeco.com\/fr\/wp-json\/wp\/v2\/types\/post"}],"author":[{"embeddable":true,"href":"https:\/\/www.ampeco.com\/fr\/wp-json\/wp\/v2\/users\/20"}],"replies":[{"embeddable":true,"href":"https:\/\/www.ampeco.com\/fr\/wp-json\/wp\/v2\/comments?post=43391"}],"version-history":[{"count":9,"href":"https:\/\/www.ampeco.com\/fr\/wp-json\/wp\/v2\/posts\/43391\/revisions"}],"predecessor-version":[{"id":43406,"href":"https:\/\/www.ampeco.com\/fr\/wp-json\/wp\/v2\/posts\/43391\/revisions\/43406"}],"wp:featuredmedia":[{"embeddable":true,"href":"https:\/\/www.ampeco.com\/fr\/wp-json\/wp\/v2\/media\/22277"}],"wp:attachment":[{"href":"https:\/\/www.ampeco.com\/fr\/wp-json\/wp\/v2\/media?parent=43391"}],"wp:term":[{"taxonomy":"category","embeddable":true,"href":"https:\/\/www.ampeco.com\/fr\/wp-json\/wp\/v2\/categories?post=43391"},{"taxonomy":"post_tag","embeddable":true,"href":"https:\/\/www.ampeco.com\/fr\/wp-json\/wp\/v2\/tags?post=43391"}],"curies":[{"name":"wp","href":"https:\/\/api.w.org\/{rel}","templated":true}]}}