{"id":43306,"date":"2023-07-31T07:59:14","date_gmt":"2023-07-31T07:59:14","guid":{"rendered":"https:\/\/www.ampeco.com\/blog\/ampecos-built-in-invoicing-capabilities-for-ev-charging-businesses\/"},"modified":"2025-03-18T17:07:37","modified_gmt":"2025-03-18T17:07:37","slug":"ampecos-built-in-invoicing-capabilities-for-ev-charging-businesses","status":"publish","type":"post","link":"https:\/\/www.ampeco.com\/fr\/blog\/ampecos-built-in-invoicing-capabilities-for-ev-charging-businesses\/","title":{"rendered":"Les fonctionnalit\u00e9s de facturation int\u00e9gr\u00e9es d&rsquo;AMPECO pour les entreprises de recharge de v\u00e9hicules \u00e9lectriques"},"content":{"rendered":"\n<p>En tant qu&rsquo;op\u00e9rateur de points de charge (CPO), vous comprenez les d\u00e9fis uniques li\u00e9s \u00e0 la gestion d&rsquo;une <a href=\"https:\/\/www.ampeco.com\/fr\/plateforme-de-supervision-de-recharge\/\" data-type=\"link\" data-id=\"https:\/\/www.ampeco.com\/fr\/plateforme-de-supervision-de-recharge\/\">entreprise de recharge de v\u00e9hicules \u00e9lectriques<\/a>, qu&rsquo;il s&rsquo;agisse de la conformit\u00e9 r\u00e9glementaire ou de l&rsquo;optimisation de la croissance des op\u00e9rations. Parmi toutes ces responsabilit\u00e9s, un aspect essentiel ne peut \u00eatre n\u00e9glig\u00e9 : la facturation. Bien plus qu&rsquo;un simple re\u00e7u, la facturation joue un r\u00f4le cl\u00e9 dans le respect des normes comptables et dans la satisfaction des besoins des entreprises et des particuliers.<\/p>\n\n\n\n<p>En particulier dans les cas d\u2019usage complexes soumis \u00e0 des exigences sp\u00e9cifiques selon les pays, l\u2019importance de la flexibilit\u00e9 et de la personnalisation en mati\u00e8re de facturation ne peut \u00eatre sous-estim\u00e9e. Dans de telles situations, la capacit\u00e9 de collecter et de partager les d\u00e9tails des factures via API devient essentielle. Cela vous permet de d\u00e9velopper vos propres solutions ou d\u2019int\u00e9grer la facturation de mani\u00e8re fluide \u00e0 vos syst\u00e8mes existants.<\/p>\n\n\n\n<h2 class=\"wp-block-heading\">Facturation int\u00e9gr\u00e9e au CPMS vs. int\u00e9gration avec des syst\u00e8mes de facturation externes<\/h2>\n\n\n\n<p>La solution de facturation int\u00e9gr\u00e9e \u00e0 votre CPMS offre aux conducteurs de v\u00e9hicules \u00e9lectriques une transparence totale ainsi qu\u2019un d\u00e9tail pr\u00e9cis de tous les \u00e9l\u00e9ments composant le montant total pay\u00e9 pour une session de recharge. Gr\u00e2ce \u00e0 ce niveau de pr\u00e9cision, vous pouvez montrer \u00e0 vos clients la quantit\u00e9 d\u2019\u00e9nergie consomm\u00e9e, la dur\u00e9e de la session, les frais de connexion, les frais d\u2019inactivit\u00e9 et tout autre \u00e9l\u00e9ment contribuant au montant final.<\/p>\n\n\n\n<p>Les syst\u00e8mes de facturation externes manquent souvent de ce niveau de d\u00e9tail, se limitant g\u00e9n\u00e9ralement \u00e0 afficher des informations g\u00e9n\u00e9riques telles que \u00ab Services de recharge de v\u00e9hicules \u00e9lectriques \u00bb et le montant total sur la facture. Cela s&rsquo;explique par le fait qu&rsquo;ils ne synchronisent souvent que les donn\u00e9es de base des utilisateurs et des transactions avec la base de donn\u00e9es du CPMS, ce qui peut entra\u00eener l&rsquo;exclusion de pr\u00e9cieuses donn\u00e9es de session sur la facture.<\/p>\n\n\n\n<p>Chez AMPECO, nous comprenons cette limitation et avons mis \u00e0 jour notre API pour y rem\u00e9dier. Nous sommes d\u00e9sormais en mesure de fournir des informations d\u00e9taill\u00e9es sur les sessions, vous permettant ainsi de g\u00e9n\u00e9rer des factures compl\u00e8tes et pr\u00e9cises qui refl\u00e8tent r\u00e9ellement la valeur des services de recharge fournis.<\/p>\n\n\n<style>.wp-block-kadence-spacer.kt-block-spacer-43306_a199a2-ff .kt-block-spacer{height:25px;}.wp-block-kadence-spacer.kt-block-spacer-43306_a199a2-ff .kt-divider{border-top-width:1px;height:1px;border-top-color:#eee;width:80%;border-top-style:solid;}<\/style>\n<div class=\"wp-block-kadence-spacer aligncenter kt-block-spacer-43306_a199a2-ff\"><div class=\"kt-block-spacer kt-block-spacer-halign-center\"><\/div><\/div>\n\n\n\n<figure class=\"wp-block-image aligncenter size-large\"><img loading=\"lazy\" decoding=\"async\" width=\"1024\" height=\"538\" src=\"https:\/\/www.ampeco.com\/content\/uploads\/2023\/07\/services_breakdown_example-1-1024x538.png\" alt=\"exemple d\u2019image de r\u00e9partition des services\" class=\"wp-image-23622\" title=\"\" srcset=\"https:\/\/www.ampeco.com\/content\/uploads\/2023\/07\/services_breakdown_example-1-1024x538.png 1024w, https:\/\/www.ampeco.com\/content\/uploads\/2023\/07\/services_breakdown_example-1-300x158.png 300w, https:\/\/www.ampeco.com\/content\/uploads\/2023\/07\/services_breakdown_example-1-768x403.png 768w, https:\/\/www.ampeco.com\/content\/uploads\/2023\/07\/services_breakdown_example-1-96x50.png 96w, https:\/\/www.ampeco.com\/content\/uploads\/2023\/07\/services_breakdown_example-1-330x173.png 330w, https:\/\/www.ampeco.com\/content\/uploads\/2023\/07\/services_breakdown_example-1-660x347.png 660w, https:\/\/www.ampeco.com\/content\/uploads\/2023\/07\/services_breakdown_example-1-512x269.png 512w, https:\/\/www.ampeco.com\/content\/uploads\/2023\/07\/services_breakdown_example-1-600x315.png 600w, https:\/\/www.ampeco.com\/content\/uploads\/2023\/07\/services_breakdown_example-1-840x441.png 840w, https:\/\/www.ampeco.com\/content\/uploads\/2023\/07\/services_breakdown_example-1.png 1200w\" sizes=\"auto, (max-width: 1024px) 100vw, 1024px\" \/><\/figure>\n\n\n<style>.wp-block-kadence-spacer.kt-block-spacer-43306_da4bc0-5f .kt-block-spacer{height:25px;}.wp-block-kadence-spacer.kt-block-spacer-43306_da4bc0-5f .kt-divider{border-top-width:1px;height:1px;border-top-color:#eee;width:80%;border-top-style:solid;}<\/style>\n<div class=\"wp-block-kadence-spacer aligncenter kt-block-spacer-43306_da4bc0-5f\"><div class=\"kt-block-spacer kt-block-spacer-halign-center\"><\/div><\/div>\n\n\n\n<h2 class=\"wp-block-heading\">AMPECO offre des fonctionnalit\u00e9s de facturation in\u00e9gal\u00e9es<\/h2>\n\n\n\n<p>Chez AMPECO, notre <a href=\"https:\/\/www.ampeco.com\/fr\/plateforme-de-supervision-de-recharge\/\" data-type=\"link\" data-id=\"https:\/\/www.ampeco.com\/fr\/plateforme-de-supervision-de-recharge\/\">syst\u00e8me de gestion de la recharge des v\u00e9hicules \u00e9lectriques<\/a> est con\u00e7u pour offrir aux op\u00e9rateurs de points de charge (CPO) des fonctionnalit\u00e9s de facturation compl\u00e8tes, adapt\u00e9es \u00e0 leurs besoins sp\u00e9cifiques.<\/p>\n\n\n\n<p><strong>Envoi fluide des factures :<\/strong> Envoyez automatiquement les factures par e-mail apr\u00e8s chaque transaction ou \u00e0 la fin de chaque mois. Vous pouvez choisir le moment d\u2019envoi des factures, y compris \u00e0 la fin de la p\u00e9riode post-abonnement, garantissant ainsi une livraison rapide et pratique \u00e0 vos clients.<\/p>\n\n\n\n<p><strong>D\u00e9tail pr\u00e9cis des services :<\/strong> \u00c9mettez des factures mensuelles avec une page distincte d\u00e9di\u00e9e \u00e0 une r\u00e9partition d\u00e9taill\u00e9e des services. Ce niveau de d\u00e9tail permet \u00e0 vos clients de mieux comprendre les frais associ\u00e9s \u00e0 chaque service, renfor\u00e7ant ainsi la transparence et la confiance.<\/p>\n\n\n\n<p><strong>D\u00e9lai de gr\u00e2ce pour le paiement :<\/strong> Offrez un d\u00e9lai de gr\u00e2ce pour le paiement des factures mensuelles sur les abonnements postpay\u00e9s. Cette flexibilit\u00e9 suppl\u00e9mentaire r\u00e9pond aux attentes des utilisateurs, leur apportant une tranquillit\u00e9 d\u2019esprit et garantissant un processus de paiement fluide.<\/p>\n\n\n\n<p><strong>Options de personnalisation :<\/strong> Personnalisez vos factures en ajoutant votre logo afin de garantir la coh\u00e9rence de votre marque et de projeter une image professionnelle aupr\u00e8s de vos clients.<\/p>\n\n\n\n<p><strong>Modification des factures en backend :<\/strong> Modifiez les d\u00e9tails des factures \u00e0 tout moment depuis le backend afin de corriger ou compl\u00e9ter facilement toute information erron\u00e9e ou incompl\u00e8te.<\/p>\n\n\n\n<p><strong>Collecte flexible des donn\u00e9es de facturation :<\/strong> D\u00e9finissez les champs obligatoires et optionnels lors de la collecte des donn\u00e9es de facturation des clients, vous permettant ainsi de recueillir les informations n\u00e9cessaires tout en offrant une exp\u00e9rience utilisateur fluide.<\/p>\n\n\n\n<p><strong>Archivage et exportation des factures :<\/strong> Conservez un archivage complet de toutes les factures au sein du syst\u00e8me AMPECO ou exportez-les pour une utilisation dans d&rsquo;autres syst\u00e8mes. Cette fonctionnalit\u00e9 vous permet de garder le contr\u00f4le sur vos donn\u00e9es de facturation et d&rsquo;assurer une int\u00e9gration fluide avec vos outils pr\u00e9f\u00e9r\u00e9s.<\/p>\n\n\n\n<p><strong>Prise en charge de la recharge ad hoc :<\/strong> Collectez les adresses e-mail et envoyez des re\u00e7us ou des factures pour les transactions de recharge ad hoc via notre application mobile ou notre portail web, garantissant ainsi un processus de facturation fluide pour tout type de session de recharge.<\/p>\n\n\n\n<p><strong>Texte personnalisable :<\/strong> Ajoutez un texte personnalis\u00e9, tel que des notes ou des instructions, \u00e0 chaque facture afin de transmettre des informations suppl\u00e9mentaires importantes \u00e0 vos clients.<\/p>\n\n\n\n<p><strong>Conformit\u00e9 au march\u00e9 : <\/strong>Masquez les donn\u00e9es de consommation d\u2019\u00e9nergie dans l\u2019application et sur la facture dans les march\u00e9s o\u00f9 la vente d\u2019\u00e9lectricit\u00e9 n\u2019est pas autoris\u00e9e, garantissant ainsi la conformit\u00e9 tout en apportant de la clart\u00e9 avec la mention \u00ab\u00a0Services de recharge de v\u00e9hicules \u00e9lectriques\u00a0\u00bb.<\/p>\n\n\n\n<p><strong>Flexibilit\u00e9 de la TVA : <\/strong>D\u00e9finissez un taux de TVA diff\u00e9rent pour l\u2019\u00e9lectricit\u00e9 consomm\u00e9e par rapport \u00e0 celui appliqu\u00e9 dans le pays o\u00f9 vous op\u00e9rez. Cela permet des calculs pr\u00e9cis de la TVA pour les diff\u00e9rentes composantes du service, garantissant ainsi une facturation exacte.<\/p>\n\n\n\n<p><strong>Prise en charge de la localisation :<\/strong> Proposez des factures lisibles de droite \u00e0 gauche, en accord avec les conventions locales de r\u00e9gions comme le Moyen-Orient.<\/p>\n\n\n\n<h2 class=\"wp-block-heading\">La personnalisation est au c\u0153ur de nos fonctionnalit\u00e9s de facturation.<\/h2>\n\n\n\n<p>Pour activer les puissantes fonctionnalit\u00e9s de facturation d&rsquo;AMPECO, nous proposons une gamme de fonctionnalit\u00e9s sp\u00e9cifiques qui renforcent votre contr\u00f4le et votre flexibilit\u00e9 sur le processus de facturation.<\/p>\n\n\n\n<h3 class=\"wp-block-heading\">Activer et configurer l&rsquo;int\u00e9gration de la facturation AMPECO<\/h3>\n\n\n\n<p>Toutes les options disponibles sont regroup\u00e9es en plusieurs sections pour faciliter l\u2019acc\u00e8s et la configuration : \u00ab\u00a0Configuration g\u00e9n\u00e9rale\u00a0\u00bb, \u00ab\u00a0Planning d\u2019\u00e9mission\u00a0\u00bb et \u00ab\u00a0Contenu\u00a0\u00bb.<\/p>\n\n\n\n<h4 class=\"wp-block-heading\">Configuration g\u00e9n\u00e9rale<\/h4>\n\n\n\n<p>Configurez les param\u00e8tres g\u00e9n\u00e9raux pour les adapter aux besoins de votre entreprise, notamment :<\/p>\n\n\n\n<ul class=\"is-style-list-nds wp-block-list\">\n<li>D\u00e9finissez le type de document \u00e0 \u00e9mettre, qu&rsquo;il s&rsquo;agisse d&rsquo;une facture ou d&rsquo;une facture pro forma pour l&rsquo;int\u00e9gration avec des syst\u00e8mes tiers.<\/li>\n<\/ul>\n\n\n\n<ul class=\"is-style-list-nds wp-block-list\">\n<li>Ajoutez un pr\u00e9fixe au num\u00e9ro de facture si des consid\u00e9rations l\u00e9gales ou commerciales l&rsquo;exigent. Personnalisez facilement le format de vos num\u00e9ros de facture pour le suivi interne ou pour des raisons de conformit\u00e9.<\/li>\n<\/ul>\n\n\n\n<ul class=\"is-style-list-nds wp-block-list\">\n<li>D\u00e9finissez le num\u00e9ro de d\u00e9part des factures \u00e0 partir duquel les factures suivantes seront incr\u00e9ment\u00e9es.<\/li>\n<\/ul>\n\n\n\n<ul class=\"is-style-list-nds wp-block-list\">\n<li>\u00c9mettez toujours des factures, m\u00eame si l\u2019option \u00ab\u00a0Exiger une facture\u00a0\u00bb est d\u00e9sactiv\u00e9e pour un utilisateur sp\u00e9cifique, en utilisant la fonctionnalit\u00e9 \u00ab\u00a0Re\u00e7u de vente\u00a0\u00bb pour r\u00e9pondre aux besoins de suivi interne et de comptabilit\u00e9. Dans les cas o\u00f9 l\u2019\u00e9mission de telles factures est obligatoire, comme en Gr\u00e8ce, nous nous assurons de les g\u00e9n\u00e9rer en utilisant soit les informations fournies par le client, soit la fonctionnalit\u00e9 de client anonyme si aucune information n&rsquo;est disponible (cela s&rsquo;applique \u00e9galement aux sessions ad hoc).<\/li>\n<\/ul>\n\n\n\n<ul class=\"is-style-list-nds wp-block-list\">\n<li>Collectez les informations de facturation n\u00e9cessaires aupr\u00e8s des clients et acc\u00e9dez \u00e0 ces donn\u00e9es via API pour un traitement ult\u00e9rieur et une int\u00e9gration fluide avec d&rsquo;autres syst\u00e8mes.<\/li>\n<\/ul>\n\n\n\n<h4 class=\"wp-block-heading\">Planning d\u2019\u00e9mission<\/h4>\n\n\n\n<p>Choisissez d&rsquo;envoyer les factures apr\u00e8s chaque transaction ou chaque mois, ou de collecter les informations de facturation sans \u00e9mettre de facture pour une int\u00e9gration avec un syst\u00e8me externe. Vous pouvez d\u00e9cider d&rsquo;activer l&rsquo;envoi automatique par e-mail, permettant aux utilisateurs de recevoir la facture en pi\u00e8ce jointe au format PDF lorsqu&rsquo;une case est coch\u00e9e. Il est important de noter que les factures des abonnements postpay\u00e9s sont \u00e9mises ind\u00e9pendamment de cette section et suivent le cycle de renouvellement de l\u2019abonnement.<\/p>\n\n\n<style>.wp-block-kadence-spacer.kt-block-spacer-43306_b1e891-e3 .kt-block-spacer{height:25px;}.wp-block-kadence-spacer.kt-block-spacer-43306_b1e891-e3 .kt-divider{border-top-width:1px;height:1px;border-top-color:#eee;width:80%;border-top-style:solid;}<\/style>\n<div class=\"wp-block-kadence-spacer aligncenter kt-block-spacer-43306_b1e891-e3\"><div class=\"kt-block-spacer kt-block-spacer-halign-center\"><\/div><\/div>\n\n\n\n<figure class=\"wp-block-image size-large\"><img loading=\"lazy\" decoding=\"async\" width=\"1024\" height=\"538\" src=\"https:\/\/www.ampeco.com\/content\/uploads\/2023\/07\/Invoice_Issuance-1-1024x538.png\" alt=\"Image d\u2019\u00e9mission de factures avec deux types de facturation\" class=\"wp-image-23620\" title=\"\" srcset=\"https:\/\/www.ampeco.com\/content\/uploads\/2023\/07\/Invoice_Issuance-1-1024x538.png 1024w, https:\/\/www.ampeco.com\/content\/uploads\/2023\/07\/Invoice_Issuance-1-300x158.png 300w, https:\/\/www.ampeco.com\/content\/uploads\/2023\/07\/Invoice_Issuance-1-768x403.png 768w, https:\/\/www.ampeco.com\/content\/uploads\/2023\/07\/Invoice_Issuance-1-96x50.png 96w, https:\/\/www.ampeco.com\/content\/uploads\/2023\/07\/Invoice_Issuance-1-330x173.png 330w, https:\/\/www.ampeco.com\/content\/uploads\/2023\/07\/Invoice_Issuance-1-660x347.png 660w, https:\/\/www.ampeco.com\/content\/uploads\/2023\/07\/Invoice_Issuance-1-512x269.png 512w, https:\/\/www.ampeco.com\/content\/uploads\/2023\/07\/Invoice_Issuance-1-600x315.png 600w, https:\/\/www.ampeco.com\/content\/uploads\/2023\/07\/Invoice_Issuance-1-840x441.png 840w, https:\/\/www.ampeco.com\/content\/uploads\/2023\/07\/Invoice_Issuance-1.png 1200w\" sizes=\"auto, (max-width: 1024px) 100vw, 1024px\" \/><\/figure>\n\n\n<style>.wp-block-kadence-spacer.kt-block-spacer-43306_35a322-73 .kt-block-spacer{height:25px;}.wp-block-kadence-spacer.kt-block-spacer-43306_35a322-73 .kt-divider{border-top-width:1px;height:1px;border-top-color:#eee;width:80%;border-top-style:solid;}<\/style>\n<div class=\"wp-block-kadence-spacer aligncenter kt-block-spacer-43306_35a322-73\"><div class=\"kt-block-spacer kt-block-spacer-halign-center\"><\/div><\/div>\n\n\n\n<h4 class=\"wp-block-heading\">Contenu<\/h4>\n\n\n\n<p>Vous disposez des options suivantes pour personnaliser l\u2019affichage des informations sur vos factures :<\/p>\n\n\n\n<ul class=\"is-style-list-nds wp-block-list\">\n<li><strong>Case \u00e0 cocher pour afficher le pays de livraison :<\/strong> Le pays du locataire est affich\u00e9 sous la p\u00e9riode de facturation dans l\u2019en-t\u00eate de la facture.<\/li>\n\n\n\n<li><strong>Case \u00e0 cocher pour afficher l\u2019\u00e9nergie :<\/strong> Lorsqu\u2019elle est activ\u00e9e, l\u2019\u00e9nergie totale des sessions incluses dans la facture est affich\u00e9e au-dessus du tableau des services. Dans la vue d\u00e9taill\u00e9e des services, l\u2019\u00e9nergie de chaque session est \u00e9galement affich\u00e9e.<\/li>\n\n\n\n<li><strong>Case \u00e0 cocher pour afficher la dur\u00e9e :<\/strong> Lorsqu\u2019elle est activ\u00e9e, la dur\u00e9e totale des sessions incluses dans la facture est affich\u00e9e au-dessus du tableau des services. Dans la vue d\u00e9taill\u00e9e des services, la dur\u00e9e de chaque session est \u00e9galement affich\u00e9e.<\/li>\n\n\n\n<li><strong>Tableau des services (affich\u00e9 uniquement pour les factures mensuelles) :<\/strong> Celui-ci comprend un menu d\u00e9roulant avec deux options :\n<ul class=\"wp-block-list\">\n<li><strong>Service unique :<\/strong> Lorsqu&rsquo;elle est s\u00e9lectionn\u00e9e, cette option regroupe tous les services de la p\u00e9riode sur une seule ligne sous l\u2019intitul\u00e9 \u00ab\u00a0Service de recharge de v\u00e9hicules \u00e9lectriques\u00a0\u00bb.<\/li>\n\n\n\n<li><strong>D\u00e9taill\u00e9 : <\/strong>Lorsqu&rsquo;elle est s\u00e9lectionn\u00e9e, cette option affiche des lignes distinctes pour chaque service de la p\u00e9riode. L&rsquo;activation de la case \u00e0 cocher \u00ab\u00a0Inclure la r\u00e9partition des services\u00a0\u00bb g\u00e9n\u00e8re une page distincte d\u00e9taillant les composants de chaque service. Le tableau de r\u00e9partition comprend des colonnes pour la date, les services, l\u2019unit\u00e9 (mois, minute, kWh, forfait), le prix unitaire, la quantit\u00e9 et le sous-total (TVA incluse).<\/li>\n<\/ul>\n<\/li>\n\n\n\n<li><strong>Intitul\u00e9 des services :<\/strong> Sp\u00e9cifiez le nom du service \u00e0 inclure dans les factures. Si ce champ est laiss\u00e9 vide, l\u2019intitul\u00e9 par d\u00e9faut \u00ab\u00a0Services de recharge de v\u00e9hicules \u00e9lectriques\u00a0\u00bb sera utilis\u00e9.<\/li>\n\n\n\n<li><strong>Avis de facture :<\/strong> Cet avis appara\u00eet sur chaque facture, vous permettant d&rsquo;inclure une notification g\u00e9n\u00e9rale ou une explication que vous souhaitez communiquer \u00e0 vos clients.<\/li>\n\n\n\n<li><strong>D\u00e9tails de la facture :<\/strong> D\u00e9finissez les champs obligatoires et optionnels pour les informations de facturation des particuliers ou des entreprises, afin de garantir la collecte de donn\u00e9es pr\u00e9cises et compl\u00e8tes.<\/li>\n<\/ul>\n\n\n\n<h3 class=\"wp-block-heading\">Facturation sp\u00e9cifique \u00e0 l\u2019utilisateur<\/h3>\n\n\n\n<p>Pour configurer la facturation pour un utilisateur, s\u00e9lectionnez son profil, cochez la case \u00ab\u00a0Exiger une facture\u00a0\u00bb et renseignez les informations n\u00e9cessaires, telles que le nom, l\u2019identifiant de l\u2019entreprise et l\u2019adresse, dans des champs distincts afin d\u2019assurer une diff\u00e9renciation pr\u00e9cise entre les particuliers et les entreprises.<\/p>\n\n\n\n<h3 class=\"wp-block-heading\">Onglet Factures dans l&rsquo;Admin<\/h3>\n\n\n\n<p>Acc\u00e9dez \u00e0 un tableau complet affichant toutes les factures g\u00e9n\u00e9r\u00e9es, filtrable par date. Consultez les d\u00e9tails des factures, y compris les informations client, le statut du paiement, les services et la consommation totale d\u2019\u00e9nergie, et exportez les factures pour une analyse plus approfondie ou une importation dans d&rsquo;autres syst\u00e8mes. Lorsque vous devez consulter les d\u00e9tails d\u2019une facture sp\u00e9cifique, vous pouvez acc\u00e9der aux informations du client et des services, et t\u00e9l\u00e9charger facilement la facture au format PDF.<\/p>\n\n\n\n<h3 class=\"wp-block-heading\">Collectez les e-mails et envoyez des re\u00e7us ou des factures pour les sessions de recharge ad hoc.<\/h3>\n\n\n\n<p>Activez la collecte des e-mails des utilisateurs lors des sessions de recharge ad hoc via l&rsquo;application ou le portail web. Les re\u00e7us et factures sont ensuite envoy\u00e9s aux adresses e-mail fournies, am\u00e9liorant ainsi l&rsquo;exp\u00e9rience utilisateur et fournissant une trace de la transaction. Le syst\u00e8me supprime automatiquement l&rsquo;e-mail apr\u00e8s 30 jours afin de se conformer au RGPD.<\/p>\n\n\n\n<h2 class=\"wp-block-heading\">Les avantages des fonctionnalit\u00e9s de facturation int\u00e9gr\u00e9es d&rsquo;AMPECO pour les CPO<\/h2>\n\n\n\n<p>En adoptant notre solution de facturation flexible, valid\u00e9e par de nombreux clients sur divers march\u00e9s, vous pouvez b\u00e9n\u00e9ficier des avantages suivants :<\/p>\n\n\n\n<ul class=\"is-style-list-nds wp-block-list\">\n<li><strong>Gestion centralis\u00e9e :<\/strong> Gardez le contr\u00f4le en g\u00e9rant toute la facturation depuis une plateforme unique et centralis\u00e9e.<\/li>\n\n\n\n<li><strong>\u00c9conomies de co\u00fbts et de temps : <\/strong>R\u00e9duisez vos d\u00e9penses et lancez vos op\u00e9rations rapidement gr\u00e2ce \u00e0 notre solution de facturation pr\u00eate \u00e0 l\u2019emploi, \u00e9liminant le besoin de logiciels distincts ou d\u2019int\u00e9grations personnalis\u00e9es.<\/li>\n\n\n\n<li><strong>Int\u00e9gration fluide :<\/strong> Exportez facilement les donn\u00e9es et fichiers de facturation ou utilisez des API pour les int\u00e9grer \u00e0 d&rsquo;autres syst\u00e8mes.<\/li>\n\n\n\n<li><strong>Efficacit\u00e9 automatis\u00e9e :<\/strong> Diminuez le travail manuel et r\u00e9duisez les erreurs gr\u00e2ce \u00e0 l\u2019automatisation de l\u2019\u00e9mission et du suivi des factures.<\/li>\n\n\n\n<li><strong>Confiance accrue des clients :<\/strong> Renforcez la transparence et la satisfaction en fournissant des r\u00e9capitulatifs d\u00e9taill\u00e9s de chaque session de recharge.<\/li>\n<\/ul>\n\n\n\n<h2 class=\"wp-block-heading\">Les avantages pour les conducteurs de v\u00e9hicules \u00e9lectriques<\/h2>\n\n\n\n<p>Le syst\u00e8me de facturation int\u00e9gr\u00e9 d&rsquo;AMPECO garantit aux conducteurs de v\u00e9hicules \u00e9lectriques une exp\u00e9rience fluide et transparente, en leur fournissant des informations pr\u00e9cises et ponctuelles sur leurs d\u00e9penses de recharge. Gr\u00e2ce \u00e0 ce syst\u00e8me, ils peuvent :<\/p>\n\n\n\n<ul class=\"is-style-list-nds wp-block-list\">\n<li>Recevoir des factures rapidement apr\u00e8s chaque session de recharge ou \u00e0 la fin du mois, garantissant un processus de facturation clair et efficace.<br><\/li>\n\n\n\n<li>Acc\u00e9der \u00e0 des factures mensuelles d\u00e9taill\u00e9es comprenant une r\u00e9partition de tous les services, offrant ainsi une meilleure compr\u00e9hension et transparence des co\u00fbts de recharge.<br><\/li>\n\n\n\n<li>Recevoir une facture m\u00eame en tant qu&rsquo;utilisateur non enregistr\u00e9 et payer les sessions de recharge ad hoc en fournissant simplement une adresse e-mail.<br><\/li>\n\n\n\n<li>B\u00e9n\u00e9ficier d\u2019un d\u00e9lai de gr\u00e2ce fixe pour payer les factures mensuelles, offrant ainsi flexibilit\u00e9 et facilit\u00e9 de paiement pour les abonnements postpay\u00e9s.<\/li>\n<\/ul>\n\n\n\n<h2 class=\"wp-block-heading\">Une facturation simplifi\u00e9e permettant aux CPO de se concentrer sur l&rsquo;essentiel<\/h2>\n\n\n\n<p>Gr\u00e2ce \u00e0 la solution de facturation int\u00e9gr\u00e9e d\u2019AMPECO, votre entreprise de recharge de v\u00e9hicules \u00e9lectriques b\u00e9n\u00e9ficie d\u2019un atout majeur sur lequel de nombreuses grandes entreprises du secteur s\u2019appuient d\u00e9j\u00e0. Nos fonctionnalit\u00e9s de facturation compl\u00e8tes garantissent une facturation transparente et d\u00e9taill\u00e9e, conforme aux exigences comptables et aux attentes des clients. En simplifiant le processus de facturation, AMPECO vous fait gagner du temps, de l\u2019argent et vous \u00e9vite des complications, vous permettant ainsi de vous concentrer sur vos priorit\u00e9s essentielles, telles que le d\u00e9veloppement de votre activit\u00e9 et la fourniture de services de recharge exceptionnels.<\/p>\n\n\n\n<div style=\"border-radius:var(--spacing-4xl, 32px);overflow:hidden;\" class=\"wp-block-group is-style-tilted-green-bg is-layout-constrained wp-block-group-is-layout-constrained\">\n<p class=\"has-text-align-center\">Faites l\u2019exp\u00e9rience d\u2019une solution compl\u00e8te et personnalisable qui vous permet de garder le contr\u00f4le sur votre processus de facturation.<\/p>\n\n\n\n<div class=\"wp-block-buttons is-horizontal is-content-justification-center is-layout-flex wp-container-core-buttons-is-layout-03627597 wp-block-buttons-is-layout-flex\">\n<div class=\"wp-block-button is-style-negative-nds\"><a class=\"wp-block-button__link wp-element-button\" href=\"https:\/\/www.ampeco.com\/fr\/planifier-une-conversation-avec-un-consultant-recharge\/\"><strong>R\u00e9servez une consultation<\/strong><\/a><\/div>\n<\/div>\n\n\n\n<p><\/p>\n<\/div>\n","protected":false},"excerpt":{"rendered":"<p>En tant qu&rsquo;op\u00e9rateur de points de charge (CPO), vous comprenez les d\u00e9fis uniques li\u00e9s \u00e0 la gestion d&rsquo;une entreprise de recharge de v\u00e9hicules \u00e9lectriques, qu&rsquo;il s&rsquo;agisse de la conformit\u00e9 r\u00e9glementaire ou de [&hellip;]<\/p>\n","protected":false},"author":24,"featured_media":23617,"comment_status":"open","ping_status":"open","sticky":false,"template":"","format":"standard","meta":{"_acf_changed":false,"inline_featured_image":false,"footnotes":""},"categories":[505],"tags":[545,539,546],"class_list":["post-43306","post","type-post","status-publish","format-standard","has-post-thumbnail","hentry","category-product-highlights-fr","tag-billing-fr","tag-ev-charging-software-fr","tag-invoicing-fr"],"acf":[],"_links":{"self":[{"href":"https:\/\/www.ampeco.com\/fr\/wp-json\/wp\/v2\/posts\/43306","targetHints":{"allow":["GET"]}}],"collection":[{"href":"https:\/\/www.ampeco.com\/fr\/wp-json\/wp\/v2\/posts"}],"about":[{"href":"https:\/\/www.ampeco.com\/fr\/wp-json\/wp\/v2\/types\/post"}],"author":[{"embeddable":true,"href":"https:\/\/www.ampeco.com\/fr\/wp-json\/wp\/v2\/users\/24"}],"replies":[{"embeddable":true,"href":"https:\/\/www.ampeco.com\/fr\/wp-json\/wp\/v2\/comments?post=43306"}],"version-history":[{"count":2,"href":"https:\/\/www.ampeco.com\/fr\/wp-json\/wp\/v2\/posts\/43306\/revisions"}],"predecessor-version":[{"id":43309,"href":"https:\/\/www.ampeco.com\/fr\/wp-json\/wp\/v2\/posts\/43306\/revisions\/43309"}],"wp:featuredmedia":[{"embeddable":true,"href":"https:\/\/www.ampeco.com\/fr\/wp-json\/wp\/v2\/media\/23617"}],"wp:attachment":[{"href":"https:\/\/www.ampeco.com\/fr\/wp-json\/wp\/v2\/media?parent=43306"}],"wp:term":[{"taxonomy":"category","embeddable":true,"href":"https:\/\/www.ampeco.com\/fr\/wp-json\/wp\/v2\/categories?post=43306"},{"taxonomy":"post_tag","embeddable":true,"href":"https:\/\/www.ampeco.com\/fr\/wp-json\/wp\/v2\/tags?post=43306"}],"curies":[{"name":"wp","href":"https:\/\/api.w.org\/{rel}","templated":true}]}}