{"id":43252,"date":"2024-03-26T15:28:10","date_gmt":"2024-03-26T15:28:10","guid":{"rendered":"https:\/\/www.ampeco.com\/blog\/electricity-meter-enhanced-load-management\/"},"modified":"2025-03-17T15:43:23","modified_gmt":"2025-03-17T15:43:23","slug":"electricity-meter-enhanced-load-management","status":"publish","type":"post","link":"https:\/\/www.ampeco.com\/fr\/blog\/electricity-meter-enhanced-load-management\/","title":{"rendered":"Comment les fournisseurs de recharge pour v\u00e9hicules \u00e9lectriques peuvent tirer parti des compteurs \u00e9lectriques pour am\u00e9liorer la gestion de la charge dans les sites critiques"},"content":{"rendered":"\n<p>Dans la recharge des v\u00e9hicules \u00e9lectriques, chaque kilowattheure consomm\u00e9 et chaque d\u00e9cision de recharge influencent la stabilit\u00e9 du r\u00e9seau et l\u2019efficacit\u00e9 op\u00e9rationnelle. Le compteur \u00e9lectrique est au c\u0153ur de cette interaction, un dispositif en apparence simple qui joue pourtant un r\u00f4le fondamental dans la gestion de l\u2019\u00e9nergie.<\/p>\n\n\n\n<p>Qu\u2019il s\u2019agisse des compteurs monophas\u00e9s couramment utilis\u00e9s dans les environnements r\u00e9sidentiels ou des unit\u00e9s triphas\u00e9es plus puissantes adapt\u00e9es aux cas d\u2019usage de recharge de v\u00e9hicules \u00e9lectriques en entreprise et en milieu commercial, ces compteurs \u00e9lectriques ne se contentent pas de mesurer la consommation d\u2019\u00e9nergie. Ils sont essentiels pour une recharge plus efficace, \u00e9conomique et durable.<\/p>\n\n\n\n<h2 class=\"wp-block-heading\">Optimiser la recharge des v\u00e9hicules \u00e9lectriques gr\u00e2ce aux compteurs \u00e9lectriques intelligents<\/h2>\n\n\n\n<p>Les compteurs \u00e9lectriques intelligents sont des dispositifs de mesure avanc\u00e9s qui fournissent des donn\u00e9es d\u00e9taill\u00e9es et en temps r\u00e9el sur la consommation d\u2019\u00e9lectricit\u00e9, tout en permettant une communication bidirectionnelle entre le compteur et le syst\u00e8me de gestion de l\u2019\u00e9nergie. Ces appareils peuvent transmettre des informations sans fil ou via des connexions filaires fixes, comme la communication par courants porteurs en ligne (PLC).<\/p>\n\n\n\n<p>La communication bidirectionnelle facilit\u00e9e par les compteurs intelligents peut transformer les op\u00e9rations des CPO en leur offrant un suivi pr\u00e9cis et en temps r\u00e9el de l\u2019\u00e9nergie, leur permettant ainsi d\u2019optimiser les sessions de recharge pour am\u00e9liorer la stabilit\u00e9 du r\u00e9seau. Elle peut \u00e9galement enrichir l\u2019exp\u00e9rience utilisateur gr\u00e2ce \u00e0 une tarification dynamique et une gestion efficace de la charge, tout en favorisant l\u2019int\u00e9gration des \u00e9nergies renouvelables et en r\u00e9duisant l\u2019empreinte environnementale de l\u2019infrastructure de recharge pour v\u00e9hicules \u00e9lectriques.<\/p>\n\n\n\n<h2 class=\"wp-block-heading\">Gestion dynamique de la charge optimis\u00e9e par les compteurs \u00e9lectriques<\/h2>\n\n\n\n<p>La gestion dynamique de la charge bas\u00e9e sur le cloud, optimis\u00e9e par les donn\u00e9es des compteurs \u00e9lectriques, permet aux CPO de surveiller non seulement la charge de leurs bornes de recharge, mais aussi les autres charges du circuit, offrant ainsi une approche plus int\u00e9gr\u00e9e de la gestion de la demande \u00e9nerg\u00e9tique.<\/p>\n\n\n\n<p>Les compteurs \u00e9lectriques fournissent des donn\u00e9es d\u00e9taill\u00e9es sur le courant total du circuit, permettant ainsi de partager ces informations avec la plateforme de gestion des points de charge (CPMS). Gr\u00e2ce \u00e0 ces donn\u00e9es, le CPMS peut d\u00e9ployer des algorithmes avanc\u00e9s de gestion de la charge afin d\u2019optimiser l\u2019allocation de puissance \u00e0 l\u2019infrastructure de recharge, en tenant compte du courant nominal du disjoncteur principal.<\/p>\n\n\n\n<p>Le r\u00e9sultat est un syst\u00e8me de gestion dynamique et en temps r\u00e9el de la charge. Gr\u00e2ce aux capacit\u00e9s de communication \u00e0 haute fr\u00e9quence des compteurs \u00e9lectriques, le CPMS peut recevoir des donn\u00e9es actualis\u00e9es sur la consommation d\u2019\u00e9nergie de l\u2019ensemble du circuit. En disposant d\u2019une vision pr\u00e9cise de la charge totale du circuit et des besoins sp\u00e9cifiques des bornes de recharge, le syst\u00e8me peut ajuster intelligemment la r\u00e9partition de la puissance, am\u00e9liorant ainsi l\u2019efficacit\u00e9 et la fiabilit\u00e9 des op\u00e9rations des CPO.<\/p>\n\n\n<style>.wp-block-kadence-spacer.kt-block-spacer-43252_36f50c-8a .kt-block-spacer{height:20px;}.wp-block-kadence-spacer.kt-block-spacer-43252_36f50c-8a .kt-divider{border-top-width:1px;height:1px;border-top-color:#eee;width:80%;border-top-style:solid;}<\/style>\n<div class=\"wp-block-kadence-spacer aligncenter kt-block-spacer-43252_36f50c-8a\"><div class=\"kt-block-spacer kt-block-spacer-halign-center\"><\/div><\/div>\n\n\n\n<figure class=\"wp-block-image aligncenter size-large\"><img loading=\"lazy\" decoding=\"async\" width=\"919\" height=\"1024\" src=\"https:\/\/www.ampeco.com\/content\/uploads\/2024\/03\/ampeco-graph-electricity-meter-enhanced-dynamic-load-management-919x1024.png\" alt=\"Graphique AMPECO \u2013 Gestion dynamique de la charge optimis\u00e9e par les compteurs \u00e9lectriques\" class=\"wp-image-33281\" title=\"\" srcset=\"https:\/\/www.ampeco.com\/content\/uploads\/2024\/03\/ampeco-graph-electricity-meter-enhanced-dynamic-load-management-919x1024.png 919w, https:\/\/www.ampeco.com\/content\/uploads\/2024\/03\/ampeco-graph-electricity-meter-enhanced-dynamic-load-management-269x300.png 269w, https:\/\/www.ampeco.com\/content\/uploads\/2024\/03\/ampeco-graph-electricity-meter-enhanced-dynamic-load-management-768x856.png 768w, https:\/\/www.ampeco.com\/content\/uploads\/2024\/03\/ampeco-graph-electricity-meter-enhanced-dynamic-load-management-1378x1536.png 1378w, https:\/\/www.ampeco.com\/content\/uploads\/2024\/03\/ampeco-graph-electricity-meter-enhanced-dynamic-load-management-96x107.png 96w, https:\/\/www.ampeco.com\/content\/uploads\/2024\/03\/ampeco-graph-electricity-meter-enhanced-dynamic-load-management-330x368.png 330w, https:\/\/www.ampeco.com\/content\/uploads\/2024\/03\/ampeco-graph-electricity-meter-enhanced-dynamic-load-management-660x736.png 660w, https:\/\/www.ampeco.com\/content\/uploads\/2024\/03\/ampeco-graph-electricity-meter-enhanced-dynamic-load-management-512x571.png 512w, https:\/\/www.ampeco.com\/content\/uploads\/2024\/03\/ampeco-graph-electricity-meter-enhanced-dynamic-load-management-1024x1141.png 1024w, https:\/\/www.ampeco.com\/content\/uploads\/2024\/03\/ampeco-graph-electricity-meter-enhanced-dynamic-load-management-600x669.png 600w, https:\/\/www.ampeco.com\/content\/uploads\/2024\/03\/ampeco-graph-electricity-meter-enhanced-dynamic-load-management-1200x1337.png 1200w, https:\/\/www.ampeco.com\/content\/uploads\/2024\/03\/ampeco-graph-electricity-meter-enhanced-dynamic-load-management-840x936.png 840w, https:\/\/www.ampeco.com\/content\/uploads\/2024\/03\/ampeco-graph-electricity-meter-enhanced-dynamic-load-management-1680x1872.png 1680w, https:\/\/www.ampeco.com\/content\/uploads\/2024\/03\/ampeco-graph-electricity-meter-enhanced-dynamic-load-management.png 1800w\" sizes=\"auto, (max-width: 919px) 100vw, 919px\" \/><\/figure>\n\n\n<style>.wp-block-kadence-spacer.kt-block-spacer-43252_896584-0a .kt-block-spacer{height:20px;}.wp-block-kadence-spacer.kt-block-spacer-43252_896584-0a .kt-divider{border-top-width:1px;height:1px;border-top-color:#eee;width:80%;border-top-style:solid;}<\/style>\n<div class=\"wp-block-kadence-spacer aligncenter kt-block-spacer-43252_896584-0a\"><div class=\"kt-block-spacer kt-block-spacer-halign-center\"><\/div><\/div>\n\n\n\n<h2 class=\"wp-block-heading\">Int\u00e9gration d\u2019AMPECO avec les compteurs \u00e9lectriques<\/h2>\n\n\n\n<p>La plateforme de gestion de la recharge des v\u00e9hicules \u00e9lectriques d\u2019AMPECO permet aux CPO d\u2019ajouter et de g\u00e9rer des compteurs \u00e9lectriques directement depuis l\u2019interface back-office. Les op\u00e9rateurs de r\u00e9seau peuvent suivre en temps r\u00e9el les relev\u00e9s des compteurs pour chaque appareil, en capturant des informations essentielles telles que l\u2019ID, l\u2019horodatage des relev\u00e9s, le courant sur les diff\u00e9rentes phases et m\u00eame la temp\u00e9rature du dispositif.<\/p>\n\n\n\n<p>Cette collecte de donn\u00e9es d\u00e9taill\u00e9es permet aux op\u00e9rateurs d\u2019identifier des tendances et d\u2019optimiser efficacement l\u2019utilisation de l\u2019\u00e9nergie. De plus, AMPECO facilite l\u2019exportation des donn\u00e9es de comptage, offrant ainsi la possibilit\u00e9 d\u2019une analyse approfondie et d\u2019une planification strat\u00e9gique.<\/p>\n\n\n\n<p>Notre plateforme prend en charge une gamme de compteurs \u00e9lectriques adapt\u00e9s \u00e0 divers march\u00e9s et cas d\u2019usage de recharge, tels que Phoenix, Enegic, Eastron Wattch et Shelly. Nous \u00e9largirons cette liste en fonction des retours clients afin d\u2019\u00e9voluer en phase avec les besoins de l\u2019industrie.<\/p>\n\n\n\n<p>Le processus d\u2019installation de certains compteurs, comme ceux <a href=\"https:\/\/en.enegic.com\/products\/enegic-monitor-en\" data-type=\"link\" data-id=\"https:\/\/en.enegic.com\/products\/enegic-monitor-en\" rel=\"nofollow noopener\" target=\"_blank\">d\u2019Enegic<\/a> ou <a href=\"https:\/\/www.shelly.com\/en\/products\/shop\/shelly-pro-3em-120a\/shelly-pro-3-em-400-a\" data-type=\"link\" data-id=\"https:\/\/www.shelly.com\/en\/products\/shop\/shelly-pro-3em-120a\/shelly-pro-3-em-400-a\" rel=\"nofollow noopener\" target=\"_blank\">de Shelly<\/a>, est con\u00e7u pour \u00eatre non intrusif, ne n\u00e9cessitant ni coupure d\u2019alimentation ni modification des installations existantes, ce qui simplifie consid\u00e9rablement l\u2019int\u00e9gration.<\/p>\n\n\n\n<p>L\u2019int\u00e9gration des donn\u00e9es des compteurs \u00e9lectriques dans la <a href=\"https:\/\/www.ampeco.com\/fr\/gestion-dynamique-de-la-charge\/\" data-type=\"link\" data-id=\"https:\/\/www.ampeco.com\/fr\/gestion-dynamique-de-la-charge\/\">gestion dynamique de la charge (DLM) d\u2019AMPECO<\/a> permet au syst\u00e8me de d\u00e9terminer le courant consomm\u00e9 par les charges non g\u00e9r\u00e9es sur un circuit, garantissant ainsi une allocation optimis\u00e9e de la puissance pour les points de charge sans risque de surcharge. Gr\u00e2ce \u00e0 la transmission des donn\u00e9es \u00e0 haute fr\u00e9quence par les compteurs \u00e9lectriques, la plateforme CPMS peut r\u00e9agir rapidement en analysant la charge totale du circuit en quasi-temps r\u00e9el. Apr\u00e8s avoir diff\u00e9renci\u00e9 la consommation des bornes de recharge et des autres sources, la r\u00e9partition de la puissance peut \u00eatre ajust\u00e9e avec une marge de s\u00e9curit\u00e9 int\u00e9gr\u00e9e pour compenser d\u2019\u00e9ventuelles fluctuations ou incertitudes.<\/p>\n\n\n\n<p>Dans les cas o\u00f9 le compteur \u00e9lectrique d\u00e9tecte une charge non g\u00e9r\u00e9e, la plateforme d\u2019AMPECO recalibre dynamiquement les param\u00e8tres de la gestion dynamique de la charge (DLM) pour les bornes de recharge afin d\u2019\u00e9viter toute surcharge du circuit. Cet ajustement proactif est essentiel pour assurer la continuit\u00e9 des op\u00e9rations et la s\u00e9curit\u00e9. Si l\u2019intensit\u00e9 maximale est d\u00e9pass\u00e9e sur une phase du circuit, nous recalculons imm\u00e9diatement et appliquons de nouvelles limites de recharge.<\/p>\n\n\n\n<p>De plus, si un compteur devient hors ligne, nous avons mis en place des protocoles permettant de r\u00e9server un courant par d\u00e9faut pour les charges non g\u00e9r\u00e9es, garantissant ainsi l\u2019\u00e9quilibre et le bon fonctionnement du syst\u00e8me, tout en restant limit\u00e9 \u00e0 la marge de s\u00e9curit\u00e9 requise.<\/p>\n\n\n\n<h2 class=\"wp-block-heading\">Types d\u2019int\u00e9grations de compteurs \u00e9lectriques disponibles avec AMPECO<\/h2>\n\n\n\n<p>AMPECO propose des options d\u2019int\u00e9gration polyvalentes pour les compteurs \u00e9lectriques, prenant en charge diverses m\u00e9thodes de communication afin de fluidifier le transfert des donn\u00e9es et d\u2019am\u00e9liorer l\u2019efficacit\u00e9 du syst\u00e8me.<\/p>\n\n\n\n<ul class=\"is-style-list-nds wp-block-list\">\n<li><strong>Compteurs avec int\u00e9gration cloud :<\/strong> Ces compteurs fonctionnent selon un mod\u00e8le de requ\u00eate-r\u00e9ponse. AMPECO demande les donn\u00e9es, et le syst\u00e8me de gestion bas\u00e9 sur le cloud du compteur fournit les informations n\u00e9cessaires.<\/li>\n\n\n\n<li><strong>Communication directe avec le compteur :<\/strong> AMPECO peut directement demander et recevoir des donn\u00e9es des compteurs sans connectivit\u00e9 cloud, garantissant un flux d\u2019informations fluide m\u00eame en l\u2019absence de support cloud.<\/li>\n\n\n\n<li><strong>Compteurs avec transfert de donn\u00e9es via OCPP : <\/strong>Certains compteurs envoient leurs donn\u00e9es sous forme de messages de transfert de donn\u00e9es conformes au protocole Open Charge Point Protocol (OCPP), permettant ainsi une communication standardis\u00e9e.<\/li>\n\n\n\n<li><strong>Int\u00e9gration via l\u2019API d\u2019AMPECO :<\/strong> Les compteurs intelligents peuvent transmettre leurs donn\u00e9es directement \u00e0 AMPECO via son API, simplifiant ainsi l\u2019acquisition des donn\u00e9es en temps r\u00e9el et \u00e9vitant la n\u00e9cessit\u00e9 d\u2019int\u00e9grations complexes avec diff\u00e9rentes marques de compteurs.<\/li>\n<\/ul>\n\n\n\n<h2 class=\"wp-block-heading\">Les avantages pour les op\u00e9rateurs de points de charge<\/h2>\n\n\n\n<p>Pour les CPO, le principal avantage de la gestion de la charge bas\u00e9e sur des donn\u00e9es en temps r\u00e9el est d\u2019assurer une r\u00e9partition \u00e9quilibr\u00e9e de l\u2019\u00e9nergie et d\u2019optimiser l\u2019efficacit\u00e9 globale du r\u00e9seau de recharge. Les solutions avanc\u00e9es de gestion dynamique de la charge (DLM) permettent aux CPO de proposer des solutions plus performantes sur des sites critiques et aupr\u00e8s d\u2019h\u00f4tes de sites strat\u00e9giques, que ce soit pour la recharge publique ou \u00e0 domicile.<\/p>\n\n\n\n<h2 class=\"wp-block-heading\">Les avantages pour les conducteurs de v\u00e9hicules \u00e9lectriques<\/h2>\n\n\n\n<p>Les compteurs \u00e9lectriques offrent aux conducteurs de v\u00e9hicules \u00e9lectriques une visibilit\u00e9 d\u00e9taill\u00e9e sur leur consommation d\u2019\u00e9nergie et leurs co\u00fbts, leur permettant ainsi de prendre des d\u00e9cisions \u00e9clair\u00e9es, de r\u00e9duire leur consommation \u00e9nerg\u00e9tique et de diminuer leurs d\u00e9penses globales. Ils facilitent \u00e9galement une facturation plus pr\u00e9cise et ponctuelle de la part des fournisseurs d\u2019\u00e9nergie, garantissant que les clients paient exactement pour l\u2019\u00e9lectricit\u00e9 consomm\u00e9e.<\/p>\n\n\n\n<p>La tarification selon les p\u00e9riodes d&rsquo;utilisation, rendue possible par les compteurs \u00e9lectriques, incite les conducteurs de v\u00e9hicules \u00e9lectriques \u00e0 recharger leur voiture pendant les heures creuses, optimisant ainsi l\u2019utilisation de l\u2019\u00e9nergie, contribuant \u00e0 la stabilit\u00e9 du r\u00e9seau et r\u00e9duisant potentiellement les co\u00fbts de recharge.<\/p>\n\n\n\n<h2 class=\"wp-block-heading\">D\u00e9couvrez les solutions avanc\u00e9es de gestion dynamique de la charge (DLM) et de comptage \u00e9lectrique d\u2019AMPECO<\/h2>\n\n\n\n<p>Le module de gestion dynamique de la charge (DLM) d\u2019AMPECO exploite les compteurs \u00e9lectriques pour mesurer le courant total du circuit et le transmettre \u00e0 la plateforme, afin qu\u2019il soit pris en compte lors de l\u2019optimisation de la charge des bornes de recharge. Cela garantit une r\u00e9partition efficace de l\u2019\u00e9nergie et am\u00e9liore la performance du r\u00e9seau.<\/p>\n\n\n\n<p>L\u2019int\u00e9gration des fonctionnalit\u00e9s de gestion dynamique de la charge (DLM) avec le comptage \u00e9lectrique constitue une am\u00e9lioration strat\u00e9gique visant \u00e0 aider les CPO \u00e0 s\u00e9curiser de nouveaux sites et \u00e0 \u00e9tendre leurs r\u00e9seaux existants. Cette synergie entre le comptage intelligent et la technologie de recharge des v\u00e9hicules \u00e9lectriques permet aux op\u00e9rateurs d\u2019offrir une exp\u00e9rience de recharge optimis\u00e9e, d\u2019am\u00e9liorer l\u2019int\u00e9gration au r\u00e9seau et d\u2019acc\u00e9der \u00e0 des informations pr\u00e9cieuses bas\u00e9es sur les donn\u00e9es pour un d\u00e9veloppement \u00e9clair\u00e9 de l\u2019infrastructure.<\/p>\n\n\n\n<div style=\"border-radius:var(--spacing-4xl, 32px);overflow:hidden;\" class=\"wp-block-group is-style-tilted-green-bg is-layout-constrained wp-block-group-is-layout-constrained\">\n<p class=\"has-text-align-left\">D\u00e9couvrez comment nos solutions de recharge pour v\u00e9hicules \u00e9lectriques peuvent optimiser vos op\u00e9rations, favoriser votre croissance et accompagner la transition vers un avenir plus durable et \u00e9lectrifi\u00e9.<\/p>\n\n\n\n<div class=\"wp-block-buttons is-horizontal is-content-justification-left is-layout-flex wp-container-core-buttons-is-layout-20be11b6 wp-block-buttons-is-layout-flex\">\n<div class=\"wp-block-button is-style-fill\"><a class=\"wp-block-button__link has-bluenew-color has-lightbluebg-background-color has-text-color has-background wp-element-button\" href=\"https:\/\/www.ampeco.com\/fr\/demo\/\">R\u00e9server une d\u00e9monstration<\/a><\/div>\n\n\n<\/div>\n<\/div>\n","protected":false},"excerpt":{"rendered":"<p>Dans la recharge des v\u00e9hicules \u00e9lectriques, chaque kilowattheure consomm\u00e9 et chaque d\u00e9cision de recharge influencent la stabilit\u00e9 du r\u00e9seau et l\u2019efficacit\u00e9 op\u00e9rationnelle. Le compteur \u00e9lectrique est au c\u0153ur de cette interaction, un [&hellip;]<\/p>\n","protected":false},"author":24,"featured_media":33287,"comment_status":"open","ping_status":"open","sticky":false,"template":"","format":"standard","meta":{"_acf_changed":false,"inline_featured_image":false,"footnotes":""},"categories":[505],"tags":[537,158],"class_list":["post-43252","post","type-post","status-publish","format-standard","has-post-thumbnail","hentry","category-product-highlights-fr","tag-energy-management-fr","tag-recharge-pour-vehicules-electriques"],"acf":[],"_links":{"self":[{"href":"https:\/\/www.ampeco.com\/fr\/wp-json\/wp\/v2\/posts\/43252","targetHints":{"allow":["GET"]}}],"collection":[{"href":"https:\/\/www.ampeco.com\/fr\/wp-json\/wp\/v2\/posts"}],"about":[{"href":"https:\/\/www.ampeco.com\/fr\/wp-json\/wp\/v2\/types\/post"}],"author":[{"embeddable":true,"href":"https:\/\/www.ampeco.com\/fr\/wp-json\/wp\/v2\/users\/24"}],"replies":[{"embeddable":true,"href":"https:\/\/www.ampeco.com\/fr\/wp-json\/wp\/v2\/comments?post=43252"}],"version-history":[{"count":4,"href":"https:\/\/www.ampeco.com\/fr\/wp-json\/wp\/v2\/posts\/43252\/revisions"}],"predecessor-version":[{"id":43258,"href":"https:\/\/www.ampeco.com\/fr\/wp-json\/wp\/v2\/posts\/43252\/revisions\/43258"}],"wp:featuredmedia":[{"embeddable":true,"href":"https:\/\/www.ampeco.com\/fr\/wp-json\/wp\/v2\/media\/33287"}],"wp:attachment":[{"href":"https:\/\/www.ampeco.com\/fr\/wp-json\/wp\/v2\/media?parent=43252"}],"wp:term":[{"taxonomy":"category","embeddable":true,"href":"https:\/\/www.ampeco.com\/fr\/wp-json\/wp\/v2\/categories?post=43252"},{"taxonomy":"post_tag","embeddable":true,"href":"https:\/\/www.ampeco.com\/fr\/wp-json\/wp\/v2\/tags?post=43252"}],"curies":[{"name":"wp","href":"https:\/\/api.w.org\/{rel}","templated":true}]}}