{"id":43025,"date":"2024-05-10T15:26:20","date_gmt":"2024-05-10T15:26:20","guid":{"rendered":"https:\/\/www.ampeco.com\/blog\/how-cpos-bundle-home-charging-with-solar-power\/"},"modified":"2025-03-11T08:50:40","modified_gmt":"2025-03-11T08:50:40","slug":"how-cpos-bundle-home-charging-with-solar-power","status":"publish","type":"post","link":"https:\/\/www.ampeco.com\/fr\/blog\/how-cpos-bundle-home-charging-with-solar-power\/","title":{"rendered":"Du soleil \u00e0 la prise : comment les CPO peuvent associer la recharge \u00e0 domicile \u00e0 l\u2019\u00e9nergie solaire avec AMPECO"},"content":{"rendered":"\n<h2 class=\"wp-block-heading\">L&rsquo;avenir ensoleill\u00e9 de la recharge des v\u00e9hicules \u00e9lectriques<\/h2>\n\n\n\n<p>Les CPO proposant la recharge \u00e0 domicile se tournent de plus en plus vers l\u2019int\u00e9gration solaire pour r\u00e9pondre aux attentes des consommateurs. Dans cet article, nous explorons les dynamiques op\u00e9rationnelles et pr\u00e9sentons la solution de recharge solaire pour VE d\u2019AMPECO, con\u00e7ue pour permettre aux CPO d\u2019enrichir leurs offres, d\u2019augmenter la valeur pour leurs clients existants et d\u2019\u00e9tablir une niche strat\u00e9gique sur le march\u00e9.<\/p>\n\n\n\n<p>L\u2019\u00e9nergie solaire suit une trajectoire ascendante, devenant la source d\u2019\u00e9lectricit\u00e9 \u00e0 la croissance la plus rapide depuis pr\u00e8s de deux d\u00e9cennies. Des pays comme l\u2019Australie, les Pays-Bas et l\u2019Allemagne ont adopt\u00e9 l\u2019\u00e9nergie solaire r\u00e9sidentielle \u00e0 un rythme impressionnant. Avec la baisse des co\u00fbts, les avanc\u00e9es technologiques et un engagement mondial en faveur de la durabilit\u00e9, l\u2019\u00e9nergie solaire s\u2019est solidement int\u00e9gr\u00e9e au mix \u00e9nerg\u00e9tique.<\/p>\n\n\n\n<h2 class=\"wp-block-heading\">Qu&rsquo;est-ce que la recharge solaire?<\/h2>\n\n\n\n<p>La recharge solaire optimise le processus de recharge en exploitant l\u2019\u00e9nergie solaire disponible pour alimenter les v\u00e9hicules \u00e9lectriques. Une fois les besoins \u00e9nerg\u00e9tiques du foyer couverts, l\u2019exc\u00e9dent d\u2019\u00e9nergie solaire, \u00e9galement appel\u00e9 surplus photovolta\u00efque, peut \u00eatre utilis\u00e9 pour recharger un VE, offrant ainsi des \u00e9conomies par rapport \u00e0 l\u2019exportation de cet exc\u00e9dent vers le r\u00e9seau. Id\u00e9alement, les v\u00e9hicules \u00e9lectriques peuvent \u00eatre aliment\u00e9s uniquement par cette \u00e9nergie exc\u00e9dentaire, r\u00e9duisant ainsi la d\u00e9pendance au r\u00e9seau. C\u2019est une solution gagnante \u00e0 la fois pour les consommateurs et pour la plan\u00e8te.<\/p>\n\n\n\n<h2 class=\"wp-block-heading\">Une installation typique de recharge solaire r\u00e9sidentielle<\/h2>\n\n\n\n<p>Au c\u0153ur de toute installation de recharge solaire pour VE se trouvent les panneaux solaires, qui captent la lumi\u00e8re du soleil et la convertissent en \u00e9lectricit\u00e9. Les onduleurs jouent un r\u00f4le essentiel dans ce processus en transformant l\u2019\u00e9lectricit\u00e9 solaire en courant continu (DC) en courant alternatif (AC) utilisable par le foyer. Les r\u00e9gulateurs de charge solaire contr\u00f4lent et g\u00e8rent les fluctuations de production d\u2019\u00e9nergie des panneaux solaires. Enfin, le capteur de courant (CT clamp) d\u00e9tecte la quantit\u00e9 d\u2019\u00e9nergie renvoy\u00e9e vers le r\u00e9seau par les panneaux solaires. Cet exc\u00e9dent d\u2019\u00e9nergie solaire peut alors \u00eatre utilis\u00e9 pour recharger le VE.<\/p>\n\n\n\n<p>La recharge solaire repose g\u00e9n\u00e9ralement sur le chargeur ou le capteur de courant (CT clamp) pour d\u00e9tecter l\u2019\u00e9nergie export\u00e9e vers le r\u00e9seau et, si n\u00e9cessaire, contourner le programme de recharge appliqu\u00e9 par le CPMS. Le chargeur \u00ab \u00e9coute \u00bb activement les moments o\u00f9 un exc\u00e9dent d\u2019\u00e9nergie solaire est disponible, qui autrement serait inject\u00e9 dans le r\u00e9seau. Ce processus dynamique, appel\u00e9 \u00ab correspondance \u00e0 l\u2019export \u00bb (export matching), permet au chargeur de consommer l\u2019int\u00e9gralit\u00e9 de l\u2019\u00e9nergie exc\u00e9dentaire disponible, r\u00e9duisant ou \u00e9liminant ainsi les exportations d\u2019\u00e9nergie vers le r\u00e9seau en temps r\u00e9el.<\/p>\n\n\n<style>.wp-block-kadence-spacer.kt-block-spacer-43025_cbf8d4-f1 .kt-block-spacer{height:20px;}.wp-block-kadence-spacer.kt-block-spacer-43025_cbf8d4-f1 .kt-divider{border-top-width:1px;height:1px;border-top-color:#eee;width:80%;border-top-style:solid;}<\/style>\n<div class=\"wp-block-kadence-spacer aligncenter kt-block-spacer-43025_cbf8d4-f1\"><div class=\"kt-block-spacer kt-block-spacer-halign-center\"><\/div><\/div>\n\n\n\n<figure class=\"wp-block-image aligncenter size-large\"><img loading=\"lazy\" decoding=\"async\" width=\"1024\" height=\"609\" src=\"https:\/\/www.ampeco.com\/content\/uploads\/2024\/05\/ampeco-graph-solar-power-matching-explained-1024x609.png\" alt=\"Image du graphique AMPECO expliquant l\u2019ad\u00e9quation de la puissance solaire\" class=\"wp-image-34437\" title=\"\" srcset=\"https:\/\/www.ampeco.com\/content\/uploads\/2024\/05\/ampeco-graph-solar-power-matching-explained-1024x609.png 1024w, https:\/\/www.ampeco.com\/content\/uploads\/2024\/05\/ampeco-graph-solar-power-matching-explained-300x178.png 300w, https:\/\/www.ampeco.com\/content\/uploads\/2024\/05\/ampeco-graph-solar-power-matching-explained-768x457.png 768w, https:\/\/www.ampeco.com\/content\/uploads\/2024\/05\/ampeco-graph-solar-power-matching-explained-1536x913.png 1536w, https:\/\/www.ampeco.com\/content\/uploads\/2024\/05\/ampeco-graph-solar-power-matching-explained-96x57.png 96w, https:\/\/www.ampeco.com\/content\/uploads\/2024\/05\/ampeco-graph-solar-power-matching-explained-330x196.png 330w, https:\/\/www.ampeco.com\/content\/uploads\/2024\/05\/ampeco-graph-solar-power-matching-explained-660x392.png 660w, https:\/\/www.ampeco.com\/content\/uploads\/2024\/05\/ampeco-graph-solar-power-matching-explained-512x304.png 512w, https:\/\/www.ampeco.com\/content\/uploads\/2024\/05\/ampeco-graph-solar-power-matching-explained-600x357.png 600w, https:\/\/www.ampeco.com\/content\/uploads\/2024\/05\/ampeco-graph-solar-power-matching-explained-1200x713.png 1200w, https:\/\/www.ampeco.com\/content\/uploads\/2024\/05\/ampeco-graph-solar-power-matching-explained-840x499.png 840w, https:\/\/www.ampeco.com\/content\/uploads\/2024\/05\/ampeco-graph-solar-power-matching-explained-1680x999.png 1680w, https:\/\/www.ampeco.com\/content\/uploads\/2024\/05\/ampeco-graph-solar-power-matching-explained.png 1800w\" sizes=\"auto, (max-width: 1024px) 100vw, 1024px\" \/><\/figure>\n\n\n<style>.wp-block-kadence-spacer.kt-block-spacer-43025_0c35e3-15 .kt-block-spacer{height:20px;}.wp-block-kadence-spacer.kt-block-spacer-43025_0c35e3-15 .kt-divider{border-top-width:1px;height:1px;border-top-color:#eee;width:80%;border-top-style:solid;}<\/style>\n<div class=\"wp-block-kadence-spacer aligncenter kt-block-spacer-43025_0c35e3-15\"><div class=\"kt-block-spacer kt-block-spacer-halign-center\"><\/div><\/div>\n\n\n\n<h2 class=\"wp-block-heading\">Les d\u00e9fis de la recharge solaire pour un CPO<\/h2>\n\n\n\n<p>Il n\u2019existe pas de solution unique pour la recharge solaire des VE. En g\u00e9n\u00e9ral, cela n\u00e9cessite une coordination entre le chargeur et des dispositifs mat\u00e9riels suppl\u00e9mentaires, comme le capteur de courant (CT clamp) d\u2019une part, et le CPMS (le logiciel) d\u2019autre part.<\/p>\n\n\n\n<p>Le CPMS contr\u00f4le le processus de recharge des VE via l\u2019OCPP, mais ce dernier n\u2019est pas con\u00e7u pour prendre en charge des fonctionnalit\u00e9s sp\u00e9cifiques \u00e0 l\u2019\u00e9nergie solaire. Il est donc n\u00e9cessaire que le fabricant du chargeur et le fournisseur du CPMS d\u00e9ploient des efforts suppl\u00e9mentaires pour \u00e9tendre les capacit\u00e9s de l\u2019OCPP en ajoutant des cl\u00e9s de configuration personnalis\u00e9es et des messages de transfert de donn\u00e9es, qui fonctionnent comme des commandes.<\/p>\n\n\n\n<p>Les clients rencontrent souvent des difficult\u00e9s \u00e0 obtenir un rapport clair sur leur consommation \u00e9nerg\u00e9tique. En g\u00e9n\u00e9ral, ils disposent d\u2019un r\u00e9capitulatif de la session de recharge indiquant l\u2019\u00e9nergie consomm\u00e9e, mais sans distinction pr\u00e9cise entre les sources solaires et celles du r\u00e9seau. Ce probl\u00e8me d\u00e9coule du fait que le syst\u00e8me repose sur plusieurs dispositifs mat\u00e9riels au-del\u00e0 du chargeur, qui ne communiquent pas toujours efficacement entre eux, rendant ainsi le suivi et le rapport des sources d\u2019\u00e9nergie plus complexes.<\/p>\n\n\n\n<p>L\u2019\u00e9nergie solaire peut ne pas g\u00e9n\u00e9rer suffisamment de puissance lors de conditions m\u00e9t\u00e9orologiques nuageuses ou d\u00e9favorables pour alimenter enti\u00e8rement un chargeur de VE de niveau 2. Les chargeurs de VE pallient ce probl\u00e8me gr\u00e2ce \u00e0 un capteur de courant (CT clamp), qui surveille le flux d\u2019\u00e9nergie entre le foyer et le r\u00e9seau. Lorsqu\u2019un exc\u00e9dent d\u2019\u00e9nergie solaire est d\u00e9tect\u00e9, la vitesse de recharge du VE est ajust\u00e9e en cons\u00e9quence. Toutefois, comme la consommation d\u2019\u00e9nergie et la production solaire fluctuent, la consommation de la station de recharge s\u2019adapte en permanence pour correspondre \u00e0 l\u2019exc\u00e9dent d\u2019\u00e9nergie solaire disponible.<\/p>\n\n\n\n<h2 class=\"wp-block-heading\">Fonctionnalit\u00e9s avanc\u00e9es de recharge solaire activ\u00e9es par AMPECO<\/h2>\n\n\n\n<p>Pour que la recharge solaire des VE fonctionne efficacement, deux pr\u00e9requis principaux sont n\u00e9cessaires :<\/p>\n\n\n\n<ul class=\"is-style-list-nds wp-block-list\">\n<li>Le chargeur doit prendre en charge les cl\u00e9s de configuration pour la recharge solaire. \u00c9tant donn\u00e9 que tous les chargeurs ne disposent pas des m\u00eames cl\u00e9s de configuration pour le contr\u00f4le solaire, des d\u00e9veloppements suppl\u00e9mentaires peuvent \u00eatre n\u00e9cessaires des deux c\u00f4t\u00e9s.<\/li>\n<\/ul>\n\n\n\n<ul class=\"is-style-list-nds wp-block-list\">\n<li>L\u2019installation \u00e9lectrique du site doit inclure un capteur de courant (CT clamp) pour mesurer avec pr\u00e9cision l\u2019\u00e9nergie solaire disponible.<\/li>\n<\/ul>\n\n\n\n<h3 class=\"wp-block-heading\">Utilisation optimis\u00e9e de l\u2019\u00e9nergie solaire<\/h3>\n\n\n\n<p>AMPECO contr\u00f4le intelligemment la recharge des VE afin de privil\u00e9gier l\u2019utilisation de l\u2019exc\u00e9dent d\u2019\u00e9nergie solaire gr\u00e2ce \u00e0 une planification intelligente. Lorsque la production solaire est insuffisante, la plateforme ajuste automatiquement le programme appliqu\u00e9 pour compl\u00e9ter la recharge depuis le r\u00e9seau durant la nuit, en profitant des tarifs hors pointe. Elle permet ainsi d\u2019aligner automatiquement les sessions de recharge programm\u00e9es sur la disponibilit\u00e9 de l\u2019\u00e9nergie solaire et les p\u00e9riodes du r\u00e9seau.<\/p>\n\n\n\n<h3 class=\"wp-block-heading\">Approches innovantes de l\u2019utilisation de l\u2019OCPP pour activer la recharge solaire<\/h3>\n\n\n\n<p>La plateforme AMPECO active et contr\u00f4le la fonctionnalit\u00e9 de recharge solaire du chargeur gr\u00e2ce \u00e0 des cl\u00e9s de configuration OCPP personnalis\u00e9es. Bien que le protocole OCPP ne soit pas initialement con\u00e7u pour l\u2019int\u00e9gration solaire, nous avons d\u00e9velopp\u00e9 des approches innovantes pour utiliser ces cl\u00e9s de configuration et activer cette fonctionnalit\u00e9.<\/p>\n\n\n\n<p>Les cl\u00e9s de configuration servent \u00e0 d\u00e9finir divers param\u00e8tres qui r\u00e9gissent le comportement du chargeur pendant une session de recharge. Certaines cl\u00e9s sont obligatoires selon le protocole OCPP et sont prises en charge par tous les chargeurs. Toutefois, chaque fabricant peut ajouter d\u2019autres cl\u00e9s pour contr\u00f4ler diff\u00e9rents aspects du fonctionnement du chargeur. AMPECO s\u2019appuie sur trois cl\u00e9s principales pour la gestion de l\u2019\u00e9nergie solaire :<\/p>\n\n\n\n<p><strong>SolarMode :<\/strong> active ou d\u00e9sactive la fonctionnalit\u00e9 de recharge solaire et permet au chargeur de contourner la programmation lorsqu\u2019un exc\u00e9dent d\u2019\u00e9nergie solaire est d\u00e9tect\u00e9.<\/p>\n\n\n\n<p><strong>SolarCurrentFromGrid<\/strong> : maximise l\u2019utilisation de l\u2019exc\u00e9dent d\u2019\u00e9nergie solaire disponible tout en garantissant que le v\u00e9hicule re\u00e7oive un courant de recharge suffisant. Cela est r\u00e9alis\u00e9 en d\u00e9finissant une limite maximale de courant provenant du r\u00e9seau lors de la recharge solaire.<\/p>\n\n\n\n<p><strong>SolarStableTime<\/strong> : indique au chargeur de maintenir la recharge depuis le r\u00e9seau pendant une dur\u00e9e sp\u00e9cifi\u00e9e apr\u00e8s la d\u00e9tection d\u2019une baisse de l\u2019\u00e9nergie solaire disponible. Cela \u00e9vite les cycles fr\u00e9quents de d\u00e9marrage et d\u2019arr\u00eat de la recharge, qui peuvent nuire \u00e0 la sant\u00e9 de la batterie du v\u00e9hicule.<\/p>\n\n\n<style>.wp-block-kadence-spacer.kt-block-spacer-43025_a392a0-83 .kt-block-spacer{height:30px;}.wp-block-kadence-spacer.kt-block-spacer-43025_a392a0-83 .kt-divider{border-top-width:1px;height:1px;border-top-color:#eee;width:80%;border-top-style:solid;}<\/style>\n<div class=\"wp-block-kadence-spacer aligncenter kt-block-spacer-43025_a392a0-83\"><div class=\"kt-block-spacer kt-block-spacer-halign-center\"><\/div><\/div>\n\n\n\n<h3 class=\"wp-block-heading\">Contr\u00f4le simplifi\u00e9 de la recharge solaire avec notre application en marque blanche<\/h3>\n\n\n<style>.wp-block-kadence-spacer.kt-block-spacer-43025_138f73-f4 .kt-block-spacer{height:30px;}.wp-block-kadence-spacer.kt-block-spacer-43025_138f73-f4 .kt-divider{border-top-width:1px;height:1px;border-top-color:#eee;width:80%;border-top-style:solid;}<\/style>\n<div class=\"wp-block-kadence-spacer aligncenter kt-block-spacer-43025_138f73-f4\"><div class=\"kt-block-spacer kt-block-spacer-halign-center\"><\/div><\/div>\n\n\n\n<div style=\"border-radius:var(--spacing-4xl, 32px);overflow:hidden;\" class=\"wp-block-group is-layout-constrained wp-block-group-is-layout-constrained\">\n<div class=\"wp-block-columns is-layout-flex wp-container-core-columns-is-layout-28f84493 wp-block-columns-is-layout-flex\">\n<div class=\"wp-block-column is-layout-flow wp-block-column-is-layout-flow\">\n<figure class=\"wp-block-image size-large\"><img loading=\"lazy\" decoding=\"async\" width=\"570\" height=\"1024\" src=\"https:\/\/www.ampeco.com\/content\/uploads\/2024\/05\/ampeco-app-mockup-smart-charging-solar-570x1024.png\" alt=\"Maquette de l&#039;application AMPECO \u2013 Recharge intelligente solaire\" class=\"wp-image-34427\" title=\"\" srcset=\"https:\/\/www.ampeco.com\/content\/uploads\/2024\/05\/ampeco-app-mockup-smart-charging-solar-570x1024.png 570w, https:\/\/www.ampeco.com\/content\/uploads\/2024\/05\/ampeco-app-mockup-smart-charging-solar-167x300.png 167w, https:\/\/www.ampeco.com\/content\/uploads\/2024\/05\/ampeco-app-mockup-smart-charging-solar-96x172.png 96w, https:\/\/www.ampeco.com\/content\/uploads\/2024\/05\/ampeco-app-mockup-smart-charging-solar-330x592.png 330w, https:\/\/www.ampeco.com\/content\/uploads\/2024\/05\/ampeco-app-mockup-smart-charging-solar-512x919.png 512w, https:\/\/www.ampeco.com\/content\/uploads\/2024\/05\/ampeco-app-mockup-smart-charging-solar-600x1077.png 600w, https:\/\/www.ampeco.com\/content\/uploads\/2024\/05\/ampeco-app-mockup-smart-charging-solar.png 654w\" sizes=\"auto, (max-width: 570px) 100vw, 570px\" \/><\/figure>\n<\/div>\n\n\n\n<div class=\"wp-block-column is-vertically-aligned-center is-layout-flow wp-block-column-is-layout-flow\">\n<p>En mode \u00ab\u00a0<strong>Solaire<\/strong>\u00ab\u00a0, la plateforme AMPECO d\u00e9finit un programme de recharge avec une limite de 0, ce qui signifie que le chargeur ne d\u00e9marre pas la recharge par d\u00e9faut. Il attend plut\u00f4t de d\u00e9tecter un exc\u00e9dent d\u2019\u00e9nergie solaire et ne recharge le v\u00e9hicule qu\u2019en utilisant ce surplus.<\/p>\n<\/div>\n<\/div>\n<\/div>\n\n\n\n<div style=\"border-radius:var(--spacing-4xl, 32px);overflow:hidden;\" class=\"wp-block-group is-layout-constrained wp-block-group-is-layout-constrained\">\n<div class=\"wp-block-columns is-layout-flex wp-container-core-columns-is-layout-28f84493 wp-block-columns-is-layout-flex\">\n<div class=\"wp-block-column is-vertically-aligned-center is-layout-flow wp-block-column-is-layout-flow\">\n<p>Pour les autres modes de recharge intelligente, comme <strong>\u00ab\u00a0Programm\u00e9\u00a0\u00bb<\/strong>, lorsque l\u2019option <strong>\u00ab\u00a0Utiliser l\u2019exc\u00e9dent solaire\u00a0\u00bb<\/strong> est activ\u00e9e, l\u2019application applique un programme de recharge comme d\u2019habitude. Toutefois, si un exc\u00e9dent d\u2019\u00e9nergie solaire est d\u00e9tect\u00e9, le chargeur contourne ce programme pour recharger en dehors des horaires d\u00e9finis.<\/p>\n<\/div>\n\n\n\n<div class=\"wp-block-column is-layout-flow wp-block-column-is-layout-flow\">\n<figure class=\"wp-block-image size-large\"><img loading=\"lazy\" decoding=\"async\" width=\"570\" height=\"1024\" src=\"https:\/\/www.ampeco.com\/content\/uploads\/2024\/05\/ampeco-app-mockup-smart-charging-scheduled-570x1024.png\" alt=\"Maquette de l&#039;application AMPECO \u2013 Recharge intelligente programm\u00e9e\" class=\"wp-image-34422\" title=\"\" srcset=\"https:\/\/www.ampeco.com\/content\/uploads\/2024\/05\/ampeco-app-mockup-smart-charging-scheduled-570x1024.png 570w, https:\/\/www.ampeco.com\/content\/uploads\/2024\/05\/ampeco-app-mockup-smart-charging-scheduled-167x300.png 167w, https:\/\/www.ampeco.com\/content\/uploads\/2024\/05\/ampeco-app-mockup-smart-charging-scheduled-96x172.png 96w, https:\/\/www.ampeco.com\/content\/uploads\/2024\/05\/ampeco-app-mockup-smart-charging-scheduled-330x592.png 330w, https:\/\/www.ampeco.com\/content\/uploads\/2024\/05\/ampeco-app-mockup-smart-charging-scheduled-512x919.png 512w, https:\/\/www.ampeco.com\/content\/uploads\/2024\/05\/ampeco-app-mockup-smart-charging-scheduled-600x1077.png 600w, https:\/\/www.ampeco.com\/content\/uploads\/2024\/05\/ampeco-app-mockup-smart-charging-scheduled.png 654w\" sizes=\"auto, (max-width: 570px) 100vw, 570px\" \/><\/figure>\n<\/div>\n<\/div>\n<\/div>\n\n\n\n<div style=\"border-radius:var(--spacing-4xl, 32px);overflow:hidden;\" class=\"wp-block-group is-layout-constrained wp-block-group-is-layout-constrained\">\n<div class=\"wp-block-columns is-layout-flex wp-container-core-columns-is-layout-28f84493 wp-block-columns-is-layout-flex\">\n<div class=\"wp-block-column is-layout-flow wp-block-column-is-layout-flow\">\n<figure class=\"wp-block-image size-large\"><img loading=\"lazy\" decoding=\"async\" width=\"570\" height=\"1024\" src=\"https:\/\/www.ampeco.com\/content\/uploads\/2024\/05\/ampeco-app-mockup-solar-charging-graph-570x1024.png\" alt=\"Maquette de l&#039;application AMPECO \u2013 Graphique de recharge solaire\" class=\"wp-image-34432\" title=\"\" srcset=\"https:\/\/www.ampeco.com\/content\/uploads\/2024\/05\/ampeco-app-mockup-solar-charging-graph-570x1024.png 570w, https:\/\/www.ampeco.com\/content\/uploads\/2024\/05\/ampeco-app-mockup-solar-charging-graph-167x300.png 167w, https:\/\/www.ampeco.com\/content\/uploads\/2024\/05\/ampeco-app-mockup-solar-charging-graph-96x172.png 96w, https:\/\/www.ampeco.com\/content\/uploads\/2024\/05\/ampeco-app-mockup-solar-charging-graph-330x592.png 330w, https:\/\/www.ampeco.com\/content\/uploads\/2024\/05\/ampeco-app-mockup-solar-charging-graph-512x919.png 512w, https:\/\/www.ampeco.com\/content\/uploads\/2024\/05\/ampeco-app-mockup-solar-charging-graph-600x1077.png 600w, https:\/\/www.ampeco.com\/content\/uploads\/2024\/05\/ampeco-app-mockup-solar-charging-graph.png 654w\" sizes=\"auto, (max-width: 570px) 100vw, 570px\" \/><\/figure>\n<\/div>\n\n\n\n<div class=\"wp-block-column is-vertically-aligned-center is-layout-flow wp-block-column-is-layout-flow\">\n<p>En mode \u00ab\u00a0Solaire\u00a0\u00bb, la recharge s\u2019effectue uniquement lorsqu\u2019un exc\u00e9dent d\u2019\u00e9nergie solaire est disponible, garantissant ainsi une utilisation efficace. Pour les autres modes de recharge intelligente, l\u2019application indique graphiquement tout contournement du programme de recharge en utilisant une couleur jaune sur le graphique, permettant aux utilisateurs de rester inform\u00e9s.<\/p>\n<\/div>\n<\/div>\n<\/div>\n\n\n\n<div style=\"border-radius:var(--spacing-4xl, 32px);overflow:hidden;\" class=\"wp-block-group is-layout-constrained wp-block-group-is-layout-constrained\">\n<div class=\"wp-block-columns is-layout-flex wp-container-core-columns-is-layout-28f84493 wp-block-columns-is-layout-flex\">\n<div class=\"wp-block-column is-vertically-aligned-center is-layout-flow wp-block-column-is-layout-flow\">\n<p>Nous travaillons \u00e0 am\u00e9liorer l\u2019exp\u00e9rience utilisateur en fournissant un rapport pr\u00e9cis sur la r\u00e9partition entre la consommation solaire et celle du r\u00e9seau au sein d\u2019une m\u00eame session de recharge. Cette fonctionnalit\u00e9, actuellement en d\u00e9veloppement, offrira aux utilisateurs une visibilit\u00e9 transparente sur leur utilisation \u00e9nerg\u00e9tique, optimisant ainsi leur exp\u00e9rience de recharge.<\/p>\n<\/div>\n\n\n\n<div class=\"wp-block-column is-layout-flow wp-block-column-is-layout-flow\">\n<figure class=\"wp-block-image size-large\"><img loading=\"lazy\" decoding=\"async\" width=\"570\" height=\"1024\" src=\"https:\/\/www.ampeco.com\/content\/uploads\/2024\/05\/ampeco-app-mockup-consumed-energy-split-570x1024.png\" alt=\"Maquette de l&#039;application AMPECO \u2013 R\u00e9partition de l&#039;\u00e9nergie consomm\u00e9e\" class=\"wp-image-34417\" title=\"\" srcset=\"https:\/\/www.ampeco.com\/content\/uploads\/2024\/05\/ampeco-app-mockup-consumed-energy-split-570x1024.png 570w, https:\/\/www.ampeco.com\/content\/uploads\/2024\/05\/ampeco-app-mockup-consumed-energy-split-167x300.png 167w, https:\/\/www.ampeco.com\/content\/uploads\/2024\/05\/ampeco-app-mockup-consumed-energy-split-96x172.png 96w, https:\/\/www.ampeco.com\/content\/uploads\/2024\/05\/ampeco-app-mockup-consumed-energy-split-330x592.png 330w, https:\/\/www.ampeco.com\/content\/uploads\/2024\/05\/ampeco-app-mockup-consumed-energy-split-512x919.png 512w, https:\/\/www.ampeco.com\/content\/uploads\/2024\/05\/ampeco-app-mockup-consumed-energy-split-600x1077.png 600w, https:\/\/www.ampeco.com\/content\/uploads\/2024\/05\/ampeco-app-mockup-consumed-energy-split.png 654w\" sizes=\"auto, (max-width: 570px) 100vw, 570px\" \/><\/figure>\n<\/div>\n<\/div>\n<\/div>\n\n\n<style>.wp-block-kadence-spacer.kt-block-spacer-43025_ad90e0-d5 .kt-block-spacer{height:30px;}.wp-block-kadence-spacer.kt-block-spacer-43025_ad90e0-d5 .kt-divider{border-top-width:1px;height:1px;border-top-color:#eee;width:80%;border-top-style:solid;}<\/style>\n<div class=\"wp-block-kadence-spacer aligncenter kt-block-spacer-43025_ad90e0-d5\"><div class=\"kt-block-spacer kt-block-spacer-halign-center\"><\/div><\/div>\n\n\n\n<h3 class=\"wp-block-heading\">Fonctionnalit\u00e9s innovantes d\u2019int\u00e9gration solaire<\/h3>\n\n\n\n<p>AMPECO peut s\u2019int\u00e9grer aux onduleurs solaires et utiliser leurs API pour acc\u00e9der aux donn\u00e9es de production d\u2019\u00e9nergie solaire. Ces donn\u00e9es ne se limitent pas \u00e0 la recharge ; nous les exploitons pour d\u00e9velopper des fonctionnalit\u00e9s innovantes adapt\u00e9es \u00e0 ce cas d\u2019usage sp\u00e9cifique.<\/p>\n\n\n\n<h2 class=\"wp-block-heading\">La voie vers des v\u00e9hicules \u00e9lectriques aliment\u00e9s par l\u2019\u00e9nergie solaire<\/h2>\n\n\n\n<p>AMPECO propose des solutions pratiques de recharge solaire pour les CPO visionnaires souhaitant int\u00e9grer l\u2019\u00e9nergie solaire avec un contr\u00f4le efficace des sessions et des donn\u00e9es pr\u00e9cises sur la consommation \u00e9nerg\u00e9tique. Notre plateforme rel\u00e8ve les d\u00e9fis techniques pour int\u00e9grer l\u2019\u00e9nergie solaire de mani\u00e8re fluide \u00e0 la recharge des VE. Avec AMPECO, les CPO peuvent enrichir leurs offres, augmenter la valeur pour leurs clients existants et se positionner strat\u00e9giquement sur ce march\u00e9 en pleine expansion.<\/p>\n\n\n\n<div style=\"border-radius:var(--spacing-4xl, 32px);overflow:hidden;\" class=\"wp-block-group is-style-tilted-green-bg-inverse is-layout-constrained wp-block-group-is-layout-constrained\">\n<p class=\"has-text-align-center\">Pr\u00eat \u00e0 exploiter tout le potentiel de la recharge solaire ? Planifiez une d\u00e9monstration d\u00e8s aujourd\u2019hui et \u00e9changez avec l\u2019un de nos experts en recharge de VE.<\/p>\n\n\n\n<div class=\"wp-block-buttons is-horizontal is-content-justification-center is-layout-flex wp-container-core-buttons-is-layout-03627597 wp-block-buttons-is-layout-flex\">\n<div class=\"wp-block-button is-style-negative-nds\"><a class=\"wp-block-button__link wp-element-button\" href=\"https:\/\/www.ampeco.com\/fr\/demo\/\">R\u00e9servez une D\u00c9MO<\/a><\/div>\n<\/div>\n<\/div>\n\n\n\n<p><\/p>\n","protected":false},"excerpt":{"rendered":"<p>L&rsquo;avenir ensoleill\u00e9 de la recharge des v\u00e9hicules \u00e9lectriques Les CPO proposant la recharge \u00e0 domicile se tournent de plus en plus vers l\u2019int\u00e9gration solaire pour r\u00e9pondre aux attentes des consommateurs. Dans cet [&hellip;]<\/p>\n","protected":false},"author":24,"featured_media":34615,"comment_status":"open","ping_status":"open","sticky":false,"template":"","format":"standard","meta":{"_acf_changed":false,"inline_featured_image":false,"footnotes":""},"categories":[505],"tags":[158,529,530],"class_list":["post-43025","post","type-post","status-publish","format-standard","has-post-thumbnail","hentry","category-product-highlights-fr","tag-recharge-pour-vehicules-electriques","tag-renewable-energy-fr","tag-solar-ev-charging-fr"],"acf":[],"_links":{"self":[{"href":"https:\/\/www.ampeco.com\/fr\/wp-json\/wp\/v2\/posts\/43025","targetHints":{"allow":["GET"]}}],"collection":[{"href":"https:\/\/www.ampeco.com\/fr\/wp-json\/wp\/v2\/posts"}],"about":[{"href":"https:\/\/www.ampeco.com\/fr\/wp-json\/wp\/v2\/types\/post"}],"author":[{"embeddable":true,"href":"https:\/\/www.ampeco.com\/fr\/wp-json\/wp\/v2\/users\/24"}],"replies":[{"embeddable":true,"href":"https:\/\/www.ampeco.com\/fr\/wp-json\/wp\/v2\/comments?post=43025"}],"version-history":[{"count":3,"href":"https:\/\/www.ampeco.com\/fr\/wp-json\/wp\/v2\/posts\/43025\/revisions"}],"predecessor-version":[{"id":43030,"href":"https:\/\/www.ampeco.com\/fr\/wp-json\/wp\/v2\/posts\/43025\/revisions\/43030"}],"wp:featuredmedia":[{"embeddable":true,"href":"https:\/\/www.ampeco.com\/fr\/wp-json\/wp\/v2\/media\/34615"}],"wp:attachment":[{"href":"https:\/\/www.ampeco.com\/fr\/wp-json\/wp\/v2\/media?parent=43025"}],"wp:term":[{"taxonomy":"category","embeddable":true,"href":"https:\/\/www.ampeco.com\/fr\/wp-json\/wp\/v2\/categories?post=43025"},{"taxonomy":"post_tag","embeddable":true,"href":"https:\/\/www.ampeco.com\/fr\/wp-json\/wp\/v2\/tags?post=43025"}],"curies":[{"name":"wp","href":"https:\/\/api.w.org\/{rel}","templated":true}]}}