{"id":43019,"date":"2024-06-07T07:46:23","date_gmt":"2024-06-07T07:46:23","guid":{"rendered":"https:\/\/www.ampeco.com\/blog\/solving-multi-market-ev-charging-tax-challenges\/"},"modified":"2025-03-11T08:13:43","modified_gmt":"2025-03-11T08:13:43","slug":"solving-multi-market-ev-charging-tax-challenges","status":"publish","type":"post","link":"https:\/\/www.ampeco.com\/fr\/blog\/solving-multi-market-ev-charging-tax-challenges\/","title":{"rendered":"R\u00e9soudre les d\u00e9fis fiscaux de la recharge des VE: Comment g\u00e9rer la taxation sur plusieurs march\u00e9s"},"content":{"rendered":"\n<p>G\u00e9rer la fiscalit\u00e9 dans votre activit\u00e9 de recharge des VE peut ne pas sembler aussi passionnant que les nouvelles technologies comme le V2G, mais c&rsquo;est tout aussi fondamental que l&rsquo;OCPP.<\/p>\n\n\n\n<p>La plupart des propri\u00e9taires de r\u00e9seaux de recharge de VE \u00e0 grande \u00e9chelle pr\u00e9f\u00e8rent \u00e9viter les questions de fiscalit\u00e9, s&rsquo;attendant \u00e0 ce que leur fournisseur de CPMS ou leur logiciel comptable prenne en charge ces aspects. Cet article s&rsquo;adresse aux experts financiers et juridiques des entreprises qui ne peuvent pas \u00e9luder cette question et doivent r\u00e9soudre de nombreux d\u00e9fis fiscaux ainsi que des cas d&rsquo;usage sp\u00e9cifiques qui apparaissent \u00e0 mesure que l&rsquo;activit\u00e9 s&rsquo;\u00e9tend sur diff\u00e9rents march\u00e9s.<\/p>\n\n\n\n<p>La fonctionnalit\u00e9 int\u00e9gr\u00e9e d&rsquo;AMPECO simplifie la gestion de la fiscalit\u00e9, vous permettant de vous concentrer sur le d\u00e9veloppement de votre entreprise plut\u00f4t que sur la complexit\u00e9 des r\u00e9glementations fiscales locales.<\/p>\n\n\n\n<h2 class=\"wp-block-heading\">La solution AMPECO<\/h2>\n\n\n\n<p>Notre objectif chez AMPECO est de vous offrir une flexibilit\u00e9 exceptionnelle pour g\u00e9rer divers cas d\u2019usage \u00e0 travers diff\u00e9rentes juridictions. Nous y parvenons en vous permettant d\u2019appliquer diff\u00e9rents taux de taxe sur les ventes \u00e0 chaque composant tarifaire. Sur la plupart des plateformes de gestion de recharge des VE, la taxe est appliqu\u00e9e sur le montant total de la session. Chez AMPECO, par exemple, l\u2019\u00e9nergie consomm\u00e9e pour la recharge peut \u00eatre tax\u00e9e \u00e0 un certain taux, tandis que les frais d\u2019inactivit\u00e9, consid\u00e9r\u00e9s comme un service de stationnement, peuvent \u00eatre tax\u00e9s s\u00e9par\u00e9ment.<\/p>\n\n\n<style>.wp-block-kadence-spacer.kt-block-spacer-43019_b9150c-c3 .kt-block-spacer{height:20px;}.wp-block-kadence-spacer.kt-block-spacer-43019_b9150c-c3 .kt-divider{border-top-width:1px;height:1px;border-top-color:#eee;width:80%;border-top-style:solid;}<\/style>\n<div class=\"wp-block-kadence-spacer aligncenter kt-block-spacer-43019_b9150c-c3\"><div class=\"kt-block-spacer kt-block-spacer-halign-center\"><\/div><\/div>\n\n\n\n<figure class=\"wp-block-image aligncenter size-large\"><img loading=\"lazy\" decoding=\"async\" width=\"1024\" height=\"527\" src=\"https:\/\/www.ampeco.com\/content\/uploads\/2024\/06\/AMPECO-table-set-different-tax-rate-each-ev-charging-pricing-component-1024x527.png\" alt=\"Tableau AMPECO d\u00e9finissant un taux de taxe diff\u00e9rent pour chaque composant tarifaire de la recharge des VE\" class=\"wp-image-34892\" title=\"\" srcset=\"https:\/\/www.ampeco.com\/content\/uploads\/2024\/06\/AMPECO-table-set-different-tax-rate-each-ev-charging-pricing-component-1024x527.png 1024w, https:\/\/www.ampeco.com\/content\/uploads\/2024\/06\/AMPECO-table-set-different-tax-rate-each-ev-charging-pricing-component-300x154.png 300w, https:\/\/www.ampeco.com\/content\/uploads\/2024\/06\/AMPECO-table-set-different-tax-rate-each-ev-charging-pricing-component-768x395.png 768w, https:\/\/www.ampeco.com\/content\/uploads\/2024\/06\/AMPECO-table-set-different-tax-rate-each-ev-charging-pricing-component-1536x790.png 1536w, https:\/\/www.ampeco.com\/content\/uploads\/2024\/06\/AMPECO-table-set-different-tax-rate-each-ev-charging-pricing-component-96x49.png 96w, https:\/\/www.ampeco.com\/content\/uploads\/2024\/06\/AMPECO-table-set-different-tax-rate-each-ev-charging-pricing-component-330x170.png 330w, https:\/\/www.ampeco.com\/content\/uploads\/2024\/06\/AMPECO-table-set-different-tax-rate-each-ev-charging-pricing-component-660x340.png 660w, https:\/\/www.ampeco.com\/content\/uploads\/2024\/06\/AMPECO-table-set-different-tax-rate-each-ev-charging-pricing-component-512x263.png 512w, https:\/\/www.ampeco.com\/content\/uploads\/2024\/06\/AMPECO-table-set-different-tax-rate-each-ev-charging-pricing-component-600x309.png 600w, https:\/\/www.ampeco.com\/content\/uploads\/2024\/06\/AMPECO-table-set-different-tax-rate-each-ev-charging-pricing-component-1200x617.png 1200w, https:\/\/www.ampeco.com\/content\/uploads\/2024\/06\/AMPECO-table-set-different-tax-rate-each-ev-charging-pricing-component-840x432.png 840w, https:\/\/www.ampeco.com\/content\/uploads\/2024\/06\/AMPECO-table-set-different-tax-rate-each-ev-charging-pricing-component-1680x864.png 1680w, https:\/\/www.ampeco.com\/content\/uploads\/2024\/06\/AMPECO-table-set-different-tax-rate-each-ev-charging-pricing-component.png 1800w\" sizes=\"auto, (max-width: 1024px) 100vw, 1024px\" \/><\/figure>\n\n\n<style>.wp-block-kadence-spacer.kt-block-spacer-43019_7ce4bf-e7 .kt-block-spacer{height:20px;}.wp-block-kadence-spacer.kt-block-spacer-43019_7ce4bf-e7 .kt-divider{border-top-width:1px;height:1px;border-top-color:#eee;width:80%;border-top-style:solid;}<\/style>\n<div class=\"wp-block-kadence-spacer aligncenter kt-block-spacer-43019_7ce4bf-e7\"><div class=\"kt-block-spacer kt-block-spacer-halign-center\"><\/div><\/div>\n\n\n\n<h3 class=\"wp-block-heading\">Principales fonctionnalit\u00e9s<\/h3>\n\n\n\n<p><strong>Diff\u00e9rents taux de taxe sur les ventes pour chaque emplacement:<\/strong> Vous pouvez d\u00e9finir des taux de taxe sp\u00e9cifiques pour chaque lieu o\u00f9 vous op\u00e9rez. Par exemple, si vous disposez de bornes de recharge dans plusieurs pays ou r\u00e9gions, vous pouvez appliquer des taux de taxe diff\u00e9rents pour chaque zone, garantissant ainsi la conformit\u00e9 avec les r\u00e9glementations fiscales locales.<\/p>\n\n\n\n<p><strong>Exceptions fiscales par \u00c9tat, r\u00e9gion ou code postal:<\/strong> Vous pouvez d\u00e9finir des exceptions fiscales pour certaines zones sp\u00e9cifiques. Par exemple, les r\u00e9gions frontali\u00e8res, comme le nord de l\u2019Italie ou le nord de l\u2019Autriche, appliquent souvent des taux de taxe sur les ventes diff\u00e9rents par rapport au reste du pays. Cette approche permet de prendre en compte les r\u00e8gles fiscales sp\u00e9cifiques aux r\u00e9sidents et aux travailleurs de ces r\u00e9gions.<\/p>\n\n\n\n<p><strong>R\u00e8gles fiscales par op\u00e9rateur: <\/strong>AMPECO permet \u00e0 ses clients de cr\u00e9er plusieurs entit\u00e9s op\u00e9rateurs, chacune repr\u00e9sentant une entit\u00e9 juridique distincte g\u00e9rant des op\u00e9rations dans des pays sp\u00e9cifiques. Cette configuration permet \u00e0 chaque entit\u00e9 de disposer de son propre ensemble de r\u00e8gles fiscales, offrant ainsi flexibilit\u00e9 et pr\u00e9cision dans la gestion de la fiscalit\u00e9.<\/p>\n\n\n\n<p><strong>Int\u00e9gration transparente avec les logiciels de comptabilit\u00e9:<\/strong> Notre plateforme prend en charge les champs \u00ab\u00a0codes fiscaux\u00a0\u00bb et \u00ab\u00a0cat\u00e9gorie fiscale\u00a0\u00bb, qui peuvent \u00eatre associ\u00e9s \u00e0 ceux utilis\u00e9s par l\u2019op\u00e9rateur. Cela facilite l\u2019int\u00e9gration avec les logiciels de comptabilit\u00e9 externes, garantissant des exports de donn\u00e9es fiscales pr\u00e9cis et compatibles.<\/p>\n\n\n\n<p><strong>Re\u00e7us de session d\u00e9taill\u00e9s:<\/strong> Chaque re\u00e7u AMPECO fournit une r\u00e9partition claire des composants tarifaires et des taxes appliqu\u00e9es \u00e0 chacun, garantissant ainsi transparence et meilleure compr\u00e9hension.<\/p>\n\n\n<style>.wp-block-kadence-spacer.kt-block-spacer-43019_53aace-e6 .kt-block-spacer{height:20px;}.wp-block-kadence-spacer.kt-block-spacer-43019_53aace-e6 .kt-divider{border-top-width:1px;height:1px;border-top-color:#eee;width:80%;border-top-style:solid;}<\/style>\n<div class=\"wp-block-kadence-spacer aligncenter kt-block-spacer-43019_53aace-e6\"><div class=\"kt-block-spacer kt-block-spacer-halign-center\"><\/div><\/div>\n\n\n\n<figure class=\"wp-block-image aligncenter size-large\"><img loading=\"lazy\" decoding=\"async\" width=\"1024\" height=\"640\" src=\"https:\/\/www.ampeco.com\/content\/uploads\/2024\/06\/ampeco-table-comparison-key-EV-charging-standards-global-markets-1024x640.png\" alt=\"Tableau AMPECO de comparaison des principales normes de recharge des VE sur les march\u00e9s mondiaux\" class=\"wp-image-34882\" title=\"\" srcset=\"https:\/\/www.ampeco.com\/content\/uploads\/2024\/06\/ampeco-table-comparison-key-EV-charging-standards-global-markets-1024x640.png 1024w, https:\/\/www.ampeco.com\/content\/uploads\/2024\/06\/ampeco-table-comparison-key-EV-charging-standards-global-markets-300x188.png 300w, https:\/\/www.ampeco.com\/content\/uploads\/2024\/06\/ampeco-table-comparison-key-EV-charging-standards-global-markets-768x480.png 768w, https:\/\/www.ampeco.com\/content\/uploads\/2024\/06\/ampeco-table-comparison-key-EV-charging-standards-global-markets-1536x960.png 1536w, https:\/\/www.ampeco.com\/content\/uploads\/2024\/06\/ampeco-table-comparison-key-EV-charging-standards-global-markets-96x60.png 96w, https:\/\/www.ampeco.com\/content\/uploads\/2024\/06\/ampeco-table-comparison-key-EV-charging-standards-global-markets-330x206.png 330w, https:\/\/www.ampeco.com\/content\/uploads\/2024\/06\/ampeco-table-comparison-key-EV-charging-standards-global-markets-660x413.png 660w, https:\/\/www.ampeco.com\/content\/uploads\/2024\/06\/ampeco-table-comparison-key-EV-charging-standards-global-markets-512x320.png 512w, https:\/\/www.ampeco.com\/content\/uploads\/2024\/06\/ampeco-table-comparison-key-EV-charging-standards-global-markets-600x375.png 600w, https:\/\/www.ampeco.com\/content\/uploads\/2024\/06\/ampeco-table-comparison-key-EV-charging-standards-global-markets-1200x750.png 1200w, https:\/\/www.ampeco.com\/content\/uploads\/2024\/06\/ampeco-table-comparison-key-EV-charging-standards-global-markets-840x525.png 840w, https:\/\/www.ampeco.com\/content\/uploads\/2024\/06\/ampeco-table-comparison-key-EV-charging-standards-global-markets-1680x1050.png 1680w, https:\/\/www.ampeco.com\/content\/uploads\/2024\/06\/ampeco-table-comparison-key-EV-charging-standards-global-markets.png 1800w\" sizes=\"auto, (max-width: 1024px) 100vw, 1024px\" \/><\/figure>\n\n\n<style>.wp-block-kadence-spacer.kt-block-spacer-43019_af969b-4f .kt-block-spacer{height:20px;}.wp-block-kadence-spacer.kt-block-spacer-43019_af969b-4f .kt-divider{border-top-width:1px;height:1px;border-top-color:#eee;width:80%;border-top-style:solid;}<\/style>\n<div class=\"wp-block-kadence-spacer aligncenter kt-block-spacer-43019_af969b-4f\"><div class=\"kt-block-spacer kt-block-spacer-halign-center\"><\/div><\/div>\n\n\n\n<p><strong>Facturation des partenaires B2B: <\/strong>Les <a href=\"https:\/\/www.ampeco.com\/blog\/b2b-partner-and-site-host-management-part-one\/\" data-type=\"link\" data-id=\"https:\/\/www.ampeco.com\/blog\/b2b-partner-and-site-host-management-part-one\/\">partenaires B2B<\/a> d&rsquo;un op\u00e9rateur peuvent \u00e9mettre des re\u00e7us et des factures en leur nom, en appliquant les m\u00eames r\u00e8gles fiscales que l&rsquo;op\u00e9rateur. Cette fonctionnalit\u00e9 peut \u00eatre un atout lors des n\u00e9gociations avec des emplacements strat\u00e9giques ou des clients cl\u00e9s. Diff\u00e9rentes r\u00e8gles fiscales pour les clients B2B selon les juridictions seront bient\u00f4t disponibles.<\/p>\n\n\n\n<h2 class=\"wp-block-heading\">Fonctionnement<\/h2>\n\n\n\n<p>L&rsquo;interface backend d&rsquo;AMPECO dispose d&rsquo;un menu d\u00e9di\u00e9 \u00e0 la gestion de toutes les r\u00e8gles fiscales par op\u00e9rateur. Vous pouvez choisir entre deux modes de taxation: le \u00ab\u00a0Mode G\u00e9n\u00e9rique\u00a0\u00bb, o\u00f9 les prix incluent d\u00e9j\u00e0 les taxes et sont int\u00e9gr\u00e9s aux tarifs affich\u00e9s, et le \u00ab\u00a0Mode Fiscal US\u00a0\u00bb, o\u00f9 les prix sont saisis hors taxes et les taxes sont ajout\u00e9es s\u00e9par\u00e9ment.<\/p>\n\n\n<style>.wp-block-kadence-spacer.kt-block-spacer-43019_ff6d62-ef .kt-block-spacer{height:20px;}.wp-block-kadence-spacer.kt-block-spacer-43019_ff6d62-ef .kt-divider{border-top-width:1px;height:1px;border-top-color:#eee;width:80%;border-top-style:solid;}<\/style>\n<div class=\"wp-block-kadence-spacer aligncenter kt-block-spacer-43019_ff6d62-ef\"><div class=\"kt-block-spacer kt-block-spacer-halign-center\"><\/div><\/div>\n\n\n\n<figure class=\"wp-block-image aligncenter size-large\"><img loading=\"lazy\" decoding=\"async\" width=\"1024\" height=\"426\" src=\"https:\/\/www.ampeco.com\/content\/uploads\/2024\/06\/AMPECO-table-generic-tax-mode-vs-us-tax-mode-1024x426.png\" alt=\"Tableau AMPECO: Mode de taxation g\u00e9n\u00e9rique vs Mode fiscal US\" class=\"wp-image-34887\" title=\"\" srcset=\"https:\/\/www.ampeco.com\/content\/uploads\/2024\/06\/AMPECO-table-generic-tax-mode-vs-us-tax-mode-1024x426.png 1024w, https:\/\/www.ampeco.com\/content\/uploads\/2024\/06\/AMPECO-table-generic-tax-mode-vs-us-tax-mode-300x125.png 300w, https:\/\/www.ampeco.com\/content\/uploads\/2024\/06\/AMPECO-table-generic-tax-mode-vs-us-tax-mode-768x320.png 768w, https:\/\/www.ampeco.com\/content\/uploads\/2024\/06\/AMPECO-table-generic-tax-mode-vs-us-tax-mode-1536x639.png 1536w, https:\/\/www.ampeco.com\/content\/uploads\/2024\/06\/AMPECO-table-generic-tax-mode-vs-us-tax-mode-96x40.png 96w, https:\/\/www.ampeco.com\/content\/uploads\/2024\/06\/AMPECO-table-generic-tax-mode-vs-us-tax-mode-330x137.png 330w, https:\/\/www.ampeco.com\/content\/uploads\/2024\/06\/AMPECO-table-generic-tax-mode-vs-us-tax-mode-660x275.png 660w, https:\/\/www.ampeco.com\/content\/uploads\/2024\/06\/AMPECO-table-generic-tax-mode-vs-us-tax-mode-512x213.png 512w, https:\/\/www.ampeco.com\/content\/uploads\/2024\/06\/AMPECO-table-generic-tax-mode-vs-us-tax-mode-600x250.png 600w, https:\/\/www.ampeco.com\/content\/uploads\/2024\/06\/AMPECO-table-generic-tax-mode-vs-us-tax-mode-1200x499.png 1200w, https:\/\/www.ampeco.com\/content\/uploads\/2024\/06\/AMPECO-table-generic-tax-mode-vs-us-tax-mode-840x350.png 840w, https:\/\/www.ampeco.com\/content\/uploads\/2024\/06\/AMPECO-table-generic-tax-mode-vs-us-tax-mode-1680x699.png 1680w, https:\/\/www.ampeco.com\/content\/uploads\/2024\/06\/AMPECO-table-generic-tax-mode-vs-us-tax-mode.png 1800w\" sizes=\"auto, (max-width: 1024px) 100vw, 1024px\" \/><\/figure>\n\n\n<style>.wp-block-kadence-spacer.kt-block-spacer-43019_e6bd9b-ad .kt-block-spacer{height:20px;}.wp-block-kadence-spacer.kt-block-spacer-43019_e6bd9b-ad .kt-divider{border-top-width:1px;height:1px;border-top-color:#eee;width:80%;border-top-style:solid;}<\/style>\n<div class=\"wp-block-kadence-spacer aligncenter kt-block-spacer-43019_e6bd9b-ad\"><div class=\"kt-block-spacer kt-block-spacer-halign-center\"><\/div><\/div>\n\n\n\n<p>Vous pouvez d\u00e9finir une r\u00e8gle fiscale par d\u00e9faut pour appliquer un taux unique \u00e0 tous les types de services afin de simplifier la gestion de la fiscalit\u00e9. Pour un contr\u00f4le plus pr\u00e9cis, vous pouvez attribuer des r\u00e8gles fiscales sp\u00e9cifiques \u00e0 diff\u00e9rents types de services (tels que l\u2019\u00e9nergie, les frais de dur\u00e9e et les frais d\u2019inactivit\u00e9), en permettant l\u2019application de codes fiscaux, de cat\u00e9gories et de taux distincts pour chacun.<\/p>\n\n\n\n<p>De plus, des exceptions fiscales peuvent \u00eatre d\u00e9finies pour certains \u00c9tats, r\u00e9gions ou codes postaux afin de prendre en compte les r\u00e9glementations fiscales locales sp\u00e9cifiques. Ces fonctionnalit\u00e9s simplifient la gestion complexe de la fiscalit\u00e9 dans la recharge des VE et garantissent une gestion fiscale pr\u00e9cise et conforme \u00e0 travers diff\u00e9rentes juridictions.<\/p>\n\n\n\n<h2 class=\"wp-block-heading\">Les avantages d&rsquo;une gestion fiscale avanc\u00e9e pour les CPO<\/h2>\n\n\n\n<p>La fonctionnalit\u00e9 de gestion fiscale int\u00e9gr\u00e9e d\u2019AMPECO offre un contr\u00f4le granulaire sur chaque \u00e9l\u00e9ment tarifaire composant le montant total d\u2019une session. Cela vous permet de prendre en charge des cas d\u2019usage complexes dict\u00e9s par les r\u00e9glementations locales ou les exigences sp\u00e9cifiques \u00e0 chaque pays. Ce niveau de contr\u00f4le d\u00e9taill\u00e9 garantit une taxation pr\u00e9cise de chaque service, refl\u00e9tant ainsi le co\u00fbt r\u00e9el et les exigences de conformit\u00e9.<\/p>\n\n\n\n<p>Les op\u00e9rateurs peuvent avoir l\u2019esprit tranquille en sachant que la question cruciale de la fiscalit\u00e9 est g\u00e9r\u00e9e sans effort gr\u00e2ce \u00e0 la fonctionnalit\u00e9 int\u00e9gr\u00e9e de CPMS d\u2019AMPECO. La fiabilit\u00e9 du syst\u00e8me s\u2019\u00e9tend \u00e0 tous les pays europ\u00e9ens, aux \u00c9tats-Unis et \u00e0 d\u2019autres r\u00e9gions du monde, en faisant une solution compl\u00e8te pour les op\u00e9rations \u00e0 l\u2019\u00e9chelle mondiale.<\/p>\n\n\n<style>.wp-block-kadence-spacer.kt-block-spacer-43019_7f4544-88 .kt-block-spacer{height:20px;}.wp-block-kadence-spacer.kt-block-spacer-43019_7f4544-88 .kt-divider{border-top-width:1px;height:1px;border-top-color:#eee;width:80%;border-top-style:solid;}<\/style>\n<div class=\"wp-block-kadence-spacer aligncenter kt-block-spacer-43019_7f4544-88\"><div class=\"kt-block-spacer kt-block-spacer-halign-center\"><\/div><\/div>\n\n\n\n<figure class=\"wp-block-image aligncenter size-large\"><img loading=\"lazy\" decoding=\"async\" width=\"1024\" height=\"621\" src=\"https:\/\/www.ampeco.com\/content\/uploads\/2024\/06\/ampeco-handle-complex-taxation-scenarios-1024x621.png\" alt=\"AMPECO g\u00e8re des sc\u00e9narios de taxation complexes\" class=\"wp-image-34877\" title=\"\" srcset=\"https:\/\/www.ampeco.com\/content\/uploads\/2024\/06\/ampeco-handle-complex-taxation-scenarios-1024x621.png 1024w, https:\/\/www.ampeco.com\/content\/uploads\/2024\/06\/ampeco-handle-complex-taxation-scenarios-300x182.png 300w, https:\/\/www.ampeco.com\/content\/uploads\/2024\/06\/ampeco-handle-complex-taxation-scenarios-768x466.png 768w, https:\/\/www.ampeco.com\/content\/uploads\/2024\/06\/ampeco-handle-complex-taxation-scenarios-1536x932.png 1536w, https:\/\/www.ampeco.com\/content\/uploads\/2024\/06\/ampeco-handle-complex-taxation-scenarios-96x58.png 96w, https:\/\/www.ampeco.com\/content\/uploads\/2024\/06\/ampeco-handle-complex-taxation-scenarios-330x200.png 330w, https:\/\/www.ampeco.com\/content\/uploads\/2024\/06\/ampeco-handle-complex-taxation-scenarios-660x400.png 660w, https:\/\/www.ampeco.com\/content\/uploads\/2024\/06\/ampeco-handle-complex-taxation-scenarios-512x311.png 512w, https:\/\/www.ampeco.com\/content\/uploads\/2024\/06\/ampeco-handle-complex-taxation-scenarios-600x364.png 600w, https:\/\/www.ampeco.com\/content\/uploads\/2024\/06\/ampeco-handle-complex-taxation-scenarios-1200x728.png 1200w, https:\/\/www.ampeco.com\/content\/uploads\/2024\/06\/ampeco-handle-complex-taxation-scenarios-840x510.png 840w, https:\/\/www.ampeco.com\/content\/uploads\/2024\/06\/ampeco-handle-complex-taxation-scenarios-1680x1019.png 1680w, https:\/\/www.ampeco.com\/content\/uploads\/2024\/06\/ampeco-handle-complex-taxation-scenarios.png 1800w\" sizes=\"auto, (max-width: 1024px) 100vw, 1024px\" \/><\/figure>\n\n\n<style>.wp-block-kadence-spacer.kt-block-spacer-43019_5a74bb-27 .kt-block-spacer{height:20px;}.wp-block-kadence-spacer.kt-block-spacer-43019_5a74bb-27 .kt-divider{border-top-width:1px;height:1px;border-top-color:#eee;width:80%;border-top-style:solid;}<\/style>\n<div class=\"wp-block-kadence-spacer aligncenter kt-block-spacer-43019_5a74bb-27\"><div class=\"kt-block-spacer kt-block-spacer-halign-center\"><\/div><\/div>\n\n\n\n<h2 class=\"wp-block-heading\">AMPECO: Votre solution de gestion de recharge des VE sans tracas<\/h2>\n\n\n\n<p>De nombreuses solutions CPMS ne g\u00e8rent pas efficacement les d\u00e9fis fiscaux, laissant les op\u00e9rateurs frustr\u00e9s et expos\u00e9s \u00e0 des risques de non-conformit\u00e9. Chez AMPECO, nous comprenons ces d\u00e9fis et avons d\u00e9velopp\u00e9 une plateforme qui excelle dans la gestion des complexit\u00e9s fiscales.<\/p>\n\n\n\n<p>Notre fonctionnalit\u00e9 avanc\u00e9e de gestion fiscale int\u00e9gr\u00e9e offre un contr\u00f4le pr\u00e9cis et une flexibilit\u00e9 optimale, garantissant que votre entreprise reste conforme et efficace, quel que soit votre march\u00e9 d\u2019exploitation. Au-del\u00e0 d\u2019une plateforme robuste, nous mettons \u00e0 votre disposition une expertise juridique approfondie et des ann\u00e9es d\u2019exp\u00e9rience aupr\u00e8s d\u2019une large diversit\u00e9 de clients, nous permettant d\u2019offrir des consultations sur mesure pour r\u00e9pondre \u00e0 vos besoins et sc\u00e9narios sp\u00e9cifiques.<\/p>\n\n\n\n<div style=\"border-radius:var(--spacing-4xl, 32px);overflow:hidden;\" class=\"wp-block-group is-style-tilted-green-bg-inverse is-layout-constrained wp-block-group-is-layout-constrained\">\n<p class=\"has-text-align-center\">Ne laissez pas la gestion fiscale devenir un casse-t\u00eate. D\u00e9couvrez comment notre solution peut transformer vos op\u00e9rations et vous montrer l\u2019impact d\u2019une gestion fiscale efficace.<\/p>\n\n\n\n<div class=\"wp-block-buttons is-horizontal is-content-justification-center is-layout-flex wp-container-core-buttons-is-layout-03627597 wp-block-buttons-is-layout-flex\">\n<div class=\"wp-block-button is-style-negative-nds\"><a class=\"wp-block-button__link wp-element-button\" href=\"https:\/\/www.ampeco.com\/fr\/demo\/\">R\u00e9servez une D\u00c9MO<\/a><\/div>\n<\/div>\n\n\n\n<p><\/p>\n<\/div>\n","protected":false},"excerpt":{"rendered":"<p>G\u00e9rer la fiscalit\u00e9 dans votre activit\u00e9 de recharge des VE peut ne pas sembler aussi passionnant que les nouvelles technologies comme le V2G, mais c&rsquo;est tout aussi fondamental que l&rsquo;OCPP. La plupart [&hellip;]<\/p>\n","protected":false},"author":24,"featured_media":34898,"comment_status":"open","ping_status":"open","sticky":false,"template":"","format":"standard","meta":{"_acf_changed":false,"inline_featured_image":false,"footnotes":""},"categories":[505],"tags":[527,528,158],"class_list":["post-43019","post","type-post","status-publish","format-standard","has-post-thumbnail","hentry","category-product-highlights-fr","tag-ev-charging-taxes-fr","tag-multi-market-fr","tag-recharge-pour-vehicules-electriques"],"acf":[],"_links":{"self":[{"href":"https:\/\/www.ampeco.com\/fr\/wp-json\/wp\/v2\/posts\/43019","targetHints":{"allow":["GET"]}}],"collection":[{"href":"https:\/\/www.ampeco.com\/fr\/wp-json\/wp\/v2\/posts"}],"about":[{"href":"https:\/\/www.ampeco.com\/fr\/wp-json\/wp\/v2\/types\/post"}],"author":[{"embeddable":true,"href":"https:\/\/www.ampeco.com\/fr\/wp-json\/wp\/v2\/users\/24"}],"replies":[{"embeddable":true,"href":"https:\/\/www.ampeco.com\/fr\/wp-json\/wp\/v2\/comments?post=43019"}],"version-history":[{"count":3,"href":"https:\/\/www.ampeco.com\/fr\/wp-json\/wp\/v2\/posts\/43019\/revisions"}],"predecessor-version":[{"id":43024,"href":"https:\/\/www.ampeco.com\/fr\/wp-json\/wp\/v2\/posts\/43019\/revisions\/43024"}],"wp:featuredmedia":[{"embeddable":true,"href":"https:\/\/www.ampeco.com\/fr\/wp-json\/wp\/v2\/media\/34898"}],"wp:attachment":[{"href":"https:\/\/www.ampeco.com\/fr\/wp-json\/wp\/v2\/media?parent=43019"}],"wp:term":[{"taxonomy":"category","embeddable":true,"href":"https:\/\/www.ampeco.com\/fr\/wp-json\/wp\/v2\/categories?post=43019"},{"taxonomy":"post_tag","embeddable":true,"href":"https:\/\/www.ampeco.com\/fr\/wp-json\/wp\/v2\/tags?post=43019"}],"curies":[{"name":"wp","href":"https:\/\/api.w.org\/{rel}","templated":true}]}}