{"id":42986,"date":"2024-07-30T13:06:26","date_gmt":"2024-07-30T13:06:26","guid":{"rendered":"https:\/\/www.ampeco.com\/blog\/e-invoicing-for-ev-charging-mission-possible\/"},"modified":"2025-03-10T09:20:57","modified_gmt":"2025-03-10T09:20:57","slug":"e-invoicing-for-ev-charging-mission-possible","status":"publish","type":"post","link":"https:\/\/www.ampeco.com\/fr\/blog\/e-invoicing-for-ev-charging-mission-possible\/","title":{"rendered":"Facturation \u00e9lectronique pour la recharge des VE : mission possible"},"content":{"rendered":"\n<p>L&rsquo;\u00e9cosyst\u00e8me de la recharge des v\u00e9hicules \u00e9lectriques conna\u00eet une transformation majeure, port\u00e9e par les avanc\u00e9es technologiques et les \u00e9volutions r\u00e9glementaires. L\u2019une des \u00e9volutions les plus marquantes est l\u2019adoption mondiale de la facturation \u00e9lectronique. Cette r\u00e9volution num\u00e9rique permet non seulement d\u2019optimiser les op\u00e9rations financi\u00e8res, mais aussi d\u2019assurer la conformit\u00e9 aux normes en constante \u00e9volution \u00e0 l\u2019\u00e9chelle mondiale. Pour les op\u00e9rateurs de points de charge (CPO), comprendre et mettre en \u0153uvre la facturation \u00e9lectronique est essentiel pour rester comp\u00e9titifs et efficaces dans un secteur en pleine expansion.<\/p>\n\n\n\n<h2 class=\"wp-block-heading\"><strong>L&rsquo;essor mondial de la facturation \u00e9lectronique<\/strong><\/h2>\n\n\n\n<p>La facturation \u00e9lectronique, soit l\u2019\u00e9change d\u2019informations de facturation dans un format structur\u00e9, devient une pratique standard \u00e0 l\u2019\u00e9chelle mondiale. L\u2019Union europ\u00e9enne est \u00e0 l\u2019avant-garde de ce mouvement, avec l<a href=\"https:\/\/eur-lex.europa.eu\/legal-content\/EN\/ALL\/?uri=CELEX%3A32014L0055\" data-type=\"link\" data-id=\"https:\/\/eur-lex.europa.eu\/legal-content\/EN\/ALL\/?uri=CELEX%3A32014L0055\" rel=\"nofollow noopener\" target=\"_blank\">a directive 2014\/55\/UE<\/a> imposant l\u2019adoption de la facturation \u00e9lectronique pour les march\u00e9s publics. L\u2019UE vise \u00e0 en faire la norme par d\u00e9faut d\u2019ici janvier 2028, favorisant ainsi un standard europ\u00e9en harmonis\u00e9. Cette initiative s\u2019inscrit dans un effort plus large de modernisation du syst\u00e8me de TVA dans le cadre des r\u00e9glementations <a href=\"https:\/\/taxation-customs.ec.europa.eu\/taxation-1\/value-added-tax-vat\/vat-digital-age_en\" data-type=\"link\" data-id=\"https:\/\/taxation-customs.ec.europa.eu\/taxation-1\/value-added-tax-vat\/vat-digital-age_en\" rel=\"nofollow noopener\" target=\"_blank\">VAT in the Digital Age (ViDA)<\/a>.<\/p>\n\n\n\n<p>L\u2019essor des mod\u00e8les de <strong>Continuous Transaction Controls (CTC)<\/strong>, tels que les sp\u00e9cifications <strong>Peppol eInvoice<\/strong>, constitue une avanc\u00e9e majeure. Ces mod\u00e8les permettent la transmission et la validation des factures en temps r\u00e9el ou quasi r\u00e9el, garantissant ainsi la conformit\u00e9 et l\u2019efficacit\u00e9 op\u00e9rationnelle. Les <strong>CPO<\/strong> op\u00e9rant dans plusieurs juridictions doivent rester inform\u00e9s de ces exigences en constante \u00e9volution afin d\u2019assurer des transactions transfrontali\u00e8res sans friction.<\/p>\n\n\n\n<h2 class=\"wp-block-heading\"><strong>Pourquoi la facturation \u00e9lectronique pour la recharge des VE est essentielle pour les CPO<\/strong><\/h2>\n\n\n\n<p>Pour les CPO, la transition vers la facturation \u00e9lectronique est \u00e0 la fois une exigence de conformit\u00e9 et une opportunit\u00e9 d\u2019am\u00e9liorer l\u2019efficacit\u00e9 op\u00e9rationnelle ainsi que la satisfaction des clients.<br><br><strong>Voici quelques avantages cl\u00e9s de la facturation \u00e9lectronique :<\/strong><\/p>\n\n\n\n<ul class=\"is-style-list-nds wp-block-list\">\n<li><strong>Op\u00e9rations optimis\u00e9es <\/strong>: la facturation \u00e9lectronique automatise le processus de facturation, r\u00e9duisant ainsi le besoin de saisie manuelle et minimisant les erreurs. Elle permet un traitement plus rapide des factures et des cycles de paiement plus courts, am\u00e9liorant ainsi la gestion de la tr\u00e9sorerie et des finances.<\/li>\n\n\n\n<li><strong>Transparence accrue<\/strong> : les factures \u00e9lectroniques fournissent des informations d\u00e9taill\u00e9es et standardis\u00e9es, facilement accessibles et v\u00e9rifiables. Elles facilitent le suivi des transactions, la r\u00e9solution des litiges et garantissent une tenue de registres pr\u00e9cise.<\/li>\n\n\n\n<li><strong>R\u00e9duction des charges administratives<\/strong> : en supprimant la facturation papier, les CPO peuvent r\u00e9duire consid\u00e9rablement les co\u00fbts administratifs li\u00e9s \u00e0 l\u2019impression, \u00e0 l\u2019envoi et au stockage des factures. Cela permet non seulement des \u00e9conomies financi\u00e8res, mais contribue \u00e9galement aux objectifs de durabilit\u00e9.<\/li>\n\n\n\n<li><strong>Conformit\u00e9 et s\u00e9curit\u00e9<\/strong> : la facturation \u00e9lectronique garantit le respect des r\u00e9glementations fiscales internationales, r\u00e9duisant ainsi le risque de sanctions pour non-conformit\u00e9. De plus, les factures \u00e9lectroniques offrent des fonctionnalit\u00e9s de s\u00e9curit\u00e9 renforc\u00e9es, prot\u00e9geant les informations financi\u00e8res sensibles contre la fraude et les acc\u00e8s non autoris\u00e9s.<\/li>\n\n\n\n<li><strong>Exp\u00e9rience client<\/strong> : un processus de facturation fluide et efficace am\u00e9liore l\u2019exp\u00e9rience globale des clients. Ces derniers appr\u00e9cient la simplicit\u00e9 de recevoir et de r\u00e9gler leurs factures \u00e9lectroniquement, ce qui renforce leur satisfaction et leur fid\u00e9lit\u00e9.<\/li>\n<\/ul>\n\n\n\n<h2 class=\"wp-block-heading\">Le paysage de la facturation \u00e9lectronique \u00e0 travers le monde<\/h2>\n\n\n\n<p>L\u2019adoption de la facturation \u00e9lectronique varie selon les r\u00e9gions, certains pays \u00e9tant en avance tandis que d\u2019autres rattrapent progressivement leur retard. Voici quelques d\u00e9veloppements notables :<\/p>\n\n\n\n<h3 class=\"wp-block-heading\"><strong>Europe<\/strong><\/h3>\n\n\n\n<p>L\u2019Italie et l\u2019Espagne ont \u00e9t\u00e9 les premiers pays \u00e0 mettre en place la facturation \u00e9lectronique obligatoire pour les transactions B2B et B2G. En France, la facturation \u00e9lectronique B2G est obligatoire depuis 2017, et la Direction g\u00e9n\u00e9rale des finances publiques (DGFIP) a annonc\u00e9 son intention de g\u00e9n\u00e9raliser la facturation et la d\u00e9claration \u00e9lectroniques \u00e0 l\u2019\u00e9chelle nationale \u00e0 partir du 1er septembre 2026. Par ailleurs, le minist\u00e8re f\u00e9d\u00e9ral des Finances allemand (BMF) a publi\u00e9 <a href=\"https:\/\/www.bundesfinanzministerium.de\/Content\/DE\/Downloads\/BMF_Schreiben\/Steuerarten\/Umsatzsteuer\/2024-06-14-entwurf-einfuehrung-e-rechnung.html\" data-type=\"link\" data-id=\"https:\/\/www.bundesfinanzministerium.de\/Content\/DE\/Downloads\/BMF_Schreiben\/Steuerarten\/Umsatzsteuer\/2024-06-14-entwurf-einfuehrung-e-rechnung.html\" rel=\"nofollow noopener\" target=\"_blank\">un projet de directive<\/a> concernant l\u2019obligation prochaine de facturation \u00e9lectronique, qui entrera en vigueur le 1er janvier 2025. Cette obligation exigera d\u2019abord des entreprises qu\u2019elles puissent recevoir des factures \u00e9lectroniques, tandis que l\u2019\u00e9mission obligatoire de ces factures sera mise en place progressivement en 2027 et 2028. En Pologne, le minist\u00e8re des Finances introduira la facturation \u00e9lectronique obligatoire via le syst\u00e8me KSeF en deux phases : \u00e0 partir du 1er f\u00e9vrier 2026 pour les grandes entreprises, puis pour l\u2019ensemble des contribuables \u00e0 compter du 1er avril 2026.<\/p>\n\n\n\n<h3 class=\"wp-block-heading\"><strong>Am\u00e9riques<\/strong><\/h3>\n\n\n\n<p>Le Comprobante Fiscal Digital por Internet (CFDI) est un format de facture \u00e9lectronique obligatoire au Mexique et utilis\u00e9 dans certains pays d\u2019Am\u00e9rique latine. Il sert de re\u00e7u fiscal num\u00e9rique, d\u00e9taillant une transaction commerciale, y compris les biens ou services fournis, leurs co\u00fbts et les taxes calcul\u00e9es. La nouvelle version CFDI 4.0, entr\u00e9e en vigueur en janvier 2023, impose la facturation \u00e9lectronique \u00e0 tous les contribuables au Mexique. De m\u00eame, la Colombie exige l\u2019\u00e9mission de factures \u00e9lectroniques pour les syst\u00e8mes de point de vente (POS) d\u00e9passant certains seuils.<\/p>\n\n\n\n<h3 class=\"wp-block-heading\"><strong>APAC&nbsp;<\/strong><\/h3>\n\n\n\n<p>L\u2019avantage de pr\u00e9curseur de l\u2019UE en mati\u00e8re de facturation \u00e9lectronique facilite le commerce au-del\u00e0 de ses fronti\u00e8res gr\u00e2ce \u00e0 l\u2019expansion pr\u00e9vue des partenariats internationaux et au soutien du mod\u00e8le europ\u00e9en de facturation \u00e9lectronique dans un nombre croissant de pays non membres de l\u2019UE. Ce mod\u00e8le, bas\u00e9 sur la norme europ\u00e9enne et les sp\u00e9cifications techniques Peppol, a \u00e9t\u00e9 adopt\u00e9 dans des pays tels que la Nouvelle-Z\u00e9lande, l\u2019Australie, la Malaisie, le Japon et Singapour. Les nouveaux d\u00e9veloppements incluent la d\u00e9claration conjointe du Conseil du commerce et des technologies UE-\u00c9tats-Unis ainsi que des n\u00e9gociations en cours sur des accords de libre-\u00e9change avec l\u2019Inde et la Tha\u00eflande. Par ailleurs, des accords de commerce num\u00e9rique ont \u00e9t\u00e9 conclus avec la Cor\u00e9e du Sud et Singapour, qui ont sign\u00e9 des partenariats num\u00e9riques avec l\u2019UE.<\/p>\n\n\n\n<h3 class=\"wp-block-heading\"><strong>Moyen-Orient<\/strong><\/h3>\n\n\n\n<p>L\u2019Arabie saoudite est entr\u00e9e dans la \u00ab\u00a0phase 2\u00a0\u00bb de la facturation \u00e9lectronique en janvier 2023, imposant \u00e0 tous les contribuables de partager leurs donn\u00e9es et de d\u00e9clarer leurs factures pour validation et v\u00e9rification.<\/p>\n\n\n\n<h2 class=\"wp-block-heading\"><strong>Facturation \u00e9lectronique dans l&rsquo;UE : conformit\u00e9 et d\u00e9claration<\/strong><\/h2>\n\n\n\n<p>Conform\u00e9ment \u00e0 la directive de l\u2019UE, toutes les factures \u00e9lectroniques doivent \u00eatre d\u00e9clar\u00e9es \u00e0 l\u2019administration fiscale nationale via une plateforme sp\u00e9cifique \u00e0 chaque pays, en respectant les sp\u00e9cifications techniques de soumission et de validation. Selon la complexit\u00e9 du processus, une int\u00e9gration avec des tiers peut permettre une transmission fluide et ponctuelle des factures \u00e9lectroniques \u00e9mises aux autorit\u00e9s fiscales nationales.<\/p>\n\n\n\n<p>Lors du webinaire \u00ab\u00a0Exploring the Future of E-Invoicing\u00a0\u00bb organis\u00e9 par <a href=\"https:\/\/www.theinvoicinghub.com\/highlights-of-the-european-commission-e-invoicing-webinar\/\" data-type=\"link\" data-id=\"https:\/\/www.theinvoicinghub.com\/highlights-of-the-european-commission-e-invoicing-webinar\/\" rel=\"nofollow noopener\" target=\"_blank\">la Commission europ\u00e9enne<\/a> le 17 avril 2024, des leaders du secteur et des d\u00e9cideurs politiques se sont r\u00e9unis pour discuter de l\u2019avenir de la facturation \u00e9lectronique. L\u2019\u00e9v\u00e9nement a mis en avant les principales conclusions du rapport sur la directive eInvoicing et a explor\u00e9 les initiatives futures visant \u00e0 renforcer l\u2019adoption de la facturation \u00e9lectronique au sein de l\u2019UE.<\/p>\n\n\n\n<p>AMPECO a \u00e9t\u00e9 mis en avant lors du webinaire en tant que pionnier de l\u2019\u00e9cosyst\u00e8me des VE, soulignant l\u2019importance de la facturation \u00e9lectronique et apportant des perspectives pr\u00e9cieuses. Petar Georgiev, Head of Strategic Alliances, Regulatory Affairs &amp; Sustainability chez AMPECO, a pr\u00e9sent\u00e9 un cas d\u2019usage convaincant de l\u2019impl\u00e9mentation de la facturation \u00e9lectronique dans le secteur de la recharge des VE. Il a d\u00e9clar\u00e9 :<\/p>\n\n\n\n<p>\u201cEn int\u00e9grant la facturation \u00e9lectronique \u00e0 notre plateforme compl\u00e8te de gestion de la recharge des VE, nous optimisons non seulement les processus administratifs, mais nous renfor\u00e7ons \u00e9galement la transparence et la conformit\u00e9 pour nos clients. Notre approche incarne pleinement l\u2019avenir de l\u2019\u00e9cosyst\u00e8me des VE.\u201d<\/p>\n\n\n\n<h2 class=\"wp-block-heading\"><strong>Comment AMPECO rel\u00e8ve le d\u00e9fi de la facturation \u00e9lectronique pour les CPO<\/strong><\/h2>\n\n\n\n<p>La plateforme d\u2019AMPECO propose des <a href=\"https:\/\/www.ampeco.com\/blog\/ampecos-built-in-invoicing-capabilities-for-ev-charging-businesses\/\" data-type=\"link\" data-id=\"https:\/\/www.ampeco.com\/blog\/ampecos-built-in-invoicing-capabilities-for-ev-charging-businesses\/\">fonctionnalit\u00e9s int\u00e9gr\u00e9es de facturation \u00e9lectronique<\/a>, permettant aux CPO de g\u00e9n\u00e9rer, envoyer et g\u00e9rer leurs factures \u00e9lectroniques directement au sein du syst\u00e8me. Cette int\u00e9gration garantit un flux de travail fluide et \u00e9limine le besoin de solutions de facturation tierces.<\/p>\n\n\n\n<h3 class=\"wp-block-heading\"><strong>Les principales fonctionnalit\u00e9s de la solution de facturation \u00e9lectronique d\u2019AMPECO incluent :<\/strong><\/h3>\n\n\n\n<ul class=\"is-style-list-nds wp-block-list\">\n<li><strong>Envoi fluide des factures<\/strong> : facturation automatis\u00e9e par e-mail apr\u00e8s les transactions ou \u00e0 des intervalles d\u00e9finis.<\/li>\n\n\n\n<li><strong>D\u00e9tail pr\u00e9cis des services<\/strong> : factures mensuelles comprenant des informations compl\u00e8tes sur les services, favorisant la transparence.<\/li>\n\n\n\n<li><strong>Options de personnalisation<\/strong> : factures personnalis\u00e9es avec logos d\u2019entreprise et champs de donn\u00e9es flexibles.<\/li>\n\n\n\n<li><strong>Conformit\u00e9 et flexibilit\u00e9<\/strong> : taux de TVA adaptables et fonctionnalit\u00e9s de conformit\u00e9 sp\u00e9cifiques aux march\u00e9s.<\/li>\n\n\n\n<li><strong>Gestion intuitive<\/strong> : modification des factures en back-end et collecte flexible des donn\u00e9es de facturation.<\/li>\n\n\n\n<li><strong>Archivage complet des documents<\/strong> : stockage des factures et fonctionnalit\u00e9s d\u2019exportation.<\/li>\n\n\n\n<li><strong>Prise en charge de divers sc\u00e9narios de recharge<\/strong> : y compris la gestion de la facturation pour la recharge ad hoc.<\/li>\n<\/ul>\n\n\n\n<p>En proposant ces fonctionnalit\u00e9s, <strong>AMPECO<\/strong> permet aux <strong>CPO<\/strong> de g\u00e9rer efficacement la complexit\u00e9 de la <strong>facturation \u00e9lectronique<\/strong>, en garantissant leur conformit\u00e9 aux r\u00e9glementations en constante \u00e9volution tout en offrant une exp\u00e9rience fluide \u00e0 leurs clients. Cette approche r\u00e9pond non seulement aux d\u00e9fis actuels de la facturation \u00e9lectronique, mais elle positionne \u00e9galement les <strong>CPO<\/strong> pour une croissance future sur le march\u00e9 dynamique de la <strong>recharge des VE<\/strong>.<\/p>\n\n\n\n<h2 class=\"wp-block-heading\"><strong>L\u2019avenir de la facturation \u00e9lectronique<\/strong><\/h2>\n\n\n\n<p>L\u2019adoption croissante des obligations de facturation \u00e9lectronique \u00e0 travers l\u2019UE a un impact significatif sur divers secteurs, y compris celui de la recharge des VE. \u00c0 mesure que les \u00c9tats membres mettent en \u0153uvre ces r\u00e9glementations, les entreprises de recharge doivent abandonner les syst\u00e8mes papier traditionnels au profit de la facturation \u00e9lectronique. Cette transition permet d\u2019optimiser la cr\u00e9ation, la transmission et le stockage des factures, renfor\u00e7ant ainsi la transparence, r\u00e9duisant la charge administrative et limitant les risques de fraude fiscale. Ces am\u00e9liorations en mati\u00e8re d\u2019efficacit\u00e9 et de responsabilit\u00e9 favorisent des transactions plus fluides entre les fournisseurs de recharge et leurs clients, offrant ainsi une exp\u00e9rience num\u00e9rique optimis\u00e9e dans un march\u00e9 de la mobilit\u00e9 \u00e9lectrique en pleine expansion.<\/p>\n\n\n\n<p>Des efforts sont en cours pour garantir une harmonisation entre les \u00c9tats membres sur la base de la norme europ\u00e9enne de facturation \u00e9lectronique, afin de rem\u00e9dier \u00e0 la fragmentation caus\u00e9e par les mises en \u0153uvre nationales. Un soutien accru est apport\u00e9 aux solutions interop\u00e9rables et aux m\u00e9thodes de transmission, avec un alignement des processus B2G, B2B et B2C. L\u2019UE \u00e9tend \u00e9galement ses partenariats internationaux, en promouvant le mod\u00e8le europ\u00e9en de facturation \u00e9lectronique dans des pays hors UE, tels que Singapour, le Japon et les \u00c9tats-Unis.<\/p>\n\n\n\n<p><strong>AMPECO<\/strong> s\u2019engage \u00e0 accompagner les <strong>CPO<\/strong> dans cette transition, en leur fournissant les outils et solutions n\u00e9cessaires pour g\u00e9rer la complexit\u00e9 de la <strong>facturation \u00e9lectronique<\/strong> et prosp\u00e9rer \u00e0 l\u2019\u00e8re du num\u00e9rique. En anticipant les \u00e9volutions r\u00e9glementaires et les avanc\u00e9es technologiques, les <strong>CPO<\/strong> peuvent garantir la p\u00e9rennit\u00e9 de leurs op\u00e9rations et se positionner pour une <strong>croissance durable<\/strong> sur le march\u00e9 dynamique de la <strong>recharge des VE<\/strong>.<\/p>\n\n\n\n<div style=\"border-radius:var(--spacing-4xl, 32px);overflow:hidden;\" class=\"wp-block-group is-style-tilted-green-bg-inverse is-layout-constrained wp-block-group-is-layout-constrained\">\n<p class=\"has-text-align-center\">Optimisez vos op\u00e9rations de recharge des VE et assurez votre conformit\u00e9 avec la solution avanc\u00e9e de facturation \u00e9lectronique d\u2019AMPECO.<\/p>\n\n\n\n<div class=\"wp-block-buttons is-horizontal is-content-justification-center is-layout-flex wp-container-core-buttons-is-layout-03627597 wp-block-buttons-is-layout-flex\">\n<div class=\"wp-block-button is-style-negative-nds\"><a class=\"wp-block-button__link wp-element-button\" href=\"https:\/\/www.ampeco.com\/book-ev-charging-consultation\/https:\/\/www.ampeco.com\/demo\/\">Planifiez une consultation<\/a><\/div>\n<\/div>\n\n\n\n<h2 class=\"wp-block-heading\"><\/h2>\n<\/div>\n","protected":false},"excerpt":{"rendered":"<p>L&rsquo;\u00e9cosyst\u00e8me de la recharge des v\u00e9hicules \u00e9lectriques conna\u00eet une transformation majeure, port\u00e9e par les avanc\u00e9es technologiques et les \u00e9volutions r\u00e9glementaires. L\u2019une des \u00e9volutions les plus marquantes est l\u2019adoption mondiale de la facturation [&hellip;]<\/p>\n","protected":false},"author":35,"featured_media":36021,"comment_status":"open","ping_status":"open","sticky":false,"template":"","format":"standard","meta":{"_acf_changed":false,"inline_featured_image":false,"footnotes":""},"categories":[512,521],"tags":[522,158],"class_list":["post-42986","post","type-post","status-publish","format-standard","has-post-thumbnail","hentry","category-software-fr","category-policy-corner-fr","tag-e-invoicing-fr","tag-recharge-pour-vehicules-electriques"],"acf":[],"_links":{"self":[{"href":"https:\/\/www.ampeco.com\/fr\/wp-json\/wp\/v2\/posts\/42986","targetHints":{"allow":["GET"]}}],"collection":[{"href":"https:\/\/www.ampeco.com\/fr\/wp-json\/wp\/v2\/posts"}],"about":[{"href":"https:\/\/www.ampeco.com\/fr\/wp-json\/wp\/v2\/types\/post"}],"author":[{"embeddable":true,"href":"https:\/\/www.ampeco.com\/fr\/wp-json\/wp\/v2\/users\/35"}],"replies":[{"embeddable":true,"href":"https:\/\/www.ampeco.com\/fr\/wp-json\/wp\/v2\/comments?post=42986"}],"version-history":[{"count":3,"href":"https:\/\/www.ampeco.com\/fr\/wp-json\/wp\/v2\/posts\/42986\/revisions"}],"predecessor-version":[{"id":42992,"href":"https:\/\/www.ampeco.com\/fr\/wp-json\/wp\/v2\/posts\/42986\/revisions\/42992"}],"wp:featuredmedia":[{"embeddable":true,"href":"https:\/\/www.ampeco.com\/fr\/wp-json\/wp\/v2\/media\/36021"}],"wp:attachment":[{"href":"https:\/\/www.ampeco.com\/fr\/wp-json\/wp\/v2\/media?parent=42986"}],"wp:term":[{"taxonomy":"category","embeddable":true,"href":"https:\/\/www.ampeco.com\/fr\/wp-json\/wp\/v2\/categories?post=42986"},{"taxonomy":"post_tag","embeddable":true,"href":"https:\/\/www.ampeco.com\/fr\/wp-json\/wp\/v2\/tags?post=42986"}],"curies":[{"name":"wp","href":"https:\/\/api.w.org\/{rel}","templated":true}]}}