{"id":42872,"date":"2024-10-25T07:07:14","date_gmt":"2024-10-25T07:07:14","guid":{"rendered":"https:\/\/www.ampeco.com\/blog\/4-challenges-holding-back-ev-charging-networks\/"},"modified":"2025-03-05T09:27:34","modified_gmt":"2025-03-05T09:27:34","slug":"4-challenges-holding-back-ev-charging-networks","status":"publish","type":"post","link":"https:\/\/www.ampeco.com\/fr\/blog\/4-challenges-holding-back-ev-charging-networks\/","title":{"rendered":"4 d\u00e9fis majeurs freinant le d\u00e9veloppement des r\u00e9seaux de recharge pour v\u00e9hicules \u00e9lectriques"},"content":{"rendered":"\n<h2 class=\"wp-block-heading\">Analyses du PDG d\u2019AMPECO<\/h2>\n\n\n\n<p>Lors de la r\u00e9cente conf\u00e9rence Intercharge Network Conference (ICNC 2024), le PDG d\u2019AMPECO, Orlin Radev, a prononc\u00e9 un discours percutant qui a mis en lumi\u00e8re les difficult\u00e9s majeures de l\u2019industrie de la recharge des v\u00e9hicules \u00e9lectriques. Gr\u00e2ce \u00e0 la plateforme d\u2019AMPECO, qui accompagne 150 CPO et eMSP sur 60 march\u00e9s, Orlin a apport\u00e9 un \u00e9clairage unique sur les 4 d\u00e9fis fondamentaux qui freinent le potentiel de cette industrie.<\/p>\n\n\n<style>.wp-block-kadence-spacer.kt-block-spacer-42872_0bc8a8-85 .kt-block-spacer{height:40px;}.wp-block-kadence-spacer.kt-block-spacer-42872_0bc8a8-85 .kt-divider{border-top-width:1px;height:1px;border-top-color:#eee;width:80%;border-top-style:solid;}<\/style>\n<div class=\"wp-block-kadence-spacer aligncenter kt-block-spacer-42872_0bc8a8-85\"><div class=\"kt-block-spacer kt-block-spacer-halign-center\"><\/div><\/div>\n\n\n\n\n<div id=\"video-block_d791defeb0127c3e0930ecf8e32f6944\" class=\"block-video\">\n\t<div class=\"video-wrap\" data-embed=\"V7cteIH4fLw\">\n\t\t\t\t<div class=\"play-button-box\">\n\t\t\t<div class=\"play-button\"><\/div>\n\t\t\t<div class=\"play-button-text\">Play video<\/div>\n\t\t<\/div>\n\n\n\t<\/div>\n<\/div>\n\n\n<style>.wp-block-kadence-spacer.kt-block-spacer-42872_11662d-c6 .kt-block-spacer{height:40px;}.wp-block-kadence-spacer.kt-block-spacer-42872_11662d-c6 .kt-divider{border-top-width:1px;height:1px;border-top-color:#eee;width:80%;border-top-style:solid;}<\/style>\n<div class=\"wp-block-kadence-spacer aligncenter kt-block-spacer-42872_11662d-c6\"><div class=\"kt-block-spacer kt-block-spacer-halign-center\"><\/div><\/div>\n\n\n\n<h2 class=\"wp-block-heading\">Quels enjeux pour les CPO?<\/h2>\n\n\n\n<p>L\u2019industrie de la recharge des v\u00e9hicules \u00e9lectriques se trouve \u00e0 un tournant d\u00e9cisif. Les performances r\u00e9centes du march\u00e9 des op\u00e9rateurs de recharge publique r\u00e9v\u00e8lent des tendances pr\u00e9occupantes, certains acteurs majeurs ayant vu la valorisation de leurs actions chuter de plus de 70 %, tandis que d\u2019autres font face \u00e0 des consolidations ou des restructurations. Ces \u00e9volutions ne sont pas de simples chiffres sur un graphique \u2013 elles constituent un avertissement clair sur les d\u00e9fis fondamentaux auxquels l\u2019industrie est confront\u00e9e.<\/p>\n\n\n\n<div id=\"ampeco-who-block-block_8b81c274e4020d11f6b4cfe9b06a8ffd\" class=\"block-ampeco-who-block\">\n\t<div class=\"awb_bgtext\"><\/div>\n\t<div class=\"awb_image\">\t\t\t\t\t\t\t<img loading=\"lazy\" decoding=\"async\" width=\"800\" height=\"800\" src=\"https:\/\/www.ampeco.com\/content\/uploads\/2024\/10\/photo-AMPECO-ceo-orlin-radev2-e1729664719169.png\" class=\"attachment-full size-full\" alt=\"Orlin Radev, CEO at AMPECO\" title=\"\">\t\t\t<\/div>\n\t<div class=\"awb_quote\">\u00ab\u00a0Si vous pensez pouvoir gagner de l&rsquo;argent rapidement ici, vous vous trompez d\u2019industrie. Ce secteur est destin\u00e9 aux acteurs s\u00e9rieux et engag\u00e9s sur le long terme, qui deviendront les leaders et consolidateurs du march\u00e9 dans quelques ann\u00e9es.\u00a0\u00bb<\/div>\n\t<div class=\"awb_name\">Orlin Radev<\/div>\n\t<div class=\"awb_title\">CEO at AMPECO<\/div>\n<\/div>\n\n\n\n<p>Les cons\u00e9quences d\u2019un manque de r\u00e9ponse \u00e0 ces d\u00e9fis sont graves : perte de confiance des clients, r\u00e9duction des parts de march\u00e9, faibles retours sur investissement et, \u00e0 terme, un ralentissement de l\u2019adoption des v\u00e9hicules \u00e9lectriques qui pourrait compromettre les objectifs climatiques mondiaux. Comme l\u2019indique Aurelien de Meaux, cofondateur et PDG d\u2019Electra : \u00ab Nous allons probablement assister \u00e0 une p\u00e9riode darwinienne au cours des trois prochaines ann\u00e9es, avec une importante consolidation parmi les CPO. J\u2019estime que moins de la moiti\u00e9 des acteurs actuels survivront d\u2019ici la fin de la d\u00e9cennie. \u00bb<\/p>\n\n\n\n<h2 class=\"wp-block-heading\">D\u00e9fis de la recharge des v\u00e9hicules \u00e9lectriques : Qu\u2019est-ce qui nous freine?<\/h2>\n\n\n\n<p>Gr\u00e2ce \u00e0 l\u2019exp\u00e9rience approfondie d\u2019AMPECO aupr\u00e8s des r\u00e9seaux de recharge du monde entier, Orlin a identifi\u00e9 quatre d\u00e9fis fondamentaux auxquels l\u2019industrie de la recharge des v\u00e9hicules \u00e9lectriques est confront\u00e9e : la fiabilit\u00e9, la simplicit\u00e9 d\u2019utilisation, la conformit\u00e9 r\u00e9glementaire et la rentabilit\u00e9. Ces enjeux interd\u00e9pendants forment un puzzle complexe que les op\u00e9rateurs de bornes de recharge doivent r\u00e9soudre pour r\u00e9ussir sur un march\u00e9 en constante \u00e9volution.<\/p>\n\n\n\n<h3 class=\"wp-block-heading\">La fiabilit\u00e9 reste un probl\u00e8me majeur dans toute l\u2019industrie<\/h3>\n\n\n\n<p>Malgr\u00e9 des ann\u00e9es d\u2019innovation, la fiabilit\u00e9 des bornes de recharge reste un d\u00e9fi majeur. Orlin a cit\u00e9 des statistiques alarmantes : cette ann\u00e9e, 36 % des bornes ChargePoint et 25 % des bornes EVGo aux \u00c9tats-Unis \u00e9taient hors service, et 18 % de toutes les sessions de recharge ont \u00e9chou\u00e9 en 2023, illustrant l\u2019ampleur du probl\u00e8me.<\/p>\n\n\n\n<p>\u201cDans d\u2019autres industries, nous attendons une disponibilit\u00e9 quasi parfaite. Dans la recharge des v\u00e9hicules \u00e9lectriques, nous en sommes encore loin.\u201d<\/p>\n\n\n\n<p>Atteindre un taux de disponibilit\u00e9 \u00e9lev\u00e9 est un d\u00e9fi en raison de plusieurs facteurs, notamment la diversit\u00e9 du mat\u00e9riel, les probl\u00e8mes d\u2019int\u00e9gration logicielle et l\u2019absence de maintenance proactive. De nombreux CPO ne d\u00e9couvrent un probl\u00e8me que lorsque les clients se plaignent, ce qui les oblige \u00e0 r\u00e9agir plut\u00f4t qu\u2019\u00e0 anticiper. Am\u00e9liorer la fiabilit\u00e9 ne consiste pas seulement \u00e0 r\u00e9soudre les probl\u00e8mes existants, mais aussi \u00e0 mettre en place des syst\u00e8mes permettant de les d\u00e9tecter et de les corriger de mani\u00e8re proactive avant qu\u2019ils n\u2019affectent les utilisateurs.<\/p>\n\n\n\n<h3 class=\"wp-block-heading\">La bataille pour la simplicit\u00e9<\/h3>\n\n\n\n<p>L\u2019interop\u00e9rabilit\u00e9, la multiplication des applications et l\u2019incoh\u00e9rence des exp\u00e9riences utilisateur accentuent la complexit\u00e9 de la recharge des v\u00e9hicules \u00e9lectriques. Qu\u2019il s\u2019agisse de l\u2019application d\u2019un CPO, d\u2019une plateforme eMSP ou de prestataires tiers comme Plugshare, la fragmentation des syst\u00e8mes entra\u00eene une exp\u00e9rience utilisateur d\u00e9cousue. Cette complexit\u00e9 a un impact direct sur la satisfaction des clients et leur fid\u00e9lisation.<\/p>\n\n\n\n<p>\u201cCeux qui remporteront la bataille de la commodit\u00e9 et de la simplicit\u00e9 auront le taux le plus \u00e9lev\u00e9 de clients satisfaits et fid\u00e8les.\u201d<\/p>\n\n\n\n<p>Pour les CPO, le d\u00e9fi consiste \u00e0 offrir une exp\u00e9rience fluide et intuitive int\u00e9grant l\u2019itin\u00e9rance, les paiements, la navigation et la gestion des sessions de recharge \u00e0 travers plusieurs syst\u00e8mes. La simplicit\u00e9 sera un facteur de diff\u00e9renciation cl\u00e9 pour les entreprises qui r\u00e9ussiront dans ce secteur.<\/p>\n\n\n<style>.wp-block-kadence-spacer.kt-block-spacer-42872_e0b1cd-8b .kt-block-spacer{height:20px;}.wp-block-kadence-spacer.kt-block-spacer-42872_e0b1cd-8b .kt-divider{border-top-width:1px;height:1px;border-top-color:#eee;width:80%;border-top-style:solid;}<\/style>\n<div class=\"wp-block-kadence-spacer aligncenter kt-block-spacer-42872_e0b1cd-8b\"><div class=\"kt-block-spacer kt-block-spacer-halign-center\"><\/div><\/div>\n\n\n\n<figure class=\"wp-block-image aligncenter size-large\"><img loading=\"lazy\" decoding=\"async\" width=\"1024\" height=\"522\" src=\"https:\/\/www.ampeco.com\/content\/uploads\/2024\/10\/ampeco-blog-battle-for-simplicity-1024x522.png\" alt=\"Blog AMPECO : La bataille pour la simplicit\u00e9\" class=\"wp-image-40340\" title=\"\" srcset=\"https:\/\/www.ampeco.com\/content\/uploads\/2024\/10\/ampeco-blog-battle-for-simplicity-1024x522.png 1024w, https:\/\/www.ampeco.com\/content\/uploads\/2024\/10\/ampeco-blog-battle-for-simplicity-300x153.png 300w, https:\/\/www.ampeco.com\/content\/uploads\/2024\/10\/ampeco-blog-battle-for-simplicity-768x391.png 768w, https:\/\/www.ampeco.com\/content\/uploads\/2024\/10\/ampeco-blog-battle-for-simplicity-1536x783.png 1536w, https:\/\/www.ampeco.com\/content\/uploads\/2024\/10\/ampeco-blog-battle-for-simplicity-96x49.png 96w, https:\/\/www.ampeco.com\/content\/uploads\/2024\/10\/ampeco-blog-battle-for-simplicity-330x168.png 330w, https:\/\/www.ampeco.com\/content\/uploads\/2024\/10\/ampeco-blog-battle-for-simplicity-660x336.png 660w, https:\/\/www.ampeco.com\/content\/uploads\/2024\/10\/ampeco-blog-battle-for-simplicity-512x261.png 512w, https:\/\/www.ampeco.com\/content\/uploads\/2024\/10\/ampeco-blog-battle-for-simplicity-600x306.png 600w, https:\/\/www.ampeco.com\/content\/uploads\/2024\/10\/ampeco-blog-battle-for-simplicity-1200x611.png 1200w, https:\/\/www.ampeco.com\/content\/uploads\/2024\/10\/ampeco-blog-battle-for-simplicity-840x428.png 840w, https:\/\/www.ampeco.com\/content\/uploads\/2024\/10\/ampeco-blog-battle-for-simplicity-1680x856.png 1680w, https:\/\/www.ampeco.com\/content\/uploads\/2024\/10\/ampeco-blog-battle-for-simplicity-32x16.png 32w, https:\/\/www.ampeco.com\/content\/uploads\/2024\/10\/ampeco-blog-battle-for-simplicity.png 1800w\" sizes=\"auto, (max-width: 1024px) 100vw, 1024px\" \/><\/figure>\n\n\n<style>.wp-block-kadence-spacer.kt-block-spacer-42872_b414ac-d8 .kt-block-spacer{height:20px;}.wp-block-kadence-spacer.kt-block-spacer-42872_b414ac-d8 .kt-divider{border-top-width:1px;height:1px;border-top-color:#eee;width:80%;border-top-style:solid;}<\/style>\n<div class=\"wp-block-kadence-spacer aligncenter kt-block-spacer-42872_b414ac-d8\"><div class=\"kt-block-spacer kt-block-spacer-halign-center\"><\/div><\/div>\n\n\n\n<h3 class=\"wp-block-heading\">Naviguer dans le labyrinthe r\u00e9glementaire<\/h3>\n\n\n\n<p>Avec des milliers de r\u00e9glementations couvrant les paiements, la s\u00e9curit\u00e9 des donn\u00e9es et les normes de construction, l\u2019\u00e9volution constante du cadre r\u00e9glementaire ajoute une couche suppl\u00e9mentaire de complexit\u00e9 pour les CPO.<\/p>\n\n\n\n<p>Par exemple, la conformit\u00e9 aux r\u00e9glementations <a href=\"https:\/\/www.ampeco.com\/blog\/eichrecht-the-german-calibration-law-dos-and-donts\/\" data-type=\"link\" data-id=\"https:\/\/www.ampeco.com\/blog\/eichrecht-the-german-calibration-law-dos-and-donts\/\">Eichrecht en Allemagne<\/a> pour un comptage et une facturation pr\u00e9cis, le respect <a href=\"https:\/\/www.ampeco.com\/blog\/uk-public-charge-point-regulations\/\" data-type=\"link\" data-id=\"https:\/\/www.ampeco.com\/blog\/uk-public-charge-point-regulations\/\">des r\u00e9glementations britanniques sur les bornes de recharge publiques imposant<\/a> une tarification transparente et des paiements sans contact, ainsi que l\u2019application des exigences du r\u00e8glement sur <a href=\"https:\/\/www.ampeco.com\/blog\/ad-hoc-payments-comply-with-afir\/\" data-type=\"link\" data-id=\"https:\/\/www.ampeco.com\/blog\/ad-hoc-payments-comply-with-afir\/\">l\u2019infrastructure pour les carburants alternatifs (AFIR)<\/a> visant l\u2019harmonisation \u00e0 l\u2019\u00e9chelle de l\u2019UE, peuvent repr\u00e9senter des d\u00e9fis particuli\u00e8rement complexes.<\/p>\n\n\n\n<p>Cet environnement en constante \u00e9volution oblige les CPO \u00e0 faire preuve d\u2019agilit\u00e9 et \u00e0 garantir la conformit\u00e9 de leur mat\u00e9riel et de leur logiciel aux r\u00e9glementations locales et internationales. S\u2019adapter aux nouvelles r\u00e9glementations peut \u00eatre co\u00fbteux et chronophage, en particulier si la pile logicielle n\u2019est pas suffisamment flexible pour g\u00e9rer ces changements efficacement.<\/p>\n\n\n<style>.wp-block-kadence-spacer.kt-block-spacer-42872_1a1af1-c2 .kt-block-spacer{height:20px;}.wp-block-kadence-spacer.kt-block-spacer-42872_1a1af1-c2 .kt-divider{border-top-width:1px;height:1px;border-top-color:#eee;width:80%;border-top-style:solid;}<\/style>\n<div class=\"wp-block-kadence-spacer aligncenter kt-block-spacer-42872_1a1af1-c2\"><div class=\"kt-block-spacer kt-block-spacer-halign-center\"><\/div><\/div>\n\n\n\n<figure class=\"wp-block-image aligncenter size-large\"><img loading=\"lazy\" decoding=\"async\" width=\"1024\" height=\"576\" src=\"https:\/\/www.ampeco.com\/content\/uploads\/2024\/10\/ampeco-blog-navigating-regulations-minefield-1024x576.png\" alt=\"Blog AMPECO : Naviguer dans le labyrinthe r\u00e9glementaire\" class=\"wp-image-40355\" title=\"\" srcset=\"https:\/\/www.ampeco.com\/content\/uploads\/2024\/10\/ampeco-blog-navigating-regulations-minefield-1024x576.png 1024w, https:\/\/www.ampeco.com\/content\/uploads\/2024\/10\/ampeco-blog-navigating-regulations-minefield-300x169.png 300w, https:\/\/www.ampeco.com\/content\/uploads\/2024\/10\/ampeco-blog-navigating-regulations-minefield-768x432.png 768w, https:\/\/www.ampeco.com\/content\/uploads\/2024\/10\/ampeco-blog-navigating-regulations-minefield-1536x864.png 1536w, https:\/\/www.ampeco.com\/content\/uploads\/2024\/10\/ampeco-blog-navigating-regulations-minefield-96x54.png 96w, https:\/\/www.ampeco.com\/content\/uploads\/2024\/10\/ampeco-blog-navigating-regulations-minefield-330x186.png 330w, https:\/\/www.ampeco.com\/content\/uploads\/2024\/10\/ampeco-blog-navigating-regulations-minefield-660x371.png 660w, https:\/\/www.ampeco.com\/content\/uploads\/2024\/10\/ampeco-blog-navigating-regulations-minefield-512x288.png 512w, https:\/\/www.ampeco.com\/content\/uploads\/2024\/10\/ampeco-blog-navigating-regulations-minefield-600x338.png 600w, https:\/\/www.ampeco.com\/content\/uploads\/2024\/10\/ampeco-blog-navigating-regulations-minefield-1200x675.png 1200w, https:\/\/www.ampeco.com\/content\/uploads\/2024\/10\/ampeco-blog-navigating-regulations-minefield-840x473.png 840w, https:\/\/www.ampeco.com\/content\/uploads\/2024\/10\/ampeco-blog-navigating-regulations-minefield-1680x945.png 1680w, https:\/\/www.ampeco.com\/content\/uploads\/2024\/10\/ampeco-blog-navigating-regulations-minefield-32x18.png 32w, https:\/\/www.ampeco.com\/content\/uploads\/2024\/10\/ampeco-blog-navigating-regulations-minefield.png 1800w\" sizes=\"auto, (max-width: 1024px) 100vw, 1024px\" \/><\/figure>\n\n\n<style>.wp-block-kadence-spacer.kt-block-spacer-42872_58aeee-84 .kt-block-spacer{height:20px;}.wp-block-kadence-spacer.kt-block-spacer-42872_58aeee-84 .kt-divider{border-top-width:1px;height:1px;border-top-color:#eee;width:80%;border-top-style:solid;}<\/style>\n<div class=\"wp-block-kadence-spacer aligncenter kt-block-spacer-42872_58aeee-84\"><div class=\"kt-block-spacer kt-block-spacer-halign-center\"><\/div><\/div>\n\n\n\n<h3 class=\"wp-block-heading\">La rentabilit\u00e9 reste le d\u00e9fi ultime<\/h3>\n\n\n\n<p>M\u00eame si la fiabilit\u00e9, la simplicit\u00e9 d\u2019utilisation et la conformit\u00e9 r\u00e9glementaire sont atteintes, la rentabilit\u00e9 reste un d\u00e9fi pour de nombreux CPO. Orlin a soulign\u00e9 la difficult\u00e9 de g\u00e9n\u00e9rer des b\u00e9n\u00e9fices dans l\u2019industrie de la recharge des v\u00e9hicules \u00e9lectriques, o\u00f9 les marges sur l\u2019\u00e9nergie sont faibles et les co\u00fbts initiaux \u00e9lev\u00e9s, ce qui exerce une pression financi\u00e8re consid\u00e9rable.<\/p>\n\n\n\n<p>Pour atteindre la rentabilit\u00e9, les CPO doivent optimiser chaque aspect de leur activit\u00e9, de la s\u00e9lection des sites et des taux d\u2019utilisation \u00e0 la r\u00e9duction des co\u00fbts op\u00e9rationnels. Ceux qui parviendront \u00e0 trouver le bon \u00e9quilibre non seulement survivront, mais prosp\u00e9reront, contribuant ainsi \u00e0 une adoption plus large des v\u00e9hicules \u00e9lectriques et \u00e0 la r\u00e9alisation des objectifs climatiques mondiaux.<\/p>\n\n\n\n<h2 class=\"wp-block-heading\">Comment AMPECO contribue \u00e0 r\u00e9soudre ces d\u00e9fis<\/h2>\n\n\n\n<p>Chacun de ces quatre d\u00e9fis \u2014 fiabilit\u00e9, simplicit\u00e9 d\u2019utilisation, conformit\u00e9 r\u00e9glementaire et rentabilit\u00e9 \u2014 repr\u00e9sente un obstacle sur le chemin de la recharge des v\u00e9hicules \u00e9lectriques. L\u2019enjeu n\u2019est pas seulement de surmonter ces obstacles, mais d\u2019apprendre \u00e0 aller plus loin et \u00e0 franchir de plus grands caps.<\/p>\n\n\n\n<p>C\u2019est l\u00e0 qu\u2019intervient la bonne pile logicielle.<\/p>\n\n\n\n<p>\u201cNous avons constat\u00e9 de premi\u00e8re main que r\u00e9ussir dans cette industrie ne se r\u00e9sume pas \u00e0 surmonter des d\u00e9fis isol\u00e9s. Cela exige des choix strat\u00e9giques en mati\u00e8re de partenaires, de fournisseurs et de mod\u00e8les \u00e9conomiques, mais surtout, cela n\u00e9cessite la libert\u00e9 et la capacit\u00e9 d\u2019innover sans \u00eatre limit\u00e9 par sa technologie.\u201d<\/p>\n\n\n\n<p>Les bons outils logiciels doivent permettre \u00e0 votre entreprise de franchir ces \u00e9tapes cruciales, en vous aidant \u00e0 vous diff\u00e9rencier et \u00e0 vous d\u00e9velopper efficacement.<\/p>\n\n\n\n<p>Chez AMPECO, nous avons con\u00e7u notre plateforme avec cette vision. Notre mission ne se limite pas \u00e0 proposer un CPMS performant ; nous offrons une base robuste et flexible capable de prendre en charge aussi bien la recharge r\u00e9sidentielle que les r\u00e9seaux publics \u00e0 grande \u00e9chelle. Gr\u00e2ce \u00e0 des API ouvertes et des int\u00e9grations pr\u00eates \u00e0 l\u2019emploi, AMPECO permet aux entreprises de mieux g\u00e9rer la complexit\u00e9 de l\u2019\u00e9cosyst\u00e8me de la recharge des v\u00e9hicules \u00e9lectriques, afin qu\u2019elles puissent se concentrer sur l\u2019innovation et la croissance, plut\u00f4t que de r\u00e9inventer la roue.<\/p>\n\n\n\n<p>\u201cAvec la bonne pile logicielle, la gestion de la complexit\u00e9 devient bien plus simple.\u201d<\/p>\n\n\n\n<p>Avec la plateforme d\u2019AMPECO comme catalyseur, la gestion de ces complexit\u00e9s\u2014qu\u2019il s\u2019agisse de la disponibilit\u00e9, de la conformit\u00e9 r\u00e9glementaire ou de l\u2019\u00e9volutivit\u00e9\u2014devient beaucoup plus simple, vous permettant de vous concentrer sur ce qui distingue r\u00e9ellement votre entreprise.<\/p>\n\n\n\n<h3 class=\"wp-block-heading\">\u00c9tude de cas 1 : Acc\u00e9l\u00e9rer la recharge des flottes<\/h3>\n\n\n\n<p>L\u2019un des premiers clients d\u2019AMPECO illustre parfaitement la puissance d\u2019une adoption strat\u00e9gique des logiciels. Lorsqu\u2019ils ont contact\u00e9 AMPECO, ils g\u00e9raient tout en interne \u2014 de la fabrication du mat\u00e9riel au d\u00e9veloppement de leur propre backend \u2014 mais se sont retrouv\u00e9s \u00e0 un tournant critique en cherchant \u00e0 saisir d\u2019importantes opportunit\u00e9s sur le march\u00e9 des flottes. Ils devaient int\u00e9grer des fournisseurs de mat\u00e9riel tiers et mettre en place des fonctionnalit\u00e9s avanc\u00e9es telles que la surveillance \u00e0 distance et le d\u00e9pannage.<\/p>\n\n\n\n<p>La mise en place de ces fonctionnalit\u00e9s, notamment l\u2019\u00e9quilibrage de charge, repr\u00e9sentait un d\u00e9fi de d\u00e9veloppement de 12 mois. En s\u2019associant \u00e0 AMPECO, ils ont r\u00e9duit ce d\u00e9lai \u00e0 seulement trois mois, ce qui leur a permis de d\u00e9crocher un important contrat de flotte avec la plus grande entreprise de commerce en ligne au monde.<\/p>\n\n\n<style>.wp-block-kadence-spacer.kt-block-spacer-42872_82adc3-97 .kt-block-spacer{height:20px;}.wp-block-kadence-spacer.kt-block-spacer-42872_82adc3-97 .kt-divider{border-top-width:1px;height:1px;border-top-color:#eee;width:80%;border-top-style:solid;}<\/style>\n<div class=\"wp-block-kadence-spacer aligncenter kt-block-spacer-42872_82adc3-97\"><div class=\"kt-block-spacer kt-block-spacer-halign-center\"><\/div><\/div>\n\n\n\n<figure class=\"wp-block-image aligncenter size-large\"><img loading=\"lazy\" decoding=\"async\" width=\"1024\" height=\"563\" src=\"https:\/\/www.ampeco.com\/content\/uploads\/2024\/10\/ampeco-blog-case-study-accelerating-fleet-charging-1024x563.png\" alt=\"Blog AMPECO : \u00c9tude de cas \u2013 Acc\u00e9l\u00e9rer la recharge des flottes\" class=\"wp-image-40345\" title=\"\" srcset=\"https:\/\/www.ampeco.com\/content\/uploads\/2024\/10\/ampeco-blog-case-study-accelerating-fleet-charging-1024x563.png 1024w, https:\/\/www.ampeco.com\/content\/uploads\/2024\/10\/ampeco-blog-case-study-accelerating-fleet-charging-300x165.png 300w, https:\/\/www.ampeco.com\/content\/uploads\/2024\/10\/ampeco-blog-case-study-accelerating-fleet-charging-768x422.png 768w, https:\/\/www.ampeco.com\/content\/uploads\/2024\/10\/ampeco-blog-case-study-accelerating-fleet-charging-1536x845.png 1536w, https:\/\/www.ampeco.com\/content\/uploads\/2024\/10\/ampeco-blog-case-study-accelerating-fleet-charging-96x53.png 96w, https:\/\/www.ampeco.com\/content\/uploads\/2024\/10\/ampeco-blog-case-study-accelerating-fleet-charging-330x182.png 330w, https:\/\/www.ampeco.com\/content\/uploads\/2024\/10\/ampeco-blog-case-study-accelerating-fleet-charging-660x363.png 660w, https:\/\/www.ampeco.com\/content\/uploads\/2024\/10\/ampeco-blog-case-study-accelerating-fleet-charging-512x282.png 512w, https:\/\/www.ampeco.com\/content\/uploads\/2024\/10\/ampeco-blog-case-study-accelerating-fleet-charging-600x330.png 600w, https:\/\/www.ampeco.com\/content\/uploads\/2024\/10\/ampeco-blog-case-study-accelerating-fleet-charging-1200x660.png 1200w, https:\/\/www.ampeco.com\/content\/uploads\/2024\/10\/ampeco-blog-case-study-accelerating-fleet-charging-840x462.png 840w, https:\/\/www.ampeco.com\/content\/uploads\/2024\/10\/ampeco-blog-case-study-accelerating-fleet-charging-1680x924.png 1680w, https:\/\/www.ampeco.com\/content\/uploads\/2024\/10\/ampeco-blog-case-study-accelerating-fleet-charging-32x18.png 32w, https:\/\/www.ampeco.com\/content\/uploads\/2024\/10\/ampeco-blog-case-study-accelerating-fleet-charging.png 1800w\" sizes=\"auto, (max-width: 1024px) 100vw, 1024px\" \/><\/figure>\n\n\n<style>.wp-block-kadence-spacer.kt-block-spacer-42872_596cfd-d5 .kt-block-spacer{height:20px;}.wp-block-kadence-spacer.kt-block-spacer-42872_596cfd-d5 .kt-divider{border-top-width:1px;height:1px;border-top-color:#eee;width:80%;border-top-style:solid;}<\/style>\n<div class=\"wp-block-kadence-spacer aligncenter kt-block-spacer-42872_596cfd-d5\"><div class=\"kt-block-spacer kt-block-spacer-halign-center\"><\/div><\/div>\n\n\n\n<h3 class=\"wp-block-heading\">\u00c9tude de cas 2 : Constructeur automobile \u2013 Se diff\u00e9rencier sur un march\u00e9 VE tr\u00e8s concurrentiel<\/h3>\n\n\n\n<p>Un autre exemple marquant concerne un grand constructeur automobile. Comme de nombreux autres acteurs, ce constructeur devait rattraper son retard face \u00e0 Tesla dans un march\u00e9 des v\u00e9hicules \u00e9lectriques en pleine \u00e9volution. Toutefois, il ne s\u2019agissait pas seulement de suivre le rythme, mais de se d\u00e9marquer en offrant une exp\u00e9rience unique et haut de gamme, en ad\u00e9quation avec son image de marque de luxe et les attentes \u00e9lev\u00e9es de sa client\u00e8le.<\/p>\n\n\n\n<p>Le constructeur avait des objectifs ambitieux : offrir une exp\u00e9rience de recharge \u00e0 domicile exceptionnelle, d\u00e9ployer et g\u00e9rer un r\u00e9seau public de recharge VE \u00e0 travers son r\u00e9seau de concessionnaires, et proposer des services de recharge fluides et fiables \u00e0 ses nombreux clients de flotte \u2014 le tout dans des d\u00e9lais serr\u00e9s. Ces objectifs soulevaient une question cruciale :<\/p>\n\n\n\n<p>Ils devaient d\u00e9terminer o\u00f9 investir leur temps et leurs ressources pour se diff\u00e9rencier sur un march\u00e9 tr\u00e8s concurrentiel. Parall\u00e8lement, ils devaient g\u00e9rer la complexit\u00e9 des r\u00e9glementations sur la recharge intelligente au Royaume-Uni, les exigences d\u2019Eichrecht en Allemagne et les r\u00e8gles strictes impos\u00e9es aux concessionnaires aux \u00c9tats-Unis.<\/p>\n\n\n\n<p>Confront\u00e9 \u00e0 ces d\u00e9fis, le constructeur automobile a fait un choix strat\u00e9gique : au lieu de tout d\u00e9velopper en interne, il a d\u00e9cid\u00e9 de se concentrer sur l\u2019exp\u00e9rience client, en particulier pour la recharge \u00e0 domicile, et de s\u2019appuyer sur un partenaire logiciel fiable pour le reste. En optant pour la plateforme d\u2019AMPECO, il a b\u00e9n\u00e9fici\u00e9 d\u2019une solution offrant des fonctionnalit\u00e9s essentielles pr\u00eates \u00e0 l\u2019emploi, lib\u00e9rant ainsi son \u00e9quipe pour innover dans les domaines qui comptaient le plus pour ses clients.<\/p>\n\n\n\n<h3 class=\"wp-block-heading\">\u00c9tude de cas 3 : <a href=\"https:\/\/www.ampeco.com\/blog\/e-on-drive-infrastructure-selects-ampecos-ev-charging-platform\/\" data-type=\"link\" data-id=\"https:\/\/www.ampeco.com\/blog\/e-on-drive-infrastructure-selects-ampecos-ev-charging-platform\/\">EDRI \u2013 D\u00e9ployer un r\u00e9seau public de recharge VE \u00e0 grande \u00e9chelle en Europe<\/a><\/h3>\n\n\n\n<p>E.ON Drive Infrastructure (EDRI) exploite l\u2019un des plus grands r\u00e9seaux de recharge en Europe, avec 6 000 points de charge r\u00e9partis sur 11 pays. G\u00e9rer un r\u00e9seau d\u2019une telle envergure implique de naviguer entre des r\u00e9glementations fiscales complexes, divers syst\u00e8mes de paiement et des exigences l\u00e9gales, tout en traitant des centaines de milliers de transactions chaque jour.<\/p>\n\n\n\n<p>En choisissant AMPECO, EDRI a acquis la flexibilit\u00e9 n\u00e9cessaire pour se d\u00e9velopper efficacement et r\u00e9pondre aux exigences de son r\u00e9seau en pleine expansion. Les int\u00e9grations pr\u00eates \u00e0 l\u2019emploi et les solutions personnalisables de la plateforme ont permis \u00e0 EDRI d\u2019optimiser ses op\u00e9rations et de se concentrer sur son objectif d\u2019expansion : atteindre 30 000 bornes de recharge publiques d\u2019ici 2030.<\/p>\n\n\n<style>.wp-block-kadence-spacer.kt-block-spacer-42872_a8a429-71 .kt-block-spacer{height:20px;}.wp-block-kadence-spacer.kt-block-spacer-42872_a8a429-71 .kt-divider{border-top-width:1px;height:1px;border-top-color:#eee;width:80%;border-top-style:solid;}<\/style>\n<div class=\"wp-block-kadence-spacer aligncenter kt-block-spacer-42872_a8a429-71\"><div class=\"kt-block-spacer kt-block-spacer-halign-center\"><\/div><\/div>\n\n\n\n<figure class=\"wp-block-image aligncenter size-large\"><img loading=\"lazy\" decoding=\"async\" width=\"1024\" height=\"460\" src=\"https:\/\/www.ampeco.com\/content\/uploads\/2024\/10\/ampeco-blog-case-study-edri-eon-drive-1024x460.png\" alt=\"Blog AMPECO : \u00c9tude de cas \u2013 EDRI &amp; E.ON Drive\" class=\"wp-image-40350\" title=\"\" srcset=\"https:\/\/www.ampeco.com\/content\/uploads\/2024\/10\/ampeco-blog-case-study-edri-eon-drive-1024x460.png 1024w, https:\/\/www.ampeco.com\/content\/uploads\/2024\/10\/ampeco-blog-case-study-edri-eon-drive-300x135.png 300w, https:\/\/www.ampeco.com\/content\/uploads\/2024\/10\/ampeco-blog-case-study-edri-eon-drive-768x345.png 768w, https:\/\/www.ampeco.com\/content\/uploads\/2024\/10\/ampeco-blog-case-study-edri-eon-drive-1536x690.png 1536w, https:\/\/www.ampeco.com\/content\/uploads\/2024\/10\/ampeco-blog-case-study-edri-eon-drive-96x43.png 96w, https:\/\/www.ampeco.com\/content\/uploads\/2024\/10\/ampeco-blog-case-study-edri-eon-drive-330x148.png 330w, https:\/\/www.ampeco.com\/content\/uploads\/2024\/10\/ampeco-blog-case-study-edri-eon-drive-660x297.png 660w, https:\/\/www.ampeco.com\/content\/uploads\/2024\/10\/ampeco-blog-case-study-edri-eon-drive-512x230.png 512w, https:\/\/www.ampeco.com\/content\/uploads\/2024\/10\/ampeco-blog-case-study-edri-eon-drive-600x270.png 600w, https:\/\/www.ampeco.com\/content\/uploads\/2024\/10\/ampeco-blog-case-study-edri-eon-drive-1200x539.png 1200w, https:\/\/www.ampeco.com\/content\/uploads\/2024\/10\/ampeco-blog-case-study-edri-eon-drive-840x378.png 840w, https:\/\/www.ampeco.com\/content\/uploads\/2024\/10\/ampeco-blog-case-study-edri-eon-drive-1680x755.png 1680w, https:\/\/www.ampeco.com\/content\/uploads\/2024\/10\/ampeco-blog-case-study-edri-eon-drive-32x14.png 32w, https:\/\/www.ampeco.com\/content\/uploads\/2024\/10\/ampeco-blog-case-study-edri-eon-drive.png 1800w\" sizes=\"auto, (max-width: 1024px) 100vw, 1024px\" \/><\/figure>\n\n\n<style>.wp-block-kadence-spacer.kt-block-spacer-42872_659859-34 .kt-block-spacer{height:20px;}.wp-block-kadence-spacer.kt-block-spacer-42872_659859-34 .kt-divider{border-top-width:1px;height:1px;border-top-color:#eee;width:80%;border-top-style:solid;}<\/style>\n<div class=\"wp-block-kadence-spacer aligncenter kt-block-spacer-42872_659859-34\"><div class=\"kt-block-spacer kt-block-spacer-halign-center\"><\/div><\/div>\n\n\n\n<h2 class=\"wp-block-heading\">G\u00e9rer la complexit\u00e9 pour r\u00e9ussir<\/h2>\n\n\n\n<p>La complexit\u00e9 de l\u2019industrie de la recharge des v\u00e9hicules \u00e9lectriques ne dispara\u00eetra pas, mais avec la bonne pile logicielle, elle devient g\u00e9rable. Orlin a conclu son discours en soulignant l\u2019importance des partenaires, des outils et de l\u2019innovation pour aider les entreprises \u00e0 \u00ab aller plus loin et franchir de plus grands caps \u00bb afin de surmonter les d\u00e9fis du secteur.<\/p>\n\n\n\n<p>\u00c0 mesure que l\u2019\u00e9cosyst\u00e8me de la recharge des v\u00e9hicules \u00e9lectriques se complexifie, la r\u00e9ussite ne repose pas uniquement sur des solutions techniques ; elle exige \u00e9galement la libert\u00e9 et la capacit\u00e9 d\u2019innover.<\/p>\n\n\n\n<p>La vision d\u2019AMPECO va au-del\u00e0 de la cr\u00e9ation d\u2019un CPMS performant. La plateforme constitue une base robuste qui permet aux op\u00e9rateurs de recharge de d\u00e9velopper leurs propres solutions sans avoir \u00e0 r\u00e9inventer les fondamentaux. En prenant en charge les principales complexit\u00e9s li\u00e9es \u00e0 la fiabilit\u00e9, \u00e0 l\u2019exp\u00e9rience utilisateur et \u00e0 la conformit\u00e9 r\u00e9glementaire, AMPECO permet aux entreprises de se concentrer sur leurs v\u00e9ritables facteurs de diff\u00e9renciation : cr\u00e9er une valeur unique pour leurs clients et se d\u00e9velopper en toute confiance dans un march\u00e9 en constante \u00e9volution.<\/p>\n\n\n\n<div style=\"border-radius:var(--spacing-4xl, 32px);overflow:hidden;\" class=\"wp-block-group is-style-tilted-green-bg is-layout-constrained wp-block-group-is-layout-constrained\">\n<p>Vous souhaitez d\u00e9couvrir comment AMPECO peut vous aider \u00e0 relever ces d\u00e9fis ? D\u00e9couvrez comment notre plateforme peut vous permettre de vous d\u00e9velopper efficacement et d\u2019am\u00e9liorer votre rentabilit\u00e9.<\/p>\n\n\n\n<div class=\"wp-block-buttons is-horizontal is-content-justification-center is-layout-flex wp-container-core-buttons-is-layout-03627597 wp-block-buttons-is-layout-flex\">\n<div class=\"wp-block-button is-style-negative-nds\"><a class=\"wp-block-button__link wp-element-button\" href=\"https:\/\/www.ampeco.com\/fr\/planifier-une-conversation-avec-un-consultant-recharge\/\">R\u00e9servez une consultation<\/a><\/div>\n<\/div>\n\n\n\n<p><\/p>\n<\/div>\n","protected":false},"excerpt":{"rendered":"<p>Analyses du PDG d\u2019AMPECO Lors de la r\u00e9cente conf\u00e9rence Intercharge Network Conference (ICNC 2024), le PDG d\u2019AMPECO, Orlin Radev, a prononc\u00e9 un discours percutant qui a mis en lumi\u00e8re les difficult\u00e9s majeures [&hellip;]<\/p>\n","protected":false},"author":20,"featured_media":40366,"comment_status":"open","ping_status":"open","sticky":false,"template":"","format":"standard","meta":{"_acf_changed":false,"inline_featured_image":false,"footnotes":""},"categories":[157],"tags":[],"class_list":["post-42872","post","type-post","status-publish","format-standard","has-post-thumbnail","hentry","category-entreprise-de-recharge-pour-vehicules-electriques"],"acf":[],"_links":{"self":[{"href":"https:\/\/www.ampeco.com\/fr\/wp-json\/wp\/v2\/posts\/42872","targetHints":{"allow":["GET"]}}],"collection":[{"href":"https:\/\/www.ampeco.com\/fr\/wp-json\/wp\/v2\/posts"}],"about":[{"href":"https:\/\/www.ampeco.com\/fr\/wp-json\/wp\/v2\/types\/post"}],"author":[{"embeddable":true,"href":"https:\/\/www.ampeco.com\/fr\/wp-json\/wp\/v2\/users\/20"}],"replies":[{"embeddable":true,"href":"https:\/\/www.ampeco.com\/fr\/wp-json\/wp\/v2\/comments?post=42872"}],"version-history":[{"count":6,"href":"https:\/\/www.ampeco.com\/fr\/wp-json\/wp\/v2\/posts\/42872\/revisions"}],"predecessor-version":[{"id":42899,"href":"https:\/\/www.ampeco.com\/fr\/wp-json\/wp\/v2\/posts\/42872\/revisions\/42899"}],"wp:featuredmedia":[{"embeddable":true,"href":"https:\/\/www.ampeco.com\/fr\/wp-json\/wp\/v2\/media\/40366"}],"wp:attachment":[{"href":"https:\/\/www.ampeco.com\/fr\/wp-json\/wp\/v2\/media?parent=42872"}],"wp:term":[{"taxonomy":"category","embeddable":true,"href":"https:\/\/www.ampeco.com\/fr\/wp-json\/wp\/v2\/categories?post=42872"},{"taxonomy":"post_tag","embeddable":true,"href":"https:\/\/www.ampeco.com\/fr\/wp-json\/wp\/v2\/tags?post=42872"}],"curies":[{"name":"wp","href":"https:\/\/api.w.org\/{rel}","templated":true}]}}