{"id":42645,"date":"2023-03-22T11:42:32","date_gmt":"2023-03-22T11:42:32","guid":{"rendered":"https:\/\/www.ampeco.com\/blog\/ev-charging-tariffs-unlocking-revenue-potential\/"},"modified":"2025-02-24T14:52:40","modified_gmt":"2025-02-24T14:52:40","slug":"ev-charging-tariffs-unlocking-revenue-potential","status":"publish","type":"post","link":"https:\/\/www.ampeco.com\/fr\/blog\/ev-charging-tariffs-unlocking-revenue-potential\/","title":{"rendered":"Tarifs flexibles de recharge pour v\u00e9hicules \u00e9lectriques: La cl\u00e9 pour lib\u00e9rer votre potentiel de revenus"},"content":{"rendered":"\n<h2 class=\"wp-block-heading\" id=\"understanding-the-importance-of-flexible-tariffing\">Comprendre l&rsquo;importance de la tarification flexible<\/h2>\n\n\n\n<p>Les tarifs flexibles de recharge pour v\u00e9hicules \u00e9lectriques sont un puissant levier pour mon\u00e9tiser efficacement votre r\u00e9seau tout en offrant une exp\u00e9rience client optimale. Gr\u00e2ce aux tarifs multi-param\u00e8tres, vous pouvez appliquer des tarifs plus \u00e9lev\u00e9s aux heures de pointe et des tarifs r\u00e9duits en heures creuses, diff\u00e9rencier votre offre sur le march\u00e9 avec des plans tarifaires uniques et r\u00e9pondre aux besoins des clients gr\u00e2ce \u00e0 des options personnalis\u00e9es. Ils vous permettent \u00e9galement d\u2019inciter les clients avec des remises ou des programmes de r\u00e9compenses et de vous conformer aux r\u00e9glementations locales.<\/p>\n\n\n\n<h2 class=\"wp-block-heading\" id=\"the-4-tariff-elements\">Les 4 \u00e9l\u00e9ments du tarif<\/h2>\n\n\n\n<p>Comprendre les composants qui constituent un <a href=\"https:\/\/www.ampeco.com\/fr\/plateforme-de-supervision-de-recharge\/plans-et-tarifs\/\" data-type=\"link\" data-id=\"https:\/\/www.ampeco.com\/fr\/plateforme-de-supervision-de-recharge\/plans-et-tarifs\/\">tarif de recharge pour v\u00e9hicules \u00e9lectriques<\/a> vous aidera \u00e0 les adapter afin qu&rsquo;ils s&rsquo;alignent sur vos objectifs commerciaux et r\u00e9pondent aux besoins de vos clients.<\/p>\n\n\n<style>.wp-block-kadence-spacer.kt-block-spacer-42645_7c73ec-61 .kt-block-spacer{height:40px;}.wp-block-kadence-spacer.kt-block-spacer-42645_7c73ec-61 .kt-divider{border-top-width:1px;height:1px;border-top-color:#eee;width:80%;border-top-style:solid;}<\/style>\n<div class=\"wp-block-kadence-spacer aligncenter kt-block-spacer-42645_7c73ec-61\"><div class=\"kt-block-spacer kt-block-spacer-halign-center\"><\/div><\/div>\n\n\n\n<figure class=\"wp-block-image aligncenter size-large\"><img loading=\"lazy\" decoding=\"async\" width=\"1980\" height=\"1205\" src=\"https:\/\/www.ampeco.com\/content\/uploads\/2023\/03\/ev-charging-tariff-elements.svg\" alt=\"\u00c9l\u00e9ments du tarif de recharge pour v\u00e9hicules \u00e9lectriques\" class=\"wp-image-16520\" title=\"\"><\/figure>\n\n\n<style>.wp-block-kadence-spacer.kt-block-spacer-42645_22a300-43 .kt-block-spacer{height:40px;}.wp-block-kadence-spacer.kt-block-spacer-42645_22a300-43 .kt-divider{border-top-width:1px;height:1px;border-top-color:#eee;width:80%;border-top-style:solid;}<\/style>\n<div class=\"wp-block-kadence-spacer aligncenter kt-block-spacer-42645_22a300-43\"><div class=\"kt-block-spacer kt-block-spacer-halign-center\"><\/div><\/div>\n\n\n<style>.kadence-column42645_792f2a-b6 > .kt-inside-inner-col,.kadence-column42645_792f2a-b6 > .kt-inside-inner-col:before{border-top-left-radius:0px;border-top-right-radius:0px;border-bottom-right-radius:0px;border-bottom-left-radius:0px;}.kadence-column42645_792f2a-b6 > .kt-inside-inner-col{column-gap:var(--global-kb-gap-sm, 1rem);}.kadence-column42645_792f2a-b6 > .kt-inside-inner-col{flex-direction:column;}.kadence-column42645_792f2a-b6 > .kt-inside-inner-col > .aligncenter{width:100%;}.kadence-column42645_792f2a-b6 > .kt-inside-inner-col:before{opacity:0.3;}.kadence-column42645_792f2a-b6{position:relative;}@media all and (max-width: 1024px){.kadence-column42645_792f2a-b6 > .kt-inside-inner-col{flex-direction:column;justify-content:center;}}@media all and (max-width: 767px){.kadence-column42645_792f2a-b6 > .kt-inside-inner-col{flex-direction:column;justify-content:center;}}<\/style>\n<div class=\"wp-block-kadence-column kadence-column42645_792f2a-b6 inner-column-1\"><div class=\"kt-inside-inner-col\"><\/div><\/div>\n\n\n\n<h3 class=\"wp-block-heading\" id=\"1-choose-the-right-tariff\">1. Choisissez le bon tarif\u00a0<\/h3>\n\n\n\n<p>Diff\u00e9rents types de tarifs sont disponibles pour personnaliser votre offre en fonction des besoins de vos clients et maximiser vos profits gr\u00e2ce \u00e0 une tarification cibl\u00e9e.<\/p>\n\n\n\n<p>La gamme de types de tarifs comprend:<\/p>\n\n\n<style>.wp-block-kadence-spacer.kt-block-spacer-42645_a05807-7c .kt-block-spacer{height:40px;}.wp-block-kadence-spacer.kt-block-spacer-42645_a05807-7c .kt-divider{border-top-width:1px;height:1px;border-top-color:#eee;width:80%;border-top-style:solid;}<\/style>\n<div class=\"wp-block-kadence-spacer aligncenter kt-block-spacer-42645_a05807-7c\"><div class=\"kt-block-spacer kt-block-spacer-halign-center\"><\/div><\/div>\n\n\n<style>.kadence-column42645_4232c6-15 > .kt-inside-inner-col,.kadence-column42645_4232c6-15 > .kt-inside-inner-col:before{border-top-left-radius:0px;border-top-right-radius:0px;border-bottom-right-radius:0px;border-bottom-left-radius:0px;}.kadence-column42645_4232c6-15 > .kt-inside-inner-col{column-gap:var(--global-kb-gap-sm, 1rem);}.kadence-column42645_4232c6-15 > .kt-inside-inner-col{flex-direction:column;}.kadence-column42645_4232c6-15 > .kt-inside-inner-col > .aligncenter{width:100%;}.kadence-column42645_4232c6-15 > .kt-inside-inner-col:before{opacity:0.3;}.kadence-column42645_4232c6-15{position:relative;}@media all and (max-width: 1024px){.kadence-column42645_4232c6-15 > .kt-inside-inner-col{flex-direction:column;justify-content:center;}}@media all and (max-width: 767px){.kadence-column42645_4232c6-15 > .kt-inside-inner-col{flex-direction:column;justify-content:center;}}<\/style>\n<div class=\"wp-block-kadence-column kadence-column42645_4232c6-15 inner-column-1 remove-heading-margin\"><div class=\"kt-inside-inner-col\">\n<div class=\"wp-block-columns is-layout-flex wp-container-core-columns-is-layout-28f84493 wp-block-columns-is-layout-flex\">\n<div class=\"wp-block-column is-vertically-aligned-top is-layout-flow wp-block-column-is-layout-flow\" style=\"flex-basis:33.33%\">\n<h4 class=\"wp-block-heading\" id=\"charging-not-allowed\">Recharge gratuite<\/h4>\n<\/div>\n\n\n\n<div class=\"wp-block-column is-vertically-aligned-top is-layout-flow wp-block-column-is-layout-flow\" style=\"flex-basis:66.66%\">\n<p>Les tarifs gratuits permettent une recharge illimit\u00e9e sans restriction de dur\u00e9e ni de consommation d\u2019\u00e9nergie.<\/p>\n<\/div>\n<\/div>\n\n\n\n<div class=\"wp-block-columns is-style-default is-layout-flex wp-container-core-columns-is-layout-28f84493 wp-block-columns-is-layout-flex\">\n<div class=\"wp-block-column is-vertically-aligned-top is-layout-flow wp-block-column-is-layout-flow\" style=\"flex-basis:33.33%\">\n<h4 class=\"wp-block-heading\" id=\"charging-not-allowed\">Tarif fixe<\/h4>\n<\/div>\n\n\n\n<div class=\"wp-block-column is-vertically-aligned-top is-layout-flow wp-block-column-is-layout-flow\" style=\"flex-basis:66.66%\">\n<p>Les tarifs fixes appliquent un prix unique par session, quelle que soit la dur\u00e9e de la recharge ou la quantit\u00e9 d\u2019\u00e9nergie consomm\u00e9e.<\/p>\n<\/div>\n<\/div>\n\n\n\n<div class=\"wp-block-columns are-vertically-aligned-top is-layout-flex wp-container-core-columns-is-layout-28f84493 wp-block-columns-is-layout-flex\">\n<div class=\"wp-block-column is-vertically-aligned-top is-layout-flow wp-block-column-is-layout-flow\" style=\"flex-basis:33.33%\">\n<h4 class=\"wp-block-heading\" id=\"charging-not-allowed\">Dur\u00e9e et \u00e9nergie<\/h4>\n<\/div>\n\n\n\n<div class=\"wp-block-column is-vertically-aligned-top is-layout-flow wp-block-column-is-layout-flow\" style=\"flex-basis:66.66%\">\n<p>Ce tarif combine une tarification bas\u00e9e sur la dur\u00e9e de la session et la quantit\u00e9 d\u2019\u00e9nergie consomm\u00e9e.<\/p>\n<\/div>\n<\/div>\n\n\n\n<div class=\"wp-block-columns are-vertically-aligned-top is-layout-flex wp-container-core-columns-is-layout-28f84493 wp-block-columns-is-layout-flex\">\n<div class=\"wp-block-column is-vertically-aligned-top is-layout-flow wp-block-column-is-layout-flow\" style=\"flex-basis:33.33%\">\n<h4 class=\"wp-block-heading\" id=\"charging-not-allowed\">Dur\u00e9e et \u00e9nergie en fonction du moment de la journ\u00e9e<\/h4>\n<\/div>\n\n\n\n<div class=\"wp-block-column is-vertically-aligned-top is-layout-flow wp-block-column-is-layout-flow\" style=\"flex-basis:66.66%\">\n<p>Ces tarifs appliquent des prix diff\u00e9renci\u00e9s selon le moment de la journ\u00e9e, comme les tarifs de jour et de nuit.<\/p>\n<\/div>\n<\/div>\n\n\n\n<div class=\"wp-block-columns are-vertically-aligned-top is-layout-flex wp-container-core-columns-is-layout-28f84493 wp-block-columns-is-layout-flex\">\n<div class=\"wp-block-column is-vertically-aligned-top is-layout-flow wp-block-column-is-layout-flow\" style=\"flex-basis:33.33%\">\n<h4 class=\"wp-block-heading\" id=\"charging-not-allowed\">Recharge non autoris\u00e9e<\/h4>\n<\/div>\n\n\n\n<div class=\"wp-block-column is-vertically-aligned-top is-layout-flow wp-block-column-is-layout-flow\" style=\"flex-basis:66.66%\">\n<p>Ce tarif s\u2019applique lorsque vous ne souhaitez pas que les conducteurs de VE rechargent sur certaines bornes de recharge (EVSE) ou \u00e0 certaines heures de la journ\u00e9e. La restriction de la recharge permet de g\u00e9rer la charge du r\u00e9seau lors des p\u00e9riodes de forte demande et de garantir une disponibilit\u00e9 suffisante en \u00e9nergie. Elle est \u00e9galement utile en cas de maintenance ou de mise \u00e0 niveau de votre infrastructure de recharge.<\/p>\n<\/div>\n<\/div>\n\n\n\n<div class=\"wp-block-columns are-vertically-aligned-top is-layout-flex wp-container-core-columns-is-layout-28f84493 wp-block-columns-is-layout-flex\">\n<div class=\"wp-block-column is-vertically-aligned-top is-layout-flow wp-block-column-is-layout-flow\" style=\"flex-basis:33.33%\">\n<h4 class=\"wp-block-heading\" id=\"charging-not-allowed\">Tarif \u00e9nerg\u00e9tique selon les heures d&rsquo;utilisation (TOU)<\/h4>\n<\/div>\n\n\n\n<div class=\"wp-block-column is-vertically-aligned-top is-layout-flow wp-block-column-is-layout-flow\" style=\"flex-basis:66.66%\">\n<p>Facturez les clients en fonction de l\u2019\u00e9nergie consomm\u00e9e \u00e0 diff\u00e9rents moments de la journ\u00e9e, avec des tarifs d\u2019\u00e9lectricit\u00e9 variables. Vous pouvez d\u00e9finir un tarif fixe pour la consommation \u00e9lectrique, qui peut \u00eatre identique chaque jour ou varier selon les jours de la semaine. Gr\u00e2ce aux tarifs sp\u00e9ciaux, vous pouvez proposer des options de tarification uniques pour des jours sp\u00e9cifiques, des p\u00e9riodes ou des \u00e9v\u00e9nements. La granularit\u00e9 du tarif \u00e9lectrique peut \u00e9galement \u00eatre ajust\u00e9e, avec des options allant d\u2019intervalles de 15 minutes \u00e0 1 heure.<\/p>\n<\/div>\n<\/div>\n<\/div><\/div>\n\n\n\n<h3 class=\"wp-block-heading\" id=\"2-tailor-your-tariffs-to-specific-customers\">2. Adaptez vos tarifs \u00e0 des clients sp\u00e9cifiques<\/h3>\n\n\n\n<p>Tenez compte des segments de client\u00e8le que vous souhaitez cibler lors de la d\u00e9finition de vos tarifs de recharge pour v\u00e9hicules \u00e9lectriques. Ces tarifs peuvent \u00eatre adapt\u00e9s \u00e0 diff\u00e9rents groupes d\u2019utilisateurs, notamment vos utilisateurs enregistr\u00e9s, les utilisateurs de vos partenaires d\u2019itin\u00e9rance (permettant \u00e0 votre tarif de s\u2019appliquer \u00e0 tout eMSP) et les utilisateurs de vos clients B2B.<\/p>\n\n\n\n<p>Les utilisateurs enregistr\u00e9s disposant d\u2019un compte constituent un point de d\u00e9part naturel, mais les tarifs peuvent \u00e9galement s\u2019appliquer aux utilisateurs occasionnels, tels que les touristes ou visiteurs utilisant vos bornes de recharge sans inscription pr\u00e9alable. Les tarifs peuvent \u00eatre d\u00e9finis pour des groupes d\u2019utilisateurs sp\u00e9cifiques ou int\u00e9gr\u00e9s \u00e0 un abonnement. Enfin, un tarif peut \u00eatre g\u00e9olocalis\u00e9, ne s\u2019appliquant qu\u2019\u00e0 certaines bornes de recharge (EVSE) en fonction de leur emplacement et des services disponibles. Avec les nombreuses options possibles, il est essentiel de personnaliser et d\u2019ajuster votre tarification de recharge pour VE en fonction des segments de clients, afin d\u2019optimiser vos revenus.<\/p>\n\n\n<style style=\"border-radius:var(--spacing-4xl, 32px);overflow:hidden;\">.kb-row-layout-id29648_5871e7-3a > .kt-row-column-wrap{align-content:start;}:where(.kb-row-layout-id29648_5871e7-3a > .kt-row-column-wrap) > .wp-block-kadence-column{justify-content:start;}.kb-row-layout-id29648_5871e7-3a > .kt-row-column-wrap{column-gap:var(--global-kb-gap-md, 2rem);row-gap:var(--global-kb-gap-md, 2rem);padding-top:var(--global-kb-spacing-xs, 1rem);padding-right:var(--global-kb-spacing-md, 2rem);padding-bottom:var(--global-kb-spacing-lg, 3rem);padding-left:var(--global-kb-spacing-md, 2rem);grid-template-columns:minmax(0, calc(50% - ((var(--global-kb-gap-md, 2rem) * 1 )\/2)))minmax(0, calc(50% - ((var(--global-kb-gap-md, 2rem) * 1 )\/2)));}.kb-row-layout-id29648_5871e7-3a{background-color:#ddecfa;}.kb-row-layout-id29648_5871e7-3a > .kt-row-layout-overlay{opacity:0.30;}@media all and (max-width: 1024px){.kb-row-layout-id29648_5871e7-3a > .kt-row-column-wrap{grid-template-columns:minmax(0, 1fr) minmax(0, 2fr);}}@media all and (max-width: 767px){.kb-row-layout-id29648_5871e7-3a > .kt-row-column-wrap{grid-template-columns:minmax(0, 1fr);}}<\/style><div class=\"kb-row-layout-wrap kb-row-layout-id29648_5871e7-3a alignnone kt-row-has-bg wp-block-kadence-rowlayout\"><div class=\"kt-row-column-wrap kt-has-2-columns kt-row-layout-right-golden kt-tab-layout-inherit kt-mobile-layout-row kt-row-valign-top\">\n<style>.kadence-column29648_2d723a-8b > .kt-inside-inner-col,.kadence-column29648_2d723a-8b > .kt-inside-inner-col:before{border-top-left-radius:0px;border-top-right-radius:0px;border-bottom-right-radius:0px;border-bottom-left-radius:0px;}.kadence-column29648_2d723a-8b > .kt-inside-inner-col{column-gap:var(--global-kb-gap-sm, 1rem);}.kadence-column29648_2d723a-8b > .kt-inside-inner-col{flex-direction:column;}.kadence-column29648_2d723a-8b > .kt-inside-inner-col > .aligncenter{width:100%;}.kadence-column29648_2d723a-8b > .kt-inside-inner-col:before{opacity:0.3;}.kadence-column29648_2d723a-8b{position:relative;}@media all and (max-width: 1024px){.kadence-column29648_2d723a-8b > .kt-inside-inner-col{flex-direction:column;justify-content:center;}}@media all and (max-width: 767px){.kadence-column29648_2d723a-8b > .kt-inside-inner-col{flex-direction:column;justify-content:center;}}<\/style>\n<div class=\"wp-block-kadence-column kadence-column29648_2d723a-8b inner-column-2\"><div class=\"kt-inside-inner-col\">\n<h3 class=\"wp-block-heading\" id=\"ampeco-developer-hub\">AMPECO Developer Hub<\/h3>\n\n\n\n<p>Erhalten Sie Zugriff auf umfassende API-Dokumentationen und Leitf\u00e4den, die die Produktivit\u00e4t von Entwickler:innen steigern und die Markteinf\u00fchrungszeit bei der Entwicklung individueller Funktionen verk\u00fcrzen.<\/p>\n\n\n\n<div class=\"wp-block-buttons is-layout-flex wp-block-buttons-is-layout-flex\">\n<div class=\"wp-block-button\"><a class=\"wp-block-button__link has-success-background-color has-background wp-element-button\" href=\"https:\/\/developers.ampeco.com\/\" target=\"_blank\" rel=\"noreferrer noopener nofollow\">Entdecken<\/a><\/div>\n<\/div>\n<\/div><\/div>\n\n\n<style>.kadence-column29648_065381-4a > .kt-inside-inner-col,.kadence-column29648_065381-4a > .kt-inside-inner-col:before{border-top-left-radius:0px;border-top-right-radius:0px;border-bottom-right-radius:0px;border-bottom-left-radius:0px;}.kadence-column29648_065381-4a > .kt-inside-inner-col{column-gap:var(--global-kb-gap-sm, 1rem);}.kadence-column29648_065381-4a > .kt-inside-inner-col{flex-direction:column;}.kadence-column29648_065381-4a > .kt-inside-inner-col > .aligncenter{width:100%;}.kadence-column29648_065381-4a > .kt-inside-inner-col:before{opacity:0.3;}.kadence-column29648_065381-4a{position:relative;}@media all and (max-width: 1024px){.kadence-column29648_065381-4a > .kt-inside-inner-col{flex-direction:column;justify-content:center;}}@media all and (max-width: 767px){.kadence-column29648_065381-4a > .kt-inside-inner-col{flex-direction:column;justify-content:center;}}<\/style>\n<div class=\"wp-block-kadence-column kadence-column29648_065381-4a inner-column-1 vertical-center-image\"><div class=\"kt-inside-inner-col\">\n<figure class=\"wp-block-image size-large\"><img loading=\"lazy\" decoding=\"async\" width=\"1024\" height=\"594\" src=\"https:\/\/www.ampeco.com\/content\/uploads\/2024\/01\/ampeco-cta-image-dev-portal-illustrative-mockup-light-bg-1-1024x594.png\" alt=\"-\" class=\"wp-image-29518\" title=\"\" srcset=\"https:\/\/www.ampeco.com\/content\/uploads\/2024\/01\/ampeco-cta-image-dev-portal-illustrative-mockup-light-bg-1-1024x594.png 1024w, https:\/\/www.ampeco.com\/content\/uploads\/2024\/01\/ampeco-cta-image-dev-portal-illustrative-mockup-light-bg-1-300x174.png 300w, https:\/\/www.ampeco.com\/content\/uploads\/2024\/01\/ampeco-cta-image-dev-portal-illustrative-mockup-light-bg-1-768x446.png 768w, https:\/\/www.ampeco.com\/content\/uploads\/2024\/01\/ampeco-cta-image-dev-portal-illustrative-mockup-light-bg-1-1536x891.png 1536w, https:\/\/www.ampeco.com\/content\/uploads\/2024\/01\/ampeco-cta-image-dev-portal-illustrative-mockup-light-bg-1-96x56.png 96w, https:\/\/www.ampeco.com\/content\/uploads\/2024\/01\/ampeco-cta-image-dev-portal-illustrative-mockup-light-bg-1-330x191.png 330w, https:\/\/www.ampeco.com\/content\/uploads\/2024\/01\/ampeco-cta-image-dev-portal-illustrative-mockup-light-bg-1-660x383.png 660w, https:\/\/www.ampeco.com\/content\/uploads\/2024\/01\/ampeco-cta-image-dev-portal-illustrative-mockup-light-bg-1-512x297.png 512w, https:\/\/www.ampeco.com\/content\/uploads\/2024\/01\/ampeco-cta-image-dev-portal-illustrative-mockup-light-bg-1-600x348.png 600w, https:\/\/www.ampeco.com\/content\/uploads\/2024\/01\/ampeco-cta-image-dev-portal-illustrative-mockup-light-bg-1-1200x696.png 1200w, https:\/\/www.ampeco.com\/content\/uploads\/2024\/01\/ampeco-cta-image-dev-portal-illustrative-mockup-light-bg-1-840x487.png 840w, https:\/\/www.ampeco.com\/content\/uploads\/2024\/01\/ampeco-cta-image-dev-portal-illustrative-mockup-light-bg-1-1680x975.png 1680w, https:\/\/www.ampeco.com\/content\/uploads\/2024\/01\/ampeco-cta-image-dev-portal-illustrative-mockup-light-bg-1.png 1794w\" sizes=\"auto, (max-width: 1024px) 100vw, 1024px\" \/><\/figure>\n<\/div><\/div>\n\n<\/div><\/div>\n\n\n<h3 class=\"wp-block-heading\" id=\"3-the-components-that-make-up-a-multi-parameter-tariff\">3. Les composants d\u2019un tarif multi-param\u00e8tres<\/h3>\n\n\n<style>.wp-block-kadence-spacer.kt-block-spacer-42645_a02fca-d7 .kt-block-spacer{height:40px;}.wp-block-kadence-spacer.kt-block-spacer-42645_a02fca-d7 .kt-divider{border-top-width:1px;height:1px;border-top-color:#eee;width:80%;border-top-style:solid;}<\/style>\n<div class=\"wp-block-kadence-spacer aligncenter kt-block-spacer-42645_a02fca-d7\"><div class=\"kt-block-spacer kt-block-spacer-halign-center\"><\/div><\/div>\n\n\n\n<figure class=\"wp-block-image aligncenter size-large\"><img loading=\"lazy\" decoding=\"async\" width=\"1980\" height=\"693\" src=\"https:\/\/www.ampeco.com\/content\/uploads\/2023\/03\/example-ev-charging-tariff-structure.svg\" alt=\"-\" class=\"wp-image-16521\" title=\"\"><\/figure>\n\n\n<style>.wp-block-kadence-spacer.kt-block-spacer-42645_756be1-ba .kt-block-spacer{height:40px;}.wp-block-kadence-spacer.kt-block-spacer-42645_756be1-ba .kt-divider{border-top-width:1px;height:1px;border-top-color:#eee;width:80%;border-top-style:solid;}<\/style>\n<div class=\"wp-block-kadence-spacer aligncenter kt-block-spacer-42645_756be1-ba\"><div class=\"kt-block-spacer kt-block-spacer-halign-center\"><\/div><\/div>\n\n\n\n<p>Les tarifs incluent plusieurs param\u00e8tres qui doivent \u00eatre pris en compte lors de l\u2019\u00e9laboration d\u2019un plan tarifaire de recharge pour v\u00e9hicules \u00e9lectriques.<\/p>\n\n\n\n<p>L\u2019un des principaux \u00e9l\u00e9ments d\u2019un tarif est les frais de connexion, un montant fixe appliqu\u00e9 au d\u00e9but de la session de recharge. Pour \u00e9viter que ces frais ne soient factur\u00e9s sur des sessions tr\u00e8s courtes ou \u00e0 faible consommation d\u2019\u00e9nergie, les exploitants de bornes de recharge peuvent d\u00e9finir une dur\u00e9e minimale de session ou une exigence minimale en mati\u00e8re d\u2019\u00e9nergie consomm\u00e9e.<\/p>\n\n\n\n<p>Le prix par kWh ou les frais d\u2019\u00e9nergie peuvent \u00eatre r\u00e9partis en diff\u00e9rentes tranches tarifaires en fonction de la consommation d\u2019\u00e9nergie. Vous pouvez d\u00e9finir un prix fixe par kW ainsi qu\u2019un tarif forfaitaire (si applicable) pour chaque tranche. De plus, vous pouvez appliquer des frais de dur\u00e9e en fonction de la longueur de la session de recharge, qui peuvent \u00e9galement \u00eatre divis\u00e9s en cr\u00e9neaux horaires avec un tarif fixe par unit\u00e9 facturable et un tarif forfaitaire (si applicable). Pour d\u00e9finir la p\u00e9riode des frais de dur\u00e9e, les exploitants peuvent s\u00e9lectionner un intervalle de temps sp\u00e9cifique, par exemple toutes les 15 minutes.<\/p>\n\n\n\n<p>Les frais d\u2019inactivit\u00e9 constituent un autre \u00e9l\u00e9ment tarifaire que l\u2019exploitant du r\u00e9seau peut appliquer lorsque le v\u00e9hicule \u00e9lectrique ne recharge pas pendant la session. Vous pouvez d\u00e9finir un tarif par minute pour la p\u00e9riode d\u2019inactivit\u00e9 ainsi qu\u2019une p\u00e9riode de tol\u00e9rance (en minutes) avant l\u2019application des frais d\u2019inactivit\u00e9. Cette p\u00e9riode de tol\u00e9rance permet aux conducteurs de VE de retirer leur v\u00e9hicule avant que les frais d\u2019inactivit\u00e9 ne commencent \u00e0 s\u2019appliquer.<br>De plus, les exploitants peuvent d\u00e9finir un prix minimum par session afin de garantir qu\u2019elle g\u00e9n\u00e8re un niveau de revenu minimum. Enfin, vous pouvez choisir de pr\u00e9autoriser un montant sp\u00e9cifique sur la carte de paiement de l\u2019utilisateur au d\u00e9but de la session et d\u2019arr\u00eater la session lorsque le montant pr\u00e9autoris\u00e9 passe en dessous d\u2019une valeur d\u00e9finie. Cela permet de s\u2019assurer que le conducteur du VE dispose de fonds suffisants pour payer la session et d\u2019\u00e9viter les probl\u00e8mes li\u00e9s au traitement des paiements.<\/p>\n\n\n<style>.wp-block-kadence-spacer.kt-block-spacer-42645_62c104-a4 .kt-block-spacer{height:40px;}.wp-block-kadence-spacer.kt-block-spacer-42645_62c104-a4 .kt-divider{border-top-width:1px;height:1px;border-top-color:#eee;width:80%;border-top-style:solid;}<\/style>\n<div class=\"wp-block-kadence-spacer aligncenter kt-block-spacer-42645_62c104-a4\"><div class=\"kt-block-spacer kt-block-spacer-halign-center\"><\/div><\/div>\n\n\n\n<figure class=\"wp-block-image aligncenter size-large\"><img loading=\"lazy\" decoding=\"async\" width=\"1980\" height=\"1245\" src=\"https:\/\/www.ampeco.com\/content\/uploads\/2023\/03\/charging-sessions-limitations.svg\" alt=\"Limitation des sessions de recharge\" class=\"wp-image-16522\" title=\"\"><\/figure>\n\n\n<style>.wp-block-kadence-spacer.kt-block-spacer-42645_2d31bb-51 .kt-block-spacer{height:40px;}.wp-block-kadence-spacer.kt-block-spacer-42645_2d31bb-51 .kt-divider{border-top-width:1px;height:1px;border-top-color:#eee;width:80%;border-top-style:solid;}<\/style>\n<div class=\"wp-block-kadence-spacer aligncenter kt-block-spacer-42645_2d31bb-51\"><div class=\"kt-block-spacer kt-block-spacer-halign-center\"><\/div><\/div>\n\n\n\n<h3 class=\"wp-block-heading\" id=\"4-determine-when-tariffs-are-applied\">4. D\u00e9terminer quand les tarifs sont appliqu\u00e9s<\/h3>\n\n\n\n<p>Les exploitants de points de recharge disposent de plusieurs outils et fonctionnalit\u00e9s pour contr\u00f4ler quand et comment les tarifs sont appliqu\u00e9s. Des dates de d\u00e9but et de fin pour des tarifs sp\u00e9cifiques aux prix sp\u00e9ciaux pour certains jours de la semaine ou du mois, ils peuvent adopter diff\u00e9rentes strat\u00e9gies pour encourager certains comportements de recharge, \u00e9quilibrer la demande lors des p\u00e9riodes de pointe et proposer aux utilisateurs des options tarifaires plus \u00e9conomiques et flexibles.<\/p>\n\n\n\n<h2 class=\"wp-block-heading\" id=\"grouping-tariffs-for-advanced-management-and-targeting\">Regroupement des tarifs pour une gestion avanc\u00e9e et un ciblage pr\u00e9cis<\/h2>\n\n\n\n<p>Le regroupement des tarifs permet une gestion avanc\u00e9e et un ciblage pr\u00e9cis pour les exploitants de bornes de recharge pour v\u00e9hicules \u00e9lectriques. En classant les tarifs par ordre d\u2019importance ou de pertinence pour les clients, vous vous assurez que les tarifs les plus attractifs sont appliqu\u00e9s en priorit\u00e9, augmentant ainsi la satisfaction et la fid\u00e9lit\u00e9 des clients. Dans les cas o\u00f9 un utilisateur n\u2019est pas \u00e9ligible \u00e0 un tarif pr\u00e9f\u00e9r\u00e9, les exploitants peuvent utiliser une logique de repli pour appliquer le tarif le plus appropri\u00e9 suivant, selon l\u2019ordre de priorit\u00e9.<\/p>\n\n\n\n<p>Le regroupement des tarifs permet de cr\u00e9er des exp\u00e9riences de recharge personnalis\u00e9es et efficaces en ciblant des partenaires sp\u00e9cifiques ou certaines bornes de recharge (EVSE). Cela facilite la mise en place de structures tarifaires adapt\u00e9es aux accords avec les partenaires ou aux exigences propres \u00e0 chaque site.<\/p>\n\n\n<style>.wp-block-kadence-spacer.kt-block-spacer-42645_d1ea19-06 .kt-block-spacer{height:40px;}.wp-block-kadence-spacer.kt-block-spacer-42645_d1ea19-06 .kt-divider{border-top-width:1px;height:1px;border-top-color:#eee;width:80%;border-top-style:solid;}<\/style>\n<div class=\"wp-block-kadence-spacer aligncenter kt-block-spacer-42645_d1ea19-06\"><div class=\"kt-block-spacer kt-block-spacer-halign-center\"><\/div><\/div>\n\n\n\n<figure class=\"wp-block-image aligncenter size-large\"><img loading=\"lazy\" decoding=\"async\" width=\"1980\" height=\"1149\" src=\"https:\/\/www.ampeco.com\/content\/uploads\/2023\/03\/assign-tariff-groups-partners-evse.svg\" alt=\"Illustration de l\u2019attribution des groupes tarifaires aux partenaires et aux bornes de recharge (EVSE)\" class=\"wp-image-16523\" title=\"\"><\/figure>\n\n\n<style>.wp-block-kadence-spacer.kt-block-spacer-42645_3931fe-fc .kt-block-spacer{height:40px;}.wp-block-kadence-spacer.kt-block-spacer-42645_3931fe-fc .kt-divider{border-top-width:1px;height:1px;border-top-color:#eee;width:80%;border-top-style:solid;}<\/style>\n<div class=\"wp-block-kadence-spacer aligncenter kt-block-spacer-42645_3931fe-fc\"><div class=\"kt-block-spacer kt-block-spacer-halign-center\"><\/div><\/div>\n\n\n\n<h2 class=\"wp-block-heading\">Plusieurs cas d\u2019usage de la recharge des VE rendus possibles gr\u00e2ce aux tarifs flexibles d\u2019AMPECO<\/h2>\n\n\n\n<h4 class=\"wp-block-heading\" id=\"subscription-plans\">Forfaits d\u2019abonnement<\/h4>\n\n\n\n<p>Les clients peuvent choisir entre des options de paiement pr\u00e9pay\u00e9 ou postpay\u00e9 avec un forfait d\u2019abonnement. <a href=\"https:\/\/www.ampeco.com\/blog\/postpaid-subscriptions-hoas-ev-charging-use-case\/\" data-type=\"link\" data-id=\"https:\/\/www.ampeco.com\/blog\/postpaid-subscriptions-hoas-ev-charging-use-case\/\">Les abonnements postpay\u00e9s<\/a> sont particuli\u00e8rement utiles dans les sc\u00e9narios de recharge en habitat collectif. Les exploitants de points de recharge peuvent aider les associations de copropri\u00e9taires <a href=\"https:\/\/www.ampeco.com\/fr\/plateforme-de-supervision-de-recharge\/paiements-et-facturation\/\" data-type=\"link\" data-id=\"https:\/\/www.ampeco.com\/fr\/plateforme-de-supervision-de-recharge\/paiements-et-facturation\/\">\u00e0 simplifier la facturation de la recharge des VE<\/a> gr\u00e2ce \u00e0 un abonnement postpay\u00e9 comprenant un tarif de base fixe, auquel s\u2019ajoute le total des frais de recharge mensuels. Ce mod\u00e8le s\u2019aligne sur les pratiques standards de facturation des services publics pour les r\u00e9sidents et garantit une pr\u00e9visibilit\u00e9 des revenus pour les associations de copropri\u00e9t\u00e9. Vous pouvez \u00e9galement lancer des campagnes promotionnelles, des offres sp\u00e9ciales et des r\u00e9ductions pour renforcer votre marque et \u00e9tablir des relations durables avec vos clients abonn\u00e9s.<\/p>\n\n\n\n<h4 class=\"wp-block-heading\" id=\"user-groups\">Groupes d\u2019utilisateurs<\/h4>\n\n\n\n<p>Avec les groupes d\u2019utilisateurs, vous pouvez maximiser la mon\u00e9tisation de votre r\u00e9seau en cr\u00e9ant des tarifs distincts pour diff\u00e9rents segments d\u2019utilisateurs, tels que les VIP, les employ\u00e9s, les clients, etc. Chaque groupe dispose de son propre tarif avec des restrictions sp\u00e9cifiques sur leurs sessions de recharge. Cela vous permet de diff\u00e9rencier les prix en fonction de la priorit\u00e9 des utilisateurs pour un m\u00eame site de recharge ou d\u2019appliquer une tarification diff\u00e9rente entre la recharge publique et priv\u00e9e. Par exemple, dans un sc\u00e9nario de recharge en entreprise, vous pourriez proposer un tarif destin\u00e9 au grand public, un tarif r\u00e9duit pour certains utilisateurs comme vos employ\u00e9s, et offrir des incitations aux clients, comme la recharge gratuite sous certaines conditions.<\/p>\n\n\n\n<h4 class=\"wp-block-heading\" id=\"electricity-rates\">Tarifs de l\u2019\u00e9lectricit\u00e9<\/h4>\n\n\n\n<p>Les tarifs flexibles vous permettent d\u2019ajuster les prix de l\u2019\u00e9lectricit\u00e9 en fonction des diff\u00e9rents moments de la journ\u00e9e ou de la semaine. Vous pouvez ainsi mettre en place un tarif jour et nuit, appliquant des prix diff\u00e9rents selon la p\u00e9riode de consommation. Il est \u00e9galement possible de collaborer avec des fournisseurs d\u2019\u00e9nergie comme Octopus Energy pour ajuster les tarifs \u00e0 intervalles r\u00e9guliers tout au long de la journ\u00e9e. De cette mani\u00e8re, vos clients peuvent b\u00e9n\u00e9ficier de tarifs r\u00e9duits en heures creuses tout en profitant de prix comp\u00e9titifs en heures de pointe. Par exemple, les op\u00e9rateurs de flottes peuvent tirer un grand avantage des tarifs flexibles: en planifiant strat\u00e9giquement leurs sessions de recharge, ils peuvent r\u00e9duire leurs co\u00fbts \u00e9nerg\u00e9tiques tout en garantissant que leurs v\u00e9hicules disposent de l\u2019\u00e9nergie n\u00e9cessaire pour fonctionner efficacement.<\/p>\n\n\n\n<h2 class=\"wp-block-heading\" id=\"amplify-your-revenue-with-ampec-os-flexible-ev-charging-tariffs\">Augmentez vos revenus gr\u00e2ce aux tarifs flexibles de recharge pour VE d\u2019AMPECO<\/h2>\n\n\n\n<p>Savoir exploiter les tarifs flexibles de recharge pour VE \u00e0 votre avantage est essentiel pour accro\u00eetre vos b\u00e9n\u00e9fices et am\u00e9liorer l\u2019exp\u00e9rience client. AMPECO poss\u00e8de une vaste expertise en gestion des tarifs, avec plus de 120 clients op\u00e9rant dans plus de 45 march\u00e9s \u00e0 travers le monde. <a href=\"https:\/\/www.ampeco.com\/fr\/plateforme-de-supervision-de-recharge\/\" data-type=\"link\" data-id=\"https:\/\/www.ampeco.com\/fr\/plateforme-de-supervision-de-recharge\/\">Notre \u00e9quipe d\u2019experts en recharge pour VE<\/a> peut vous conseiller sur la meilleure approche \u00e0 adopter pour ce sujet strat\u00e9gique et vous accompagner dans la mise en place de votre mod\u00e8le commercial sp\u00e9cifique. Gr\u00e2ce \u00e0 la flexibilit\u00e9 d\u2019ajustement en fonction de l\u2019\u00e9volution des besoins, notre plateforme de gestion de recharge vous permet de couvrir de nombreux cas d\u2019usage complexes. De plus, nos tarifs flexibles de recharge pour VE peuvent \u00eatre facilement g\u00e9r\u00e9s et contr\u00f4l\u00e9s via notre API, garantissant une int\u00e9gration fluide avec vos syst\u00e8mes et processus existants.<\/p>\n\n\n\n<div style=\"border-radius:var(--spacing-4xl, 32px);overflow:hidden;\" class=\"wp-block-group is-style-tilted-green-bg is-layout-constrained wp-block-group-is-layout-constrained\">\n<p class=\"has-text-align-left\">Contactez-nous pour en savoir plus sur la mani\u00e8re dont nous pouvons vous aider \u00e0 tirer pleinement parti des tarifs flexibles de recharge pour VE.<\/p>\n\n\n\n<div class=\"wp-block-buttons is-horizontal is-content-justification-left is-layout-flex wp-container-core-buttons-is-layout-20be11b6 wp-block-buttons-is-layout-flex\">\n<div class=\"wp-block-button is-style-fill\"><a class=\"wp-block-button__link has-bluenew-color has-lightbluebg-background-color has-text-color has-background wp-element-button\" href=\"https:\/\/www.ampeco.com\/fr\/demo\/\">R\u00e9servez une d\u00e9mo<\/a><\/div>\n<\/div>\n<\/div>\n","protected":false},"excerpt":{"rendered":"<p>Comprendre l&rsquo;importance de la tarification flexible Les tarifs flexibles de recharge pour v\u00e9hicules \u00e9lectriques sont un puissant levier pour mon\u00e9tiser efficacement votre r\u00e9seau tout en offrant une exp\u00e9rience client optimale. Gr\u00e2ce aux [&hellip;]<\/p>\n","protected":false},"author":24,"featured_media":18684,"comment_status":"open","ping_status":"open","sticky":false,"template":"","format":"standard","meta":{"_acf_changed":false,"inline_featured_image":false,"footnotes":""},"categories":[505],"tags":[506,507],"class_list":["post-42645","post","type-post","status-publish","format-standard","has-post-thumbnail","hentry","category-product-highlights-fr","tag-ev-charging-tariff-fr","tag-payment-fr"],"acf":[],"_links":{"self":[{"href":"https:\/\/www.ampeco.com\/fr\/wp-json\/wp\/v2\/posts\/42645","targetHints":{"allow":["GET"]}}],"collection":[{"href":"https:\/\/www.ampeco.com\/fr\/wp-json\/wp\/v2\/posts"}],"about":[{"href":"https:\/\/www.ampeco.com\/fr\/wp-json\/wp\/v2\/types\/post"}],"author":[{"embeddable":true,"href":"https:\/\/www.ampeco.com\/fr\/wp-json\/wp\/v2\/users\/24"}],"replies":[{"embeddable":true,"href":"https:\/\/www.ampeco.com\/fr\/wp-json\/wp\/v2\/comments?post=42645"}],"version-history":[{"count":2,"href":"https:\/\/www.ampeco.com\/fr\/wp-json\/wp\/v2\/posts\/42645\/revisions"}],"predecessor-version":[{"id":42649,"href":"https:\/\/www.ampeco.com\/fr\/wp-json\/wp\/v2\/posts\/42645\/revisions\/42649"}],"wp:featuredmedia":[{"embeddable":true,"href":"https:\/\/www.ampeco.com\/fr\/wp-json\/wp\/v2\/media\/18684"}],"wp:attachment":[{"href":"https:\/\/www.ampeco.com\/fr\/wp-json\/wp\/v2\/media?parent=42645"}],"wp:term":[{"taxonomy":"category","embeddable":true,"href":"https:\/\/www.ampeco.com\/fr\/wp-json\/wp\/v2\/categories?post=42645"},{"taxonomy":"post_tag","embeddable":true,"href":"https:\/\/www.ampeco.com\/fr\/wp-json\/wp\/v2\/tags?post=42645"}],"curies":[{"name":"wp","href":"https:\/\/api.w.org\/{rel}","templated":true}]}}