{"id":42633,"date":"2024-11-26T09:05:42","date_gmt":"2024-11-26T09:05:42","guid":{"rendered":"https:\/\/www.ampeco.com\/blog\/ampeco-secures-26-million-in-series-b-funding-to-accelerate-global-ev-charging-networks\/"},"modified":"2025-02-21T17:00:15","modified_gmt":"2025-02-21T17:00:15","slug":"ampeco-secures-26-million-in-series-b-funding-to-accelerate-global-ev-charging-networks","status":"publish","type":"post","link":"https:\/\/www.ampeco.com\/fr\/blog\/ampeco-secures-26-million-in-series-b-funding-to-accelerate-global-ev-charging-networks\/","title":{"rendered":"AMPECO s\u00e9curise 26 millions de dollars en financement de s\u00e9rie B pour acc\u00e9l\u00e9rer les r\u00e9seaux de recharge de v\u00e9hicules \u00e9lectriques \u00e0 l\u2019\u00e9chelle mondiale"},"content":{"rendered":"\n<p>Nous sommes ravis d\u2019annoncer qu\u2019AMPECO a lev\u00e9 26 millions de dollars dans le cadre d\u2019un financement de s\u00e9rie B, men\u00e9 par <a href=\"https:\/\/www.revaia.com\/\" data-type=\"link\" data-id=\"https:\/\/www.revaia.com\/\" rel=\"nofollow noopener\" target=\"_blank\">Revaia<\/a>, avec le soutien continu de nos investisseurs existants <a href=\"https:\/\/cavalry.vc\/\" data-type=\"link\" data-id=\"https:\/\/cavalry.vc\/\" rel=\"nofollow noopener\" target=\"_blank\">Cavalry Ventures<\/a>, <a href=\"https:\/\/www.bmwiventures.com\/\" data-type=\"link\" data-id=\"https:\/\/www.bmwiventures.com\/\" rel=\"nofollow noopener\" target=\"_blank\">BMW i Ventures<\/a> et <a href=\"https:\/\/launchub.com\/\" data-type=\"link\" data-id=\"https:\/\/launchub.com\/\" rel=\"nofollow noopener\" target=\"_blank\">LAUNCHub Ventures<\/a>. Cette \u00e9tape porte notre financement total \u00e0 42 millions de dollars depuis notre cr\u00e9ation en 2019, marquant une avanc\u00e9e majeure dans notre mission d\u2019acc\u00e9l\u00e9rer la transition mondiale vers la mobilit\u00e9 \u00e9lectrique.<\/p>\n\n\n\n<figure class=\"wp-block-image aligncenter size-large\"><img loading=\"lazy\" decoding=\"async\" width=\"1024\" height=\"576\" src=\"https:\/\/www.ampeco.com\/content\/uploads\/2024\/11\/1920x1080-1-1024x576.png\" alt=\"-\" class=\"wp-image-40671\" title=\"\" srcset=\"https:\/\/www.ampeco.com\/content\/uploads\/2024\/11\/1920x1080-1-1024x576.png 1024w, https:\/\/www.ampeco.com\/content\/uploads\/2024\/11\/1920x1080-1-300x169.png 300w, https:\/\/www.ampeco.com\/content\/uploads\/2024\/11\/1920x1080-1-768x432.png 768w, https:\/\/www.ampeco.com\/content\/uploads\/2024\/11\/1920x1080-1-1536x864.png 1536w, https:\/\/www.ampeco.com\/content\/uploads\/2024\/11\/1920x1080-1-96x54.png 96w, https:\/\/www.ampeco.com\/content\/uploads\/2024\/11\/1920x1080-1-330x186.png 330w, https:\/\/www.ampeco.com\/content\/uploads\/2024\/11\/1920x1080-1-660x371.png 660w, https:\/\/www.ampeco.com\/content\/uploads\/2024\/11\/1920x1080-1-512x288.png 512w, https:\/\/www.ampeco.com\/content\/uploads\/2024\/11\/1920x1080-1-600x338.png 600w, https:\/\/www.ampeco.com\/content\/uploads\/2024\/11\/1920x1080-1-1200x675.png 1200w, https:\/\/www.ampeco.com\/content\/uploads\/2024\/11\/1920x1080-1-840x473.png 840w, https:\/\/www.ampeco.com\/content\/uploads\/2024\/11\/1920x1080-1-1680x945.png 1680w, https:\/\/www.ampeco.com\/content\/uploads\/2024\/11\/1920x1080-1-32x18.png 32w, https:\/\/www.ampeco.com\/content\/uploads\/2024\/11\/1920x1080-1.png 1920w\" sizes=\"auto, (max-width: 1024px) 100vw, 1024px\" \/><\/figure>\n\n\n<style>.wp-block-kadence-spacer.kt-block-spacer-42633_377af5-2e .kt-block-spacer{height:20px;}.wp-block-kadence-spacer.kt-block-spacer-42633_377af5-2e .kt-divider{border-top-width:1px;height:1px;border-top-color:#eee;width:80%;border-top-style:solid;}<\/style>\n<div class=\"wp-block-kadence-spacer aligncenter kt-block-spacer-42633_377af5-2e\"><div class=\"kt-block-spacer kt-block-spacer-halign-center\"><\/div><\/div>\n\n\n\n<p>Ce financement de s\u00e9rie B soutiendra les plans de croissance d\u2019AMPECO tout en acc\u00e9l\u00e9rant l\u2019am\u00e9lioration de nos produits et en favorisant notre expansion sur des march\u00e9s cl\u00e9s tels que l\u2019Europe de l\u2019Ouest, les pays nordiques, le Royaume-Uni, l\u2019Am\u00e9rique du Nord et l\u2019Asie du Sud-Est. Pour accompagner cette croissance, nous pr\u00e9voyons de doubler la taille de notre \u00e9quipe au cours des deux prochaines ann\u00e9es.<\/p>\n\n\n<style>.wp-block-kadence-spacer.kt-block-spacer-42633_786369-86 .kt-block-spacer{height:40px;}.wp-block-kadence-spacer.kt-block-spacer-42633_786369-86 .kt-divider{border-top-width:1px;height:1px;border-top-color:#eee;width:80%;border-top-style:solid;}<\/style>\n<div class=\"wp-block-kadence-spacer aligncenter kt-block-spacer-42633_786369-86\"><div class=\"kt-block-spacer kt-block-spacer-halign-center\"><\/div><\/div>\n\n\n<style style=\"border-radius:var(--spacing-4xl, 32px);overflow:hidden;\">.kb-row-layout-id42633_8ccf46-67 > .kt-row-column-wrap{align-content:start;}:where(.kb-row-layout-id42633_8ccf46-67 > .kt-row-column-wrap) > .wp-block-kadence-column{justify-content:start;}.kb-row-layout-id42633_8ccf46-67 > .kt-row-column-wrap{column-gap:var(--global-kb-gap-md, 2rem);row-gap:var(--global-kb-gap-md, 2rem);padding-top:var(--global-kb-spacing-sm, 1.5rem);padding-bottom:var(--global-kb-spacing-sm, 1.5rem);grid-template-columns:minmax(0, 1fr) minmax(0, 2fr);}.kb-row-layout-id42633_8ccf46-67 > .kt-row-layout-overlay{opacity:0.30;}@media all and (max-width: 1024px){.kb-row-layout-id42633_8ccf46-67 > .kt-row-column-wrap{grid-template-columns:minmax(0, 1fr) minmax(0, 2fr);}}@media all and (max-width: 767px){.kb-row-layout-id42633_8ccf46-67 > .kt-row-column-wrap{grid-template-columns:minmax(0, 1fr);}}<\/style><div class=\"kb-row-layout-wrap kb-row-layout-id42633_8ccf46-67 alignnone has-lightbluebg-background-color kt-row-has-bg wp-block-kadence-rowlayout\"><div class=\"kt-row-column-wrap kt-has-2-columns kt-row-layout-right-golden kt-tab-layout-inherit kt-mobile-layout-row kt-row-valign-top\">\n<style>.kadence-column42633_5b6d53-25 > .kt-inside-inner-col,.kadence-column42633_5b6d53-25 > .kt-inside-inner-col:before{border-top-left-radius:0px;border-top-right-radius:0px;border-bottom-right-radius:0px;border-bottom-left-radius:0px;}.kadence-column42633_5b6d53-25 > .kt-inside-inner-col{column-gap:var(--global-kb-gap-sm, 1rem);}.kadence-column42633_5b6d53-25 > .kt-inside-inner-col{flex-direction:column;}.kadence-column42633_5b6d53-25 > .kt-inside-inner-col > .aligncenter{width:100%;}.kadence-column42633_5b6d53-25 > .kt-inside-inner-col:before{opacity:0.3;}.kadence-column42633_5b6d53-25{position:relative;}@media all and (max-width: 1024px){.kadence-column42633_5b6d53-25 > .kt-inside-inner-col{flex-direction:column;justify-content:center;}}@media all and (max-width: 767px){.kadence-column42633_5b6d53-25 > .kt-inside-inner-col{flex-direction:column;justify-content:center;}}<\/style>\n<div class=\"wp-block-kadence-column kadence-column42633_5b6d53-25 inner-column-1 vertical-center-image\"><div class=\"kt-inside-inner-col\">\n<div class=\"wp-block-media-text has-media-on-the-right is-stacked-on-mobile is-vertically-aligned-center\" style=\"grid-template-columns:auto 85%\"><div class=\"wp-block-media-text__content\">\n<p class=\"has-large-font-size\"><\/p>\n<\/div><figure class=\"wp-block-media-text__media\"><img decoding=\"async\" src=\"https:\/\/www.ampeco.com\/content\/uploads\/2024\/10\/photo-AMPECO-ceo-orlin-radev2-e1729664719169.png\" alt=\"Orlin Radev, CEO chez AMPECO\" class=\"wp-image-40288 size-full\" title=\"\"><\/figure><\/div>\n<\/div><\/div>\n\n\n<style>.kadence-column42633_add06c-54 > .kt-inside-inner-col,.kadence-column42633_add06c-54 > .kt-inside-inner-col:before{border-top-left-radius:0px;border-top-right-radius:0px;border-bottom-right-radius:0px;border-bottom-left-radius:0px;}.kadence-column42633_add06c-54 > .kt-inside-inner-col{column-gap:var(--global-kb-gap-sm, 1rem);}.kadence-column42633_add06c-54 > .kt-inside-inner-col{flex-direction:column;}.kadence-column42633_add06c-54 > .kt-inside-inner-col > .aligncenter{width:100%;}.kadence-column42633_add06c-54 > .kt-inside-inner-col:before{opacity:0.3;}.kadence-column42633_add06c-54{position:relative;}@media all and (max-width: 1024px){.kadence-column42633_add06c-54 > .kt-inside-inner-col{flex-direction:column;justify-content:center;}}@media all and (max-width: 767px){.kadence-column42633_add06c-54 > .kt-inside-inner-col{flex-direction:column;justify-content:center;}}<\/style>\n<div class=\"wp-block-kadence-column kadence-column42633_add06c-54 inner-column-2\"><div class=\"kt-inside-inner-col\">\n<h4 class=\"wp-block-heading\"><\/h4>\n\n\n\n<p>\u00ab\u00a0Cet investissement t\u00e9moigne du travail acharn\u00e9 de notre \u00e9quipe et de la confiance que nos clients nous accordent \u00bb, a d\u00e9clar\u00e9 Orlin Radev, PDG d\u2019AMPECO. \u00ab Gr\u00e2ce \u00e0 ce financement, nous sommes en position d\u2019acc\u00e9l\u00e9rer encore l\u2019innovation dans les logiciels de gestion de la recharge des v\u00e9hicules \u00e9lectriques, aidant nos clients \u00e0 d\u00e9velopper et \u00e0 faire \u00e9voluer des r\u00e9seaux de recharge robustes qui contribueront \u00e0 la transition mondiale vers la mobilit\u00e9 \u00e9lectrique. Les retours positifs du march\u00e9 ont renforc\u00e9 notre vision pour 2025, alors que nous nous pr\u00e9parons \u00e0 lancer de nouvelles fonctionnalit\u00e9s ax\u00e9es sur l\u2019excellence op\u00e9rationnelle et l\u2019\u00e9volutivit\u00e9 des r\u00e9seaux.\u00a0\u00bb<\/p>\n\n\n\n<p class=\"is-style-small-label\">Orlin Radev, CEO chez AMPECO<\/p>\n<\/div><\/div>\n\n<\/div><\/div>\n\n<style>.wp-block-kadence-spacer.kt-block-spacer-42633_af6a48-bc .kt-block-spacer{height:40px;}.wp-block-kadence-spacer.kt-block-spacer-42633_af6a48-bc .kt-divider{border-top-width:1px;height:1px;border-top-color:#eee;width:80%;border-top-style:solid;}<\/style>\n<div class=\"wp-block-kadence-spacer aligncenter kt-block-spacer-42633_af6a48-bc\"><div class=\"kt-block-spacer kt-block-spacer-halign-center\"><\/div><\/div>\n\n\n\n<p><strong><strong>Leadership sur le march\u00e9 et reconnaissance<\/strong><\/strong><\/p>\n\n\n<style>.wp-block-kadence-spacer.kt-block-spacer-42633_ee0349-9e .kt-block-spacer{height:20px;}.wp-block-kadence-spacer.kt-block-spacer-42633_ee0349-9e .kt-divider{border-top-width:1px;height:1px;border-top-color:#eee;width:80%;border-top-style:solid;}<\/style>\n<div class=\"wp-block-kadence-spacer aligncenter kt-block-spacer-42633_ee0349-9e\"><div class=\"kt-block-spacer kt-block-spacer-halign-center\"><\/div><\/div>\n\n\n\n<p>Depuis notre financement de s\u00e9rie A en 2023, AMPECO a connu une croissance remarquable. Nous servons d\u00e9sormais plus de 160 clients dans 60 march\u00e9s et connectons plus de 120 000 bornes de recharge \u00e0 notre plateforme. Ce leadership sur le march\u00e9 a r\u00e9cemment \u00e9t\u00e9 confirm\u00e9 par IDC MarketScape, qui a reconnu AMPECO comme un leader dans son \u00e9valuation 2024 des solutions de gestion de la recharge des v\u00e9hicules \u00e9lectriques \u00e0 l\u2019\u00e9chelle mondiale.<\/p>\n\n\n\n<p>La polyvalence et la fiabilit\u00e9 de notre plateforme ont attir\u00e9 d\u2019importants op\u00e9rateurs de recharge de v\u00e9hicules \u00e9lectriques \u00e0 travers plusieurs r\u00e9gions. En Europe, par exemple, <a href=\"https:\/\/www.ampeco.com\/blog\/e-on-drive-infrastructure-selects-ampecos-ev-charging-platform\/\" data-type=\"link\" data-id=\"https:\/\/www.ampeco.com\/blog\/e-on-drive-infrastructure-selects-ampecos-ev-charging-platform\/\">E.ON Drive Infrastructure<\/a> a d\u00e9ploy\u00e9 notre solution dans 11 pays, tandis que les leaders du march\u00e9 fran\u00e7ais <a href=\"https:\/\/www.ampeco.com\/blog\/chargeguru-x-zeplug-partner-with-ampeco-to-accelerate-sustainable-mobility-across-europe\/\" data-type=\"link\" data-id=\"https:\/\/www.ampeco.com\/blog\/chargeguru-x-zeplug-partner-with-ampeco-to-accelerate-sustainable-mobility-across-europe\/\">ChargeGuru x Zeplug<\/a> et INDIGO Group ont choisi AMPECO pour alimenter leurs r\u00e9seaux de recharge. Notre expansion se poursuit avec des partenariats incluant Free2Move aux \u00c9tats-Unis ainsi que les pionniers nordiques Wattif et <a href=\"https:\/\/www.ampeco.com\/blog\/how-elaway-became-a-leading-cpo-for-hoas\/\" data-type=\"link\" data-id=\"https:\/\/www.ampeco.com\/blog\/how-elaway-became-a-leading-cpo-for-hoas\/\">Elaway<\/a>, d\u00e9montrant ainsi la capacit\u00e9 de notre plateforme \u00e0 r\u00e9pondre aux exigences complexes des fournisseurs de recharge \u00e0 grande \u00e9chelle, au-del\u00e0 des cas d\u2019usage et des fronti\u00e8res.<\/p>\n\n\n<style>.wp-block-kadence-spacer.kt-block-spacer-42633_abb94e-89 .kt-block-spacer{height:20px;}.wp-block-kadence-spacer.kt-block-spacer-42633_abb94e-89 .kt-divider{border-top-width:1px;height:1px;border-top-color:#eee;width:80%;border-top-style:solid;}<\/style>\n<div class=\"wp-block-kadence-spacer aligncenter kt-block-spacer-42633_abb94e-89\"><div class=\"kt-block-spacer kt-block-spacer-halign-center\"><\/div><\/div>\n\n\n\n<p><strong><strong><strong>Notre nouvel investisseur<\/strong><\/strong><\/strong><\/p>\n\n\n\n<p>Revaia est un investisseur technologique de premier plan, s\u2019associant \u00e0 des entrepreneurs engag\u00e9s ayant des ambitions mondiales et une vision durable. Avec le soutien d\u2019institutions majeures, telles que le Fonds europ\u00e9en d\u2019investissement, Revaia accompagne ces entreprises en phase de croissance tout au long de leur cycle de vie, de la s\u00e9rie B jusqu\u2019\u00e0 l\u2019introduction en bourse ou l\u2019acquisition. Revaia cr\u00e9e des passerelles entre le capital-risque, le capital-investissement et les march\u00e9s publics, et agit comme un partenaire strat\u00e9gique pour les entrepreneurs qui \u0153uvrent \u00e0 transformer le monde de mani\u00e8re positive. Avec des bureaux \u00e0 Paris, Londres et Berlin, ainsi qu\u2019une pr\u00e9sence en Am\u00e9rique du Nord, son \u00e9quipe diversifi\u00e9e apporte une expertise concr\u00e8te et un savoir-faire unique en mati\u00e8re d\u2019ESG aux scale-ups technologiques les plus prometteuses.<\/p>\n\n\n<style>.wp-block-kadence-spacer.kt-block-spacer-42633_b680bd-af .kt-block-spacer{height:20px;}.wp-block-kadence-spacer.kt-block-spacer-42633_b680bd-af .kt-divider{border-top-width:1px;height:1px;border-top-color:#eee;width:80%;border-top-style:solid;}<\/style>\n<div class=\"wp-block-kadence-spacer aligncenter kt-block-spacer-42633_b680bd-af\"><div class=\"kt-block-spacer kt-block-spacer-halign-center\"><\/div><\/div>\n\n\n<style style=\"border-radius:var(--spacing-4xl, 32px);overflow:hidden;\">.kb-row-layout-id42633_038b69-26 > .kt-row-column-wrap{align-content:start;}:where(.kb-row-layout-id42633_038b69-26 > .kt-row-column-wrap) > .wp-block-kadence-column{justify-content:start;}.kb-row-layout-id42633_038b69-26 > .kt-row-column-wrap{column-gap:var(--global-kb-gap-md, 2rem);row-gap:var(--global-kb-gap-md, 2rem);padding-top:var(--global-kb-spacing-sm, 1.5rem);padding-bottom:var(--global-kb-spacing-sm, 1.5rem);grid-template-columns:minmax(0, 1fr) minmax(0, 2fr);}.kb-row-layout-id42633_038b69-26 > .kt-row-layout-overlay{opacity:0.30;}@media all and (max-width: 1024px){.kb-row-layout-id42633_038b69-26 > .kt-row-column-wrap{grid-template-columns:minmax(0, 1fr) minmax(0, 2fr);}}@media all and (max-width: 767px){.kb-row-layout-id42633_038b69-26 > .kt-row-column-wrap{grid-template-columns:minmax(0, 1fr);}}<\/style><div class=\"kb-row-layout-wrap kb-row-layout-id42633_038b69-26 alignnone has-lightbluebg-background-color kt-row-has-bg wp-block-kadence-rowlayout\"><div class=\"kt-row-column-wrap kt-has-2-columns kt-row-layout-right-golden kt-tab-layout-inherit kt-mobile-layout-row kt-row-valign-top\">\n<style>.kadence-column42633_6c397a-b1 > .kt-inside-inner-col,.kadence-column42633_6c397a-b1 > .kt-inside-inner-col:before{border-top-left-radius:0px;border-top-right-radius:0px;border-bottom-right-radius:0px;border-bottom-left-radius:0px;}.kadence-column42633_6c397a-b1 > .kt-inside-inner-col{column-gap:var(--global-kb-gap-sm, 1rem);}.kadence-column42633_6c397a-b1 > .kt-inside-inner-col{flex-direction:column;}.kadence-column42633_6c397a-b1 > .kt-inside-inner-col > .aligncenter{width:100%;}.kadence-column42633_6c397a-b1 > .kt-inside-inner-col:before{opacity:0.3;}.kadence-column42633_6c397a-b1{position:relative;}@media all and (max-width: 1024px){.kadence-column42633_6c397a-b1 > .kt-inside-inner-col{flex-direction:column;justify-content:center;}}@media all and (max-width: 767px){.kadence-column42633_6c397a-b1 > .kt-inside-inner-col{flex-direction:column;justify-content:center;}}<\/style>\n<div class=\"wp-block-kadence-column kadence-column42633_6c397a-b1 inner-column-1 vertical-center-image\"><div class=\"kt-inside-inner-col\">\n<div class=\"wp-block-media-text has-media-on-the-right is-stacked-on-mobile is-vertically-aligned-center\" style=\"grid-template-columns:auto 85%\"><div class=\"wp-block-media-text__content\">\n<p class=\"has-large-font-size\"><\/p>\n<\/div><figure class=\"wp-block-media-text__media\"><img loading=\"lazy\" decoding=\"async\" width=\"800\" height=\"800\" src=\"https:\/\/www.ampeco.com\/content\/uploads\/2024\/11\/morgan-kessous-revaia.jpeg\" alt=\"Morgan Kessous, Partner chez Revaia\" class=\"wp-image-40697 size-full\" title=\"\" srcset=\"https:\/\/www.ampeco.com\/content\/uploads\/2024\/11\/morgan-kessous-revaia.jpeg 800w, https:\/\/www.ampeco.com\/content\/uploads\/2024\/11\/morgan-kessous-revaia-300x300.jpeg 300w, https:\/\/www.ampeco.com\/content\/uploads\/2024\/11\/morgan-kessous-revaia-150x150.jpeg 150w, https:\/\/www.ampeco.com\/content\/uploads\/2024\/11\/morgan-kessous-revaia-768x768.jpeg 768w, https:\/\/www.ampeco.com\/content\/uploads\/2024\/11\/morgan-kessous-revaia-96x96.jpeg 96w, https:\/\/www.ampeco.com\/content\/uploads\/2024\/11\/morgan-kessous-revaia-330x330.jpeg 330w, https:\/\/www.ampeco.com\/content\/uploads\/2024\/11\/morgan-kessous-revaia-660x660.jpeg 660w, https:\/\/www.ampeco.com\/content\/uploads\/2024\/11\/morgan-kessous-revaia-512x512.jpeg 512w, https:\/\/www.ampeco.com\/content\/uploads\/2024\/11\/morgan-kessous-revaia-600x600.jpeg 600w, https:\/\/www.ampeco.com\/content\/uploads\/2024\/11\/morgan-kessous-revaia-32x32.jpeg 32w\" sizes=\"auto, (max-width: 800px) 100vw, 800px\" \/><\/figure><\/div>\n<\/div><\/div>\n\n\n<style>.kadence-column42633_63d2da-3a > .kt-inside-inner-col,.kadence-column42633_63d2da-3a > .kt-inside-inner-col:before{border-top-left-radius:0px;border-top-right-radius:0px;border-bottom-right-radius:0px;border-bottom-left-radius:0px;}.kadence-column42633_63d2da-3a > .kt-inside-inner-col{column-gap:var(--global-kb-gap-sm, 1rem);}.kadence-column42633_63d2da-3a > .kt-inside-inner-col{flex-direction:column;}.kadence-column42633_63d2da-3a > .kt-inside-inner-col > .aligncenter{width:100%;}.kadence-column42633_63d2da-3a > .kt-inside-inner-col:before{opacity:0.3;}.kadence-column42633_63d2da-3a{position:relative;}@media all and (max-width: 1024px){.kadence-column42633_63d2da-3a > .kt-inside-inner-col{flex-direction:column;justify-content:center;}}@media all and (max-width: 767px){.kadence-column42633_63d2da-3a > .kt-inside-inner-col{flex-direction:column;justify-content:center;}}<\/style>\n<div class=\"wp-block-kadence-column kadence-column42633_63d2da-3a inner-column-2\"><div class=\"kt-inside-inner-col\">\n<h4 class=\"wp-block-heading\"><\/h4>\n\n\n\n<p>\u00ab\u00a0Nous sommes ravis de mener la lev\u00e9e de fonds de s\u00e9rie B d\u2019AMPECO et de nous associer \u00e0 une entreprise qui est \u00e0 l\u2019avant-garde de l\u2019\u00e9lectrification de la mobilit\u00e9. Chez Revaia, nous avons \u00e0 c\u0153ur de soutenir des entreprises qui g\u00e9n\u00e8rent un impact durable et \u00e0 long terme pour de multiples parties prenantes. AMPECO illustre parfaitement cette vision en jouant un r\u00f4le essentiel dans le d\u00e9ploiement \u00e0 grande \u00e9chelle des infrastructures de recharge des v\u00e9hicules \u00e9lectriques \u00e0 travers le monde.\u00a0\u00bb<\/p>\n\n\n\n<p class=\"is-style-small-label\">Morgan Kessous, Partner chez Revaia<\/p>\n<\/div><\/div>\n\n<\/div><\/div>\n\n<style>.wp-block-kadence-spacer.kt-block-spacer-42633_9a4131-6e .kt-block-spacer{height:20px;}.wp-block-kadence-spacer.kt-block-spacer-42633_9a4131-6e .kt-divider{border-top-width:1px;height:1px;border-top-color:#eee;width:80%;border-top-style:solid;}<\/style>\n<div class=\"wp-block-kadence-spacer aligncenter kt-block-spacer-42633_9a4131-6e\"><div class=\"kt-block-spacer kt-block-spacer-halign-center\"><\/div><\/div>\n\n\n\n<p>\u00ab\u00a0La personnalisation in\u00e9gal\u00e9e, l\u2019\u00e9volutivit\u00e9 et l\u2019int\u00e9gration transparente d\u2019AMPECO avec des syst\u00e8mes tiers en font un acteur cl\u00e9 dans la gestion des points de recharge. Sur un march\u00e9 exigeant \u00e0 la fois flexibilit\u00e9 et fiabilit\u00e9, la plateforme d\u2019AMPECO fournit l\u2019infrastructure essentielle dont les entreprises ont besoin pour exploiter efficacement leurs r\u00e9seaux de recharge de v\u00e9hicules \u00e9lectriques \u00e0 grande \u00e9chelle. Nous sommes fiers de soutenir AMPECO dans son expansion et l\u2019am\u00e9lioration continue de sa plateforme, en apportant l\u2019infrastructure n\u00e9cessaire \u00e0 la transition mondiale vers la mobilit\u00e9 \u00e9lectrique.\u00a0\u00bb<\/p>\n\n\n\n<p>Ce soutien fort de notre nouvel investisseur principal intervient alors qu\u2019AMPECO continue de d\u00e9montrer une dynamique de croissance significative. Cette nouvelle lev\u00e9e de fonds fait suite au financement de 16 millions de dollars r\u00e9alis\u00e9 l\u2019an dernier, soulignant la trajectoire de croissance rapide d\u2019AMPECO. Nous continuons ainsi \u00e0 renforcer notre position de partenaire de confiance pour les entreprises cherchant \u00e0 d\u00e9ployer leurs infrastructures de recharge de v\u00e9hicules \u00e9lectriques \u00e0 grande \u00e9chelle \u00e0 l\u2019international.<\/p>\n\n\n\n<figure class=\"wp-block-image size-large\"><img loading=\"lazy\" decoding=\"async\" width=\"1024\" height=\"768\" src=\"https:\/\/www.ampeco.com\/content\/uploads\/2024\/11\/2024-10_AMPECO_SUMMIT_1347-1024x768.jpg\" alt=\"-\" class=\"wp-image-40682\" title=\"\" srcset=\"https:\/\/www.ampeco.com\/content\/uploads\/2024\/11\/2024-10_AMPECO_SUMMIT_1347-1024x768.jpg 1024w, https:\/\/www.ampeco.com\/content\/uploads\/2024\/11\/2024-10_AMPECO_SUMMIT_1347-300x225.jpg 300w, https:\/\/www.ampeco.com\/content\/uploads\/2024\/11\/2024-10_AMPECO_SUMMIT_1347-768x576.jpg 768w, https:\/\/www.ampeco.com\/content\/uploads\/2024\/11\/2024-10_AMPECO_SUMMIT_1347-1536x1152.jpg 1536w, https:\/\/www.ampeco.com\/content\/uploads\/2024\/11\/2024-10_AMPECO_SUMMIT_1347-2048x1536.jpg 2048w, https:\/\/www.ampeco.com\/content\/uploads\/2024\/11\/2024-10_AMPECO_SUMMIT_1347-96x72.jpg 96w, https:\/\/www.ampeco.com\/content\/uploads\/2024\/11\/2024-10_AMPECO_SUMMIT_1347-330x248.jpg 330w, https:\/\/www.ampeco.com\/content\/uploads\/2024\/11\/2024-10_AMPECO_SUMMIT_1347-660x495.jpg 660w, https:\/\/www.ampeco.com\/content\/uploads\/2024\/11\/2024-10_AMPECO_SUMMIT_1347-512x384.jpg 512w, https:\/\/www.ampeco.com\/content\/uploads\/2024\/11\/2024-10_AMPECO_SUMMIT_1347-600x450.jpg 600w, https:\/\/www.ampeco.com\/content\/uploads\/2024\/11\/2024-10_AMPECO_SUMMIT_1347-1200x900.jpg 1200w, https:\/\/www.ampeco.com\/content\/uploads\/2024\/11\/2024-10_AMPECO_SUMMIT_1347-840x630.jpg 840w, https:\/\/www.ampeco.com\/content\/uploads\/2024\/11\/2024-10_AMPECO_SUMMIT_1347-1680x1260.jpg 1680w, https:\/\/www.ampeco.com\/content\/uploads\/2024\/11\/2024-10_AMPECO_SUMMIT_1347-1920x1440.jpg 1920w, https:\/\/www.ampeco.com\/content\/uploads\/2024\/11\/2024-10_AMPECO_SUMMIT_1347-32x24.jpg 32w\" sizes=\"auto, (max-width: 1024px) 100vw, 1024px\" \/><\/figure>\n","protected":false},"excerpt":{"rendered":"<p>Nous sommes ravis d\u2019annoncer qu\u2019AMPECO a lev\u00e9 26 millions de dollars dans le cadre d\u2019un financement de s\u00e9rie B, men\u00e9 par Revaia, avec le soutien continu de nos investisseurs existants Cavalry Ventures, [&hellip;]<\/p>\n","protected":false},"author":6,"featured_media":40672,"comment_status":"open","ping_status":"open","sticky":false,"template":"","format":"standard","meta":{"_acf_changed":false,"inline_featured_image":false,"_nds_page_background":"","footnotes":""},"categories":[149],"tags":[504],"class_list":["post-42633","post","type-post","status-publish","format-standard","has-post-thumbnail","hentry","category-actualites","tag-ampeco-fr"],"acf":[],"_links":{"self":[{"href":"https:\/\/www.ampeco.com\/fr\/wp-json\/wp\/v2\/posts\/42633","targetHints":{"allow":["GET"]}}],"collection":[{"href":"https:\/\/www.ampeco.com\/fr\/wp-json\/wp\/v2\/posts"}],"about":[{"href":"https:\/\/www.ampeco.com\/fr\/wp-json\/wp\/v2\/types\/post"}],"author":[{"embeddable":true,"href":"https:\/\/www.ampeco.com\/fr\/wp-json\/wp\/v2\/users\/6"}],"replies":[{"embeddable":true,"href":"https:\/\/www.ampeco.com\/fr\/wp-json\/wp\/v2\/comments?post=42633"}],"version-history":[{"count":5,"href":"https:\/\/www.ampeco.com\/fr\/wp-json\/wp\/v2\/posts\/42633\/revisions"}],"predecessor-version":[{"id":42644,"href":"https:\/\/www.ampeco.com\/fr\/wp-json\/wp\/v2\/posts\/42633\/revisions\/42644"}],"wp:featuredmedia":[{"embeddable":true,"href":"https:\/\/www.ampeco.com\/fr\/wp-json\/wp\/v2\/media\/40672"}],"wp:attachment":[{"href":"https:\/\/www.ampeco.com\/fr\/wp-json\/wp\/v2\/media?parent=42633"}],"wp:term":[{"taxonomy":"category","embeddable":true,"href":"https:\/\/www.ampeco.com\/fr\/wp-json\/wp\/v2\/categories?post=42633"},{"taxonomy":"post_tag","embeddable":true,"href":"https:\/\/www.ampeco.com\/fr\/wp-json\/wp\/v2\/tags?post=42633"}],"curies":[{"name":"wp","href":"https:\/\/api.w.org\/{rel}","templated":true}]}}