{"id":26278,"date":"2022-10-26T11:16:16","date_gmt":"2022-10-26T11:16:16","guid":{"rendered":"https:\/\/www.ampeco.com\/blog\/ampeco-recognized-with-frost-sullivans-2022-product-leadership-award\/"},"modified":"2023-10-16T16:07:50","modified_gmt":"2023-10-16T16:07:50","slug":"ampeco-recognized-with-frost-sullivans-2022-product-leadership-award","status":"publish","type":"post","link":"https:\/\/www.ampeco.com\/fr\/blog\/ampeco-recognized-with-frost-sullivans-2022-product-leadership-award\/","title":{"rendered":"AMPECO re\u00e7oit le prix Frost &amp; Sullivan 2022 Product Leadership Award"},"content":{"rendered":"<style>.wp-block-kadence-spacer.kt-block-spacer-14075_dc68a5-f3 .kt-block-spacer{height:20px;}.wp-block-kadence-spacer.kt-block-spacer-14075_dc68a5-f3 .kt-divider{border-top-width:1px;height:1px;border-top-color:#eee;width:80%;border-top-style:solid;}<\/style>\n<div class=\"wp-block-kadence-spacer aligncenter kt-block-spacer-14075_dc68a5-f3\"><div class=\"kt-block-spacer kt-block-spacer-halign-center\"><\/div><\/div>\n\n<p>La soci\u00e9t\u00e9 de recherche et de conseil Frost &amp; Sullivan est mondialement connue pour aider les investisseurs, les chefs d&rsquo;entreprise et les gouvernements \u00e0 naviguer dans les changements \u00e9conomiques et \u00e0 identifier les technologies perturbatrices, les nouveaux mod\u00e8les d&rsquo;entreprise et les entreprises. <\/p>\n\n<p>Depuis plus de vingt ans, les prix des meilleures pratiques de Frost &amp; Sullivan r\u00e9compensent les entreprises les plus performantes pour leurs r\u00e9alisations, afin de promouvoir les organisations \u00e0 croissance rapide et \u00e0 vocation transformatrice. Ces distinctions ind\u00e9pendantes, fond\u00e9es sur des recherches, identifient les v\u00e9ritables leaders et innovateurs du march\u00e9.<\/p>\n\n<figure class=\"wp-block-image aligncenter size-large\"><img loading=\"lazy\" decoding=\"async\" width=\"1024\" height=\"576\" src=\"https:\/\/www.ampeco.com\/content\/uploads\/2022\/10\/frost-and-sullivan-award-featured-image-1024x576.png\" alt=\"-\" class=\"wp-image-14118\" title=\"\" srcset=\"https:\/\/www.ampeco.com\/content\/uploads\/2022\/10\/frost-and-sullivan-award-featured-image-1024x576.png 1024w, https:\/\/www.ampeco.com\/content\/uploads\/2022\/10\/frost-and-sullivan-award-featured-image-96x54.png 96w, https:\/\/www.ampeco.com\/content\/uploads\/2022\/10\/frost-and-sullivan-award-featured-image-300x169.png 300w, https:\/\/www.ampeco.com\/content\/uploads\/2022\/10\/frost-and-sullivan-award-featured-image-768x432.png 768w, https:\/\/www.ampeco.com\/content\/uploads\/2022\/10\/frost-and-sullivan-award-featured-image-330x186.png 330w, https:\/\/www.ampeco.com\/content\/uploads\/2022\/10\/frost-and-sullivan-award-featured-image-660x371.png 660w, https:\/\/www.ampeco.com\/content\/uploads\/2022\/10\/frost-and-sullivan-award-featured-image-512x288.png 512w, https:\/\/www.ampeco.com\/content\/uploads\/2022\/10\/frost-and-sullivan-award-featured-image-600x338.png 600w, https:\/\/www.ampeco.com\/content\/uploads\/2022\/10\/frost-and-sullivan-award-featured-image-1200x675.png 1200w, https:\/\/www.ampeco.com\/content\/uploads\/2022\/10\/frost-and-sullivan-award-featured-image-840x473.png 840w, https:\/\/www.ampeco.com\/content\/uploads\/2022\/10\/frost-and-sullivan-award-featured-image.png 1536w\" sizes=\"auto, (max-width: 1024px) 100vw, 1024px\" \/><\/figure>\n<style>.wp-block-kadence-spacer.kt-block-spacer-14075_2bd355-a5 .kt-block-spacer{height:20px;}.wp-block-kadence-spacer.kt-block-spacer-14075_2bd355-a5 .kt-divider{border-top-width:1px;height:1px;border-top-color:#eee;width:80%;border-top-style:solid;}<\/style>\n<div class=\"wp-block-kadence-spacer aligncenter kt-block-spacer-14075_2bd355-a5\"><div class=\"kt-block-spacer kt-block-spacer-halign-center\"><\/div><\/div>\n\n<p>Pour l&rsquo;ensemble de ses performances, son innovation technologique sup\u00e9rieure et son d\u00e9veloppement strat\u00e9gique, Frost &amp; Sullivan a d\u00e9cern\u00e9 \u00e0 AMPECO l<a href=\"https:\/\/www.frost.com\/news\/ampeco-applauded-by-frost-sullivan-for-helping-businesses-develop-and-launch-their-charging-operations-with-its-ev-charging-management-solution\/\" data-type=\"URL\" data-id=\"https:\/\/www.frost.com\/news\/ampeco-applauded-by-frost-sullivan-for-helping-businesses-develop-and-launch-their-charging-operations-with-its-ev-charging-management-solution\/\" rel=\"nofollow noopener\" target=\"_blank\">e prix mondial 2022 du leadership produit en mati\u00e8re de logiciels de recharge pour v\u00e9hicules \u00e9lectriques<\/a>.<\/p>\n\n<p>Atteindre la neutralit\u00e9 carbone d&rsquo;ici 2050 est devenu l&rsquo;une des missions les plus urgentes au niveau mondial. Le secteur des transports contribue de mani\u00e8re significative aux \u00e9missions mondiales de carbone, les voitures particuli\u00e8res repr\u00e9sentant 41 % des 2,7 milliards de tonnes m\u00e9triques de CO2 produites en 2020.<\/p>\n\n<p>Les v\u00e9hicules \u00e9lectriques (VE) et les infrastructures de recharge sont des solutions viables et pragmatiques pour lutter contre le changement climatique et d\u00e9carboniser les transports. Le march\u00e9 de la recharge des v\u00e9hicules \u00e9lectriques conna\u00eet une croissance rapide, sous l&rsquo;effet des changements r\u00e9glementaires et de la confiance croissante des consommateurs. L&rsquo;un des principaux d\u00e9fis est le manque d&rsquo;acc\u00e8s \u00e0 l&rsquo;infrastructure de recharge des VE et le d\u00e9calage entre les dispositions actuelles et les exigences. <\/p>\n<style>.wp-block-kadence-spacer.kt-block-spacer-14075_69e5e7-c5 .kt-block-spacer{height:40px;}.wp-block-kadence-spacer.kt-block-spacer-14075_69e5e7-c5 .kt-divider{border-top-width:1px;height:1px;border-top-color:#eee;width:80%;border-top-style:solid;}<\/style>\n<div class=\"wp-block-kadence-spacer aligncenter kt-block-spacer-14075_69e5e7-c5\"><div class=\"kt-block-spacer kt-block-spacer-halign-center\"><\/div><\/div>\n\n<div class=\"wp-block-buttons is-content-justification-center is-layout-flex wp-container-core-buttons-is-layout-a89b3969 wp-block-buttons-is-layout-flex\">\n<div class=\"wp-block-button\"><a class=\"wp-block-button__link wp-element-button\" href=\"https:\/\/www.frost.com\/wp-content\/uploads\/2022\/10\/AMPECO-Award-Write-Up-1.pdf\" target=\"_blank\" rel=\"noreferrer noopener nofollow\">Lire le rapport sur le prix<\/a><\/div>\n<\/div>\n<style>.wp-block-kadence-spacer.kt-block-spacer-14075_be4ebf-35 .kt-block-spacer{height:40px;}.wp-block-kadence-spacer.kt-block-spacer-14075_be4ebf-35 .kt-divider{border-top-width:1px;height:1px;border-top-color:#eee;width:80%;border-top-style:solid;}<\/style>\n<div class=\"wp-block-kadence-spacer aligncenter kt-block-spacer-14075_be4ebf-35\"><div class=\"kt-block-spacer kt-block-spacer-halign-center\"><\/div><\/div>\n\n<p>Les entreprises ont la possibilit\u00e9 de r\u00e9pondre \u00e0 la demande accrue d&rsquo;infrastructures de recharge. Cependant, le logiciel n\u00e9cessaire pour exploiter un r\u00e9seau de recharge de VE ou pour fournir aux utilisateurs une application leur permettant d&rsquo;acc\u00e9der \u00e0 la recharge et de la payer est tr\u00e8s complexe. En raison du rythme de l&rsquo;innovation, de nombreuses parties prenantes estiment qu&rsquo;il n&rsquo;est pas possible d&rsquo;\u00e9laborer et de maintenir des solutions internes de gestion de la recharge des VE. AMPECO r\u00e9pond \u00e0 ce besoin en proposant une solution tout-en-un, pr\u00eate \u00e0 \u00eatre commercialis\u00e9e, qui aide les entreprises \u00e0 d\u00e9velopper et \u00e0 lancer leurs activit\u00e9s de recharge de VE. <\/p>\n<style>.wp-block-kadence-spacer.kt-block-spacer-14075_8645e9-9c .kt-block-spacer{height:20px;}.wp-block-kadence-spacer.kt-block-spacer-14075_8645e9-9c .kt-divider{border-top-width:1px;height:1px;border-top-color:#eee;width:80%;border-top-style:solid;}<\/style>\n<div class=\"wp-block-kadence-spacer aligncenter kt-block-spacer-14075_8645e9-9c\"><div class=\"kt-block-spacer kt-block-spacer-halign-center\"><\/div><\/div>\n\n<blockquote class=\"wp-block-quote has-blacknew-color has-text-color is-layout-flow wp-block-quote-is-layout-flow\">\n<p><em>\u00ab\u00a0Les entreprises peuvent compter sur de nombreuses fonctionnalit\u00e9s pr\u00eates \u00e0 l&#8217;emploi pour couvrir la recharge publique, priv\u00e9e et de flotte dans une seule plateforme logicielle. Pour les entreprises ayant des mod\u00e8les d&rsquo;entreprise complexes ou celles<\/em> <em>qui souhaitent cr\u00e9er une exp\u00e9rience utilisateur personnalis\u00e9e autour d&rsquo;un cas d&rsquo;utilisation sp\u00e9cifique de la recharge, AMPECO fournit une solution API compl\u00e8te\u00a0\u00bb.<\/em><\/p>\n<cite>Robert Camm, Senior Consultant, Frost &amp; Sullivan<\/cite><\/blockquote>\n<style>.wp-block-kadence-spacer.kt-block-spacer-14075_d4bdac-e6 .kt-block-spacer{height:20px;}.wp-block-kadence-spacer.kt-block-spacer-14075_d4bdac-e6 .kt-divider{border-top-width:1px;height:1px;border-top-color:#eee;width:80%;border-top-style:solid;}<\/style>\n<div class=\"wp-block-kadence-spacer aligncenter kt-block-spacer-14075_d4bdac-e6\"><div class=\"kt-block-spacer kt-block-spacer-halign-center\"><\/div><\/div>\n\n<p>La solution d&rsquo;AMPECO est con\u00e7ue pour r\u00e9pondre aux besoins des clients \u00e0 forte croissance et pour g\u00e9rer les chargeurs \u00e0 grande \u00e9chelle. Elle offre une solution en marque blanche, ind\u00e9pendante du mat\u00e9riel, qui couvre tous les cas d&rsquo;utilisation de la recharge des VE : recharge publique, priv\u00e9e et \u00e0 domicile, et permet aux clients de g\u00e9rer efficacement leur r\u00e9seau tout en offrant une exp\u00e9rience exceptionnelle aux conducteurs de VE. La plateforme API d&rsquo;AMPECO profite aux op\u00e9rateurs de points de charge \u00e0 grande \u00e9chelle en leur permettant de cr\u00e9er des fonctions personnalis\u00e9es ou d&rsquo;int\u00e9grer les donn\u00e9es de charge des VE dans leurs syst\u00e8mes existants afin d&rsquo;assurer leur avantage concurrentiel.<\/p>\n<style>.wp-block-kadence-spacer.kt-block-spacer-14075_14bc7d-b5 .kt-block-spacer{height:20px;}.wp-block-kadence-spacer.kt-block-spacer-14075_14bc7d-b5 .kt-divider{border-top-width:1px;height:1px;border-top-color:#eee;width:80%;border-top-style:solid;}<\/style>\n<div class=\"wp-block-kadence-spacer aligncenter kt-block-spacer-14075_14bc7d-b5\"><div class=\"kt-block-spacer kt-block-spacer-halign-center\"><\/div><\/div>\n\n<figure class=\"wp-block-image aligncenter size-large\"><img loading=\"lazy\" decoding=\"async\" width=\"1024\" height=\"535\" src=\"https:\/\/www.ampeco.com\/content\/uploads\/2022\/10\/AMPECO-2022-Product-Leadership-Award-1024x535.jpg\" alt=\"-\" class=\"wp-image-14085\" title=\"\" srcset=\"https:\/\/www.ampeco.com\/content\/uploads\/2022\/10\/AMPECO-2022-Product-Leadership-Award-1024x535.jpg 1024w, https:\/\/www.ampeco.com\/content\/uploads\/2022\/10\/AMPECO-2022-Product-Leadership-Award-96x50.jpg 96w, https:\/\/www.ampeco.com\/content\/uploads\/2022\/10\/AMPECO-2022-Product-Leadership-Award-300x157.jpg 300w, https:\/\/www.ampeco.com\/content\/uploads\/2022\/10\/AMPECO-2022-Product-Leadership-Award-768x401.jpg 768w, https:\/\/www.ampeco.com\/content\/uploads\/2022\/10\/AMPECO-2022-Product-Leadership-Award-1536x803.jpg 1536w, https:\/\/www.ampeco.com\/content\/uploads\/2022\/10\/AMPECO-2022-Product-Leadership-Award-330x172.jpg 330w, https:\/\/www.ampeco.com\/content\/uploads\/2022\/10\/AMPECO-2022-Product-Leadership-Award-660x345.jpg 660w, https:\/\/www.ampeco.com\/content\/uploads\/2022\/10\/AMPECO-2022-Product-Leadership-Award-512x268.jpg 512w, https:\/\/www.ampeco.com\/content\/uploads\/2022\/10\/AMPECO-2022-Product-Leadership-Award-600x314.jpg 600w, https:\/\/www.ampeco.com\/content\/uploads\/2022\/10\/AMPECO-2022-Product-Leadership-Award-1200x627.jpg 1200w, https:\/\/www.ampeco.com\/content\/uploads\/2022\/10\/AMPECO-2022-Product-Leadership-Award-840x439.jpg 840w, https:\/\/www.ampeco.com\/content\/uploads\/2022\/10\/AMPECO-2022-Product-Leadership-Award-1680x878.jpg 1680w, https:\/\/www.ampeco.com\/content\/uploads\/2022\/10\/AMPECO-2022-Product-Leadership-Award.jpg 1871w\" sizes=\"auto, (max-width: 1024px) 100vw, 1024px\" \/><\/figure>\n<style>.wp-block-kadence-spacer.kt-block-spacer-14075_f50f4e-cd .kt-block-spacer{height:20px;}.wp-block-kadence-spacer.kt-block-spacer-14075_f50f4e-cd .kt-divider{border-top-width:1px;height:1px;border-top-color:#eee;width:80%;border-top-style:solid;}<\/style>\n<div class=\"wp-block-kadence-spacer aligncenter kt-block-spacer-14075_f50f4e-cd\"><div class=\"kt-block-spacer kt-block-spacer-halign-center\"><\/div><\/div>\n\n<p>La plateforme bas\u00e9e sur l&rsquo;informatique en nuage permet \u00e9galement de relever les d\u00e9fis de la gestion de l&rsquo;\u00e9nergie. Il facilite la r\u00e9ponse \u00e0 la demande et l&rsquo;automatisation de l&rsquo;\u00e9nergie distribu\u00e9e avec OpenADR. Il relie les foyers et les entreprises aux services publics afin de g\u00e9rer les fluctuations de l&rsquo;\u00e9lectricit\u00e9 en ajustant la consommation d&rsquo;\u00e9nergie en fonction de la demande du r\u00e9seau. La solution d&rsquo;AMPECO s&rsquo;int\u00e8gre parfaitement aux compteurs intelligents, aux syst\u00e8mes de gestion des b\u00e2timents et aux sources d&rsquo;\u00e9nergie renouvelable pour maximiser l&rsquo;efficacit\u00e9.<\/p>\n\n<p>AMPECO offre \u00e0 ses clients la pleine propri\u00e9t\u00e9 de leur entreprise, y compris le contr\u00f4le total des relations avec les clients, des partenariats et des flux de paiement. C&rsquo;est un atout pr\u00e9cieux pour les grands fournisseurs de bornes de recharge pour v\u00e9hicules \u00e9lectriques, qui les consid\u00e8rent comme des \u00e9l\u00e9ments essentiels de leur activit\u00e9. <\/p>\n<style>.wp-block-kadence-spacer.kt-block-spacer-14075_a059b7-cc .kt-block-spacer{height:40px;}.wp-block-kadence-spacer.kt-block-spacer-14075_a059b7-cc .kt-divider{border-top-width:1px;height:1px;border-top-color:#eee;width:80%;border-top-style:solid;}<\/style>\n<div class=\"wp-block-kadence-spacer aligncenter kt-block-spacer-14075_a059b7-cc\"><div class=\"kt-block-spacer kt-block-spacer-halign-center\"><\/div><\/div>\n\n<div id=\"ampeco-who-block-block_7cd5d2948292cc7d42dd3b920a84ae1e\" class=\"block-ampeco-who-block border\">\n\t<div class=\"awb_bgtext\"><\/div>\n\t<div class=\"awb_image\">\t\t\t\t\t\t\t<img loading=\"lazy\" decoding=\"async\" width=\"1740\" height=\"1740\" src=\"https:\/\/www.ampeco.com\/content\/uploads\/2022\/10\/ORLIN-dark-shirt.jpg\" class=\"attachment-full size-full\" alt=\"-\" srcset=\"https:\/\/www.ampeco.com\/content\/uploads\/2022\/10\/ORLIN-dark-shirt.jpg 1740w, https:\/\/www.ampeco.com\/content\/uploads\/2022\/10\/ORLIN-dark-shirt-300x300.jpg 300w, https:\/\/www.ampeco.com\/content\/uploads\/2022\/10\/ORLIN-dark-shirt-1024x1024.jpg 1024w, https:\/\/www.ampeco.com\/content\/uploads\/2022\/10\/ORLIN-dark-shirt-150x150.jpg 150w, https:\/\/www.ampeco.com\/content\/uploads\/2022\/10\/ORLIN-dark-shirt-768x768.jpg 768w, https:\/\/www.ampeco.com\/content\/uploads\/2022\/10\/ORLIN-dark-shirt-1536x1536.jpg 1536w, https:\/\/www.ampeco.com\/content\/uploads\/2022\/10\/ORLIN-dark-shirt-330x330.jpg 330w, https:\/\/www.ampeco.com\/content\/uploads\/2022\/10\/ORLIN-dark-shirt-660x660.jpg 660w, https:\/\/www.ampeco.com\/content\/uploads\/2022\/10\/ORLIN-dark-shirt-512x512.jpg 512w, https:\/\/www.ampeco.com\/content\/uploads\/2022\/10\/ORLIN-dark-shirt-600x600.jpg 600w, https:\/\/www.ampeco.com\/content\/uploads\/2022\/10\/ORLIN-dark-shirt-1200x1200.jpg 1200w, https:\/\/www.ampeco.com\/content\/uploads\/2022\/10\/ORLIN-dark-shirt-840x840.jpg 840w, https:\/\/www.ampeco.com\/content\/uploads\/2022\/10\/ORLIN-dark-shirt-1680x1680.jpg 1680w\" sizes=\"auto, (max-width: 1740px) 100vw, 1740px\" title=\"\">\t\t\t<\/div>\n\t<div class=\"awb_quote\">Le fait d&rsquo;avoir \u00e9t\u00e9 s\u00e9lectionn\u00e9 par Frost &amp; Sullivan pour le prix des meilleures pratiques en mati\u00e8re de leadership produit apr\u00e8s une analyse rigoureuse signifie que nous sommes sur la bonne voie en ce qui concerne l&rsquo;innovation produit sur un march\u00e9 tr\u00e8s concurrentiel. <\/br><\/br>Ce prix prouve que nous sommes pr\u00eats pour les d\u00e9veloppements futurs, tant en termes d&rsquo;acquisition de clients \u00e0 forte croissance que d&rsquo;entr\u00e9e sur de nouveaux march\u00e9s. <\/div>\n\t<div class=\"awb_name\">Orlin Radev<\/div>\n\t<div class=\"awb_title\">PDG, AMPECO<\/div>\n<\/div>\n\n<p>AMPECO est bas\u00e9 en Europe et offre ses services dans le monde entier. Elle compte des clients sur plus de 45 march\u00e9s, ce qui repr\u00e9sente plus de 51 000 points de charge. L&rsquo;entreprise \u00e9tend sa pr\u00e9sence locale en Am\u00e9rique du Nord, en Asie et dans le Pacifique et pr\u00e9voit d&rsquo;ouvrir des bureaux de vente et d&rsquo;assistance aux \u00c9tats-Unis.<\/p>\n<style>.wp-block-kadence-spacer.kt-block-spacer-14075_0cb425-50 .kt-block-spacer{height:40px;}.wp-block-kadence-spacer.kt-block-spacer-14075_0cb425-50 .kt-divider{border-top-width:1px;height:1px;border-top-color:#eee;width:80%;border-top-style:solid;}<\/style>\n<div class=\"wp-block-kadence-spacer aligncenter kt-block-spacer-14075_0cb425-50\"><div class=\"kt-block-spacer kt-block-spacer-halign-center\"><\/div><\/div>\n\n<div class=\"wp-block-buttons is-content-justification-center is-layout-flex wp-container-core-buttons-is-layout-a89b3969 wp-block-buttons-is-layout-flex\">\n<div class=\"wp-block-button\"><a class=\"wp-block-button__link wp-element-button\" href=\"https:\/\/www.frost.com\/wp-content\/uploads\/2022\/10\/AMPECO-Award-Write-Up-1.pdf\" target=\"_blank\" rel=\"noreferrer noopener nofollow\">Lire le rapport sur le prix<\/a><\/div>\n<\/div>\n","protected":false},"excerpt":{"rendered":"<p>La soci\u00e9t\u00e9 de recherche et de conseil Frost &amp; Sullivan est mondialement connue pour aider les investisseurs, les chefs d&rsquo;entreprise et les gouvernements \u00e0 naviguer dans les changements \u00e9conomiques et \u00e0 identifier [&hellip;]<\/p>\n","protected":false},"author":22,"featured_media":18370,"comment_status":"open","ping_status":"open","sticky":false,"template":"","format":"standard","meta":{"_acf_changed":false,"inline_featured_image":false,"footnotes":""},"categories":[149],"tags":[],"class_list":["post-26278","post","type-post","status-publish","format-standard","has-post-thumbnail","hentry","category-actualites"],"acf":[],"_links":{"self":[{"href":"https:\/\/www.ampeco.com\/fr\/wp-json\/wp\/v2\/posts\/26278","targetHints":{"allow":["GET"]}}],"collection":[{"href":"https:\/\/www.ampeco.com\/fr\/wp-json\/wp\/v2\/posts"}],"about":[{"href":"https:\/\/www.ampeco.com\/fr\/wp-json\/wp\/v2\/types\/post"}],"author":[{"embeddable":true,"href":"https:\/\/www.ampeco.com\/fr\/wp-json\/wp\/v2\/users\/22"}],"replies":[{"embeddable":true,"href":"https:\/\/www.ampeco.com\/fr\/wp-json\/wp\/v2\/comments?post=26278"}],"version-history":[{"count":1,"href":"https:\/\/www.ampeco.com\/fr\/wp-json\/wp\/v2\/posts\/26278\/revisions"}],"predecessor-version":[{"id":26279,"href":"https:\/\/www.ampeco.com\/fr\/wp-json\/wp\/v2\/posts\/26278\/revisions\/26279"}],"wp:featuredmedia":[{"embeddable":true,"href":"https:\/\/www.ampeco.com\/fr\/wp-json\/wp\/v2\/media\/18370"}],"wp:attachment":[{"href":"https:\/\/www.ampeco.com\/fr\/wp-json\/wp\/v2\/media?parent=26278"}],"wp:term":[{"taxonomy":"category","embeddable":true,"href":"https:\/\/www.ampeco.com\/fr\/wp-json\/wp\/v2\/categories?post=26278"},{"taxonomy":"post_tag","embeddable":true,"href":"https:\/\/www.ampeco.com\/fr\/wp-json\/wp\/v2\/tags?post=26278"}],"curies":[{"name":"wp","href":"https:\/\/api.w.org\/{rel}","templated":true}]}}