{"id":23898,"date":"2022-12-14T12:24:23","date_gmt":"2022-12-14T12:24:23","guid":{"rendered":"https:\/\/www.ampeco.com\/blog\/organiser-et-proceder-a-la-migration-dune-plateforme-de-recharge-pour-vehicules-electriques\/"},"modified":"2023-08-23T09:07:44","modified_gmt":"2023-08-23T09:07:44","slug":"organiser-et-proceder-a-la-migration-dune-plateforme-de-recharge-pour-vehicules-electriques","status":"publish","type":"post","link":"https:\/\/www.ampeco.com\/fr\/blog\/organiser-et-proceder-a-la-migration-dune-plateforme-de-recharge-pour-vehicules-electriques\/","title":{"rendered":"Comment organiser et proc\u00e9der \u00e0 la migration d&rsquo;une plateforme de recharge pour v\u00e9hicules \u00e9lectriques"},"content":{"rendered":"\n<p>Dans<strong> <\/strong>la premi\u00e8re s\u00e9quence de notre s\u00e9rie d&rsquo;articles sur la migration des plateformes de recharge pour v\u00e9hicules \u00e9lectriques, nous avons montr\u00e9 <a href=\"https:\/\/www.ampeco.com\/fr\/blog\/quand-faut-il-planifier-la-migration-de-votre-plateforme-de-recharge-pour-vehicules-electriques-et-quelles-sont-les-raisons-pour-le-faire\/\">pourquoi vous devriez migrer vers une nouvelle solution logicielle de gestion de la recharge <\/a> et nous avons expliqu\u00e9 quel est le bon moment pour le faire. Apr\u00e8s avoir pris la d\u00e9cision de changer de logiciel, vous \u00eates pr\u00eat \u00e0 organiser et \u00e0 proc\u00e9der \u00e0 la migration de votre plateforme. Il est essentiel de d\u00e9terminer les objectifs pr\u00e9cis \u00e0 atteindre d\u00e8s le d\u00e9part, sachant qu&rsquo;il n&rsquo;y a pas de migration parfaite. Chaque migration pr\u00e9sente des d\u00e9fis sp\u00e9cifiques; par cons\u00e9quent, il n&rsquo;existe pas de m\u00e9thode \u00ab\u00a0passe-partout\u00a0\u00bb. Pour cela, nous avons mis en place un processus de travail optimum afin de minimiser les erreurs et les impr\u00e9vus. En suivant les six \u00e9tapes suivantes, vous obtiendrez les meilleurs r\u00e9sultats possibles.<\/p>\n\n<div style=\"height:40px\" aria-hidden=\"true\" class=\"wp-block-spacer\"><\/div>\n\n<figure class=\"wp-block-image size-large\"><img decoding=\"async\" src=\"https:\/\/www.ampeco.com\/content\/uploads\/2022\/12\/Migration-&#x2013;-2-sample-1024x461.png\" alt=\"-\" class=\"wp-image-15127\" title=\"\"><\/figure>\n\n<h2 class=\"wp-block-heading\">Les 6 \u00e9tapes d&rsquo;une migration r\u00e9ussie de votre plateforme de gestion de la recharge pour v\u00e9hicules \u00e9lectriques<\/h2>\n\n<h3 class=\"wp-block-heading\">1. D\u00e9finissez les objectifs de votre entreprise<\/h3>\n\n<p>D\u00e9finissez clairement les r\u00e9sultats que vous souhaitez obtenir en proc\u00e9dant \u00e0 la migration de votre plateforme. D\u00e9terminez comment la migration vers une nouvelle plateforme permettra \u00e0 votre entreprise de s&rsquo;adapter \u00e0 de nouveaux march\u00e9s, de r\u00e9duire les co\u00fbts et de couvrir un plus grand spectre de cas d&rsquo;utilisation. Pour ce faire, commencez par r\u00e9pondre aux questions suivantes, qui vous aideront \u00e0 d\u00e9terminer les besoins de votre entreprise : Quel r\u00f4le joue la recharge pour v\u00e9hicules \u00e9lectriques dans votre activit\u00e9? S&rsquo;agit-il de votre activit\u00e9 principale ou d&rsquo;un service suppl\u00e9mentaire que vous proposez? Comment voyez-vous votre entreprise dans 5 ans? Comment cr\u00e9ez-vous des revenus, quels sont les cas d&rsquo;utilisation de la recharge que vous souhaitez proposer et quelles sont les fonctionnalit\u00e9s logicielles dont vous avez besoin pour pouvoir les prendre en charge ?<\/p>\n\n<h3 class=\"wp-block-heading\">2. D\u00e9terminez la port\u00e9e de votre projet de migration<\/h3>\n\n<p>La d\u00e9limitation du p\u00e9rim\u00e8tre du projet est le processus qui consiste \u00e0 transposer la logique m\u00e9tier, les diff\u00e9rents niveaux de besoins et les fonctionnalit\u00e9s de votre plateforme existante vers votre nouvelle plateforme. Cela englobe vos tarifs, vos partenaires, vos utilisateurs, vos chargeurs, vos plans d&rsquo;abonnement, etc. D\u00e9terminez quelles sont les donn\u00e9es, (par exemple les sessions, les utilisateurs et les transactions) que vous souhaitez migrer et si vous voulez tout migrer en m\u00eame temps. Vous pouvez privil\u00e9gier certains ensembles de donn\u00e9es par rapport \u00e0 d&rsquo;autres et les transf\u00e9rer par \u00e9tapes vers la nouvelle plateforme. En fonction de la complexit\u00e9 du projet, \u00e9valuez le budget et assurez-vous que vous disposez des ressources n\u00e9cessaires pour effectuer la migration.<\/p>\n\n<h3 class=\"wp-block-heading\">3. Faites le choix sur votre strat\u00e9gie de migration<\/h3>\n\n<p>Deux approches strat\u00e9giques sont possibles. La premi\u00e8re constitue une approche de basculement qui consiste \u00e0 faire passer toutes les op\u00e9rations et donn\u00e9es op\u00e9rationnelles qu&rsquo;il est pr\u00e9vu de faire passer d&rsquo;une plateforme \u00e0 l&rsquo;autre en une seule fois. La seconde approche est l&rsquo;approche par it\u00e9rations, dans laquelle les impl\u00e9mentations sont effectu\u00e9es successivement par \u00e9tapes, jusqu&rsquo;\u00e0 ce que la migration compl\u00e8te soit accomplie. Les r\u00e9percussions de chaque approche sur les op\u00e9rations de l&rsquo;entreprise sont diff\u00e9rentes. Un basculement imm\u00e9diat sera certes plus rapide, mais il sera plus compliqu\u00e9 d&rsquo;\u00e9viter les interruptions pour les clients finaux et de limiter les pertes li\u00e9es aux transactions de recharge. Le grand avantage est qu&rsquo;une fois le projet accompli, vous disposez d&rsquo;une seule plateforme \u00e0 g\u00e9rer et d&rsquo;une exp\u00e9rience utilisateur uniformis\u00e9e pour l&rsquo;ensemble de vos clients. Une migration effectu\u00e9e par \u00e9tapes prendra plus de temps, mais dans certains cas, c&rsquo;est l&rsquo;option la plus prudente. Le fait d&rsquo;avoir deux plateformes op\u00e9rationnelles simultan\u00e9ment vous donne une option de substitution en cas de probl\u00e8mes, mais ajoute \u00e9galement un niveau de complexit\u00e9 consid\u00e9rable li\u00e9 \u00e0 la maintenance des deux syst\u00e8mes. Il n&rsquo;est pas facile de faire le bon choix, pour autant, les conseils de nos experts en recharge pour v\u00e9hicules \u00e9lectriques peuvent vous \u00e9viter bien des maux de t\u00eate.<\/p>\n<style>.wp-block-kadence-spacer.kt-block-spacer-_8a02af-a2 .kt-block-spacer{height:20px;}.wp-block-kadence-spacer.kt-block-spacer-_8a02af-a2 .kt-divider{border-top-width:1px;height:1px;border-top-color:#eee;width:80%;border-top-style:solid;}<\/style>\n<div class=\"wp-block-kadence-spacer aligncenter kt-block-spacer-_8a02af-a2\"><div class=\"kt-block-spacer kt-block-spacer-halign-center\"><\/div><\/div>\n\n<figure class=\"wp-block-image size-large\"><img loading=\"lazy\" decoding=\"async\" width=\"1024\" height=\"461\" src=\"https:\/\/www.ampeco.com\/content\/uploads\/2022\/12\/ev-charging-platform-migration-1024x461.png\" alt=\"-\" class=\"wp-image-15071\" title=\"\" srcset=\"https:\/\/www.ampeco.com\/content\/uploads\/2022\/12\/ev-charging-platform-migration-1024x461.png 1024w, https:\/\/www.ampeco.com\/content\/uploads\/2022\/12\/ev-charging-platform-migration-96x43.png 96w, https:\/\/www.ampeco.com\/content\/uploads\/2022\/12\/ev-charging-platform-migration-300x135.png 300w, https:\/\/www.ampeco.com\/content\/uploads\/2022\/12\/ev-charging-platform-migration-768x346.png 768w, https:\/\/www.ampeco.com\/content\/uploads\/2022\/12\/ev-charging-platform-migration-1536x692.png 1536w, https:\/\/www.ampeco.com\/content\/uploads\/2022\/12\/ev-charging-platform-migration-2048x923.png 2048w, https:\/\/www.ampeco.com\/content\/uploads\/2022\/12\/ev-charging-platform-migration-330x149.png 330w, https:\/\/www.ampeco.com\/content\/uploads\/2022\/12\/ev-charging-platform-migration-660x297.png 660w, https:\/\/www.ampeco.com\/content\/uploads\/2022\/12\/ev-charging-platform-migration-512x231.png 512w, https:\/\/www.ampeco.com\/content\/uploads\/2022\/12\/ev-charging-platform-migration-600x270.png 600w, https:\/\/www.ampeco.com\/content\/uploads\/2022\/12\/ev-charging-platform-migration-1200x541.png 1200w, https:\/\/www.ampeco.com\/content\/uploads\/2022\/12\/ev-charging-platform-migration-840x379.png 840w, https:\/\/www.ampeco.com\/content\/uploads\/2022\/12\/ev-charging-platform-migration-1680x757.png 1680w, https:\/\/www.ampeco.com\/content\/uploads\/2022\/12\/ev-charging-platform-migration-1920x865.png 1920w\" sizes=\"auto, (max-width: 1024px) 100vw, 1024px\" \/><\/figure>\n<style>.wp-block-kadence-spacer.kt-block-spacer-_18e637-2e .kt-block-spacer{height:20px;}.wp-block-kadence-spacer.kt-block-spacer-_18e637-2e .kt-divider{border-top-width:1px;height:1px;border-top-color:#eee;width:80%;border-top-style:solid;}<\/style>\n<div class=\"wp-block-kadence-spacer aligncenter kt-block-spacer-_18e637-2e\"><div class=\"kt-block-spacer kt-block-spacer-halign-center\"><\/div><\/div>\n\n<h3 class=\"wp-block-heading\">4. Organisez votre processus de migration \u00e0 l&rsquo;avance<\/h3>\n\n<p>\u00c9laborez un plan complet de migration des donn\u00e9es. Vos collaborateurs, ainsi que vos clients et partenaires, se servent de votre logiciel. Il est essentiel de les informer \u00e0 l&rsquo;avance sur le processus de migration et les changements qui vont suivre, afin de pouvoir planifier la charge de travail pour votre \u00e9quipe et de d\u00e9finir les objectifs \u00e0 atteindre pour vos clients. Faites appel \u00e0 votre nouveau fournisseur de logiciel pour garantir un temps d&rsquo;arr\u00eat aussi court que possible et \u00e9viter les interruptions de service pour les clients finaux.<\/p>\n\n<h3 class=\"wp-block-heading\">5. Pr\u00e9parez vos actifs<\/h3>\n\n<p>Un des premiers \u00e9l\u00e9ments \u00e0 prendre en compte est la question du choix des points de charge que vous allez migrer. Votre r\u00e9seau est-il compos\u00e9 de chargeurs de diff\u00e9rentes marques? Quel est le protocole OCPP utilis\u00e9? Quelle est leur connectivit\u00e9? Les r\u00e9ponses \u00e0 ces questions vous aideront \u00e0 d\u00e9terminer les ressources compl\u00e9mentaires dont vous pouvez avoir besoin pour mener \u00e0 bien la migration.<\/p>\n\n<p>Analysez et \u00e9purez vos donn\u00e9es existantes avant d&rsquo;entamer le processus de migration. D\u00e9terminez dans quelle mesure vous souhaitez transf\u00e9rer l&rsquo;historique des donn\u00e9es et mettez ces donn\u00e9es en correspondance avec la structure des donn\u00e9es du nouveau syst\u00e8me afin de les adapter aux sp\u00e9cificit\u00e9s de ce dernier. Il est parfois pr\u00e9f\u00e9rable de ne pas r\u00e9cup\u00e9rer certaines donn\u00e9es et de les exporter en tant que fichiers de sauvegarde au cas o\u00f9 elles seraient n\u00e9cessaires. Tout partage de donn\u00e9es avec des parties tierces doit \u00e9galement \u00eatre pris en compte, comme les processeurs de paiement, les syst\u00e8mes externes tels que les syst\u00e8mes de gestion de la relation client (CRM) ou de facturation, ainsi que les connexions d&rsquo;itin\u00e9rance. Si possible, sauvegardez vos donn\u00e9es afin de pouvoir les restaurer rapidement en cas de besoin.<\/p>\n\n<h3 class=\"wp-block-heading\">6. Effectuez des tests pr\u00e9alables avant la migration elle-m\u00eame<\/h3>\n\n<p>Formez votre personnel pour qu&rsquo;il puisse travailler avec la nouvelle plateforme afin de pouvoir importer en toute confiance les donn\u00e9es ant\u00e9rieures, \u00e9tablir les tarifs et proc\u00e9der \u00e0 toutes les configurations n\u00e9cessaires. Proc\u00e9dez imp\u00e9rativement \u00e0 la migration d&rsquo;une premi\u00e8re partie des donn\u00e9es pour les tester et v\u00e9rifiez comment elles continueront \u00e0 fonctionner apr\u00e8s la migration. Identifiez les \u00e9ventuels probl\u00e8mes inh\u00e9rents aux donn\u00e9es ou aux configurations et veillez \u00e0 apporter les corrections n\u00e9cessaires avant la migration finale. Cela vous aidera \u00e0 limiter tout impact n\u00e9gatif sur vos op\u00e9rations lorsque vous effectuerez la migration de votre plateforme de recharge pour v\u00e9hicules \u00e9lectriques.<\/p>\n\n<h2 class=\"wp-block-heading\">AMPECO r\u00e9alise des migrations personnalis\u00e9es qui permettent \u00e0 nos clients de garder le contr\u00f4le<\/h2>\n\n<p>Comme nous l&rsquo;avons vu, il existe deux approches standard pour migrer votre r\u00e9seau de recharge pour v\u00e9hicules \u00e9lectriques : l&rsquo;approche de basculement et l&rsquo;approche par it\u00e9rations. Les deux pr\u00e9sentent des avantages et des d\u00e9fis sp\u00e9cifiques, et nous les analyserons ensemble en d\u00e9tail pour vous aider \u00e0 choisir la meilleure approche. Par ailleurs, il en ressort de notre exp\u00e9rience que souvent, les clients ont besoin d&rsquo;une troisi\u00e8me option adapt\u00e9e \u00e0 leurs exigences sp\u00e9cifiques.<\/p>\n\n<p>Par exemple, vous pouvez avoir besoin d&rsquo;une configuration qui vous permette de conserver les donn\u00e9es propri\u00e9taires de vos utilisateurs et d&rsquo;int\u00e9grer la fonctionnalit\u00e9 de recharge pour v\u00e9hicules \u00e9lectriques dans vos applications existantes, votre portail web et vos interfaces destin\u00e9es \u00e0 vos clients. Cela peut se faire facilement par le biais des API d&rsquo;AMPECO. Vous pouvez \u00e9galement migrer vos utilisateurs et vos \u00e9quipements de recharge pour v\u00e9hicules \u00e9lectriques vers notre plateforme tout en continuant \u00e0 utiliser vos syst\u00e8mes existants, tels que les processeurs de paiement, les solutions de gestion de la relation client (CRM) et les solutions de gestion int\u00e9gr\u00e9e (ERP). Quelle que soit l&rsquo;approche choisie, vous avez l&rsquo;assurance que toutes les donn\u00e9es relatives \u00e0 vos clients et \u00e0 vos chargeurs vous appartiennent et vous appartiendront toujours.<\/p>\n\n<div style=\"border-radius:var(--spacing-4xl, 32px);overflow:hidden;\" class=\"wp-block-group is-style-tilted-green-bg is-layout-constrained wp-block-group-is-layout-constrained\">\n<p class=\"has-text-align-left\">La migration vers une nouvelle plateforme logicielle peut \u00eatre un d\u00e9fi, toutefois la gestion de ce projet est bien plus facile lorsqu&rsquo;un partenaire exp\u00e9riment\u00e9 est l\u00e0 pour vous accompagner. Si vous envisagez de proc\u00e9der \u00e0 la migration de votre logiciel, adressez-vous \u00e0 un de nos experts en recharge de v\u00e9hicules \u00e9lectriques et nous vous aiderons \u00e0 vous lancer.<\/p>\n\n\n\n<div class=\"wp-block-buttons is-horizontal is-content-justification-left is-layout-flex wp-container-core-buttons-is-layout-20be11b6 wp-block-buttons-is-layout-flex\">\n<div class=\"wp-block-button is-style-fill\"><a class=\"wp-block-button__link has-bluenew-color has-lightbluebg-background-color has-text-color has-background wp-element-button\" href=\"https:\/\/www.ampeco.com\/fr\/planifier-une-conversation-avec-un-consultant-recharge\/\">Parler \u00e0 un Expert<\/a><\/div>\n<\/div>\n<\/div>\n","protected":false},"excerpt":{"rendered":"<p>Dans la premi\u00e8re s\u00e9quence de notre s\u00e9rie d&rsquo;articles sur la migration des plateformes de recharge pour v\u00e9hicules \u00e9lectriques, nous avons montr\u00e9 pourquoi vous devriez migrer vers une nouvelle solution logicielle de gestion [&hellip;]<\/p>\n","protected":false},"author":13,"featured_media":18525,"comment_status":"open","ping_status":"open","sticky":false,"template":"","format":"standard","meta":{"_acf_changed":false,"inline_featured_image":false,"footnotes":""},"categories":[157],"tags":[160,158,159,162],"class_list":["post-23898","post","type-post","status-publish","format-standard","has-post-thumbnail","hentry","category-entreprise-de-recharge-pour-vehicules-electriques","tag-plateforme-de-supervision-de-recharge","tag-recharge-pour-vehicules-electriques","tag-solution-back-end-pour-la-recharge-de-vehicules-electriques","tag-transition-energetique"],"acf":[],"_links":{"self":[{"href":"https:\/\/www.ampeco.com\/fr\/wp-json\/wp\/v2\/posts\/23898","targetHints":{"allow":["GET"]}}],"collection":[{"href":"https:\/\/www.ampeco.com\/fr\/wp-json\/wp\/v2\/posts"}],"about":[{"href":"https:\/\/www.ampeco.com\/fr\/wp-json\/wp\/v2\/types\/post"}],"author":[{"embeddable":true,"href":"https:\/\/www.ampeco.com\/fr\/wp-json\/wp\/v2\/users\/13"}],"replies":[{"embeddable":true,"href":"https:\/\/www.ampeco.com\/fr\/wp-json\/wp\/v2\/comments?post=23898"}],"version-history":[{"count":7,"href":"https:\/\/www.ampeco.com\/fr\/wp-json\/wp\/v2\/posts\/23898\/revisions"}],"predecessor-version":[{"id":23905,"href":"https:\/\/www.ampeco.com\/fr\/wp-json\/wp\/v2\/posts\/23898\/revisions\/23905"}],"wp:featuredmedia":[{"embeddable":true,"href":"https:\/\/www.ampeco.com\/fr\/wp-json\/wp\/v2\/media\/18525"}],"wp:attachment":[{"href":"https:\/\/www.ampeco.com\/fr\/wp-json\/wp\/v2\/media?parent=23898"}],"wp:term":[{"taxonomy":"category","embeddable":true,"href":"https:\/\/www.ampeco.com\/fr\/wp-json\/wp\/v2\/categories?post=23898"},{"taxonomy":"post_tag","embeddable":true,"href":"https:\/\/www.ampeco.com\/fr\/wp-json\/wp\/v2\/tags?post=23898"}],"curies":[{"name":"wp","href":"https:\/\/api.w.org\/{rel}","templated":true}]}}