{"id":44168,"date":"2023-05-12T14:34:43","date_gmt":"2023-05-12T14:34:43","guid":{"rendered":"https:\/\/www.ampeco.com\/blog\/eichrecht-the-german-calibration-law-dos-and-donts\/"},"modified":"2025-04-27T21:35:35","modified_gmt":"2025-04-27T21:35:35","slug":"eichrecht-das-deutsche-kalibrierungsgesetz-dos-und-donts","status":"publish","type":"post","link":"https:\/\/www.ampeco.com\/de\/blog\/eichrecht-das-deutsche-kalibrierungsgesetz-dos-und-donts\/","title":{"rendered":"Die Dos und Don&#8217;ts des Eichrechts (das deutsche Kalibrierungsgesetz) f\u00fcr CPOs"},"content":{"rendered":"\n<h2 class=\"wp-block-heading\">Keine Ausnahmen: CPOs in Deutschland m\u00fcssen das deutsche Kalibrierungsgesetz einhalten<\/h2>\n\n\n\n<p>Da immer mehr Elektrofahrzeuge auf die Stra\u00dfen kommen, wird eine genaue Abrechnung der EV-Ladedienste immer wichtiger. In Deutschland wird dies durch das deutsche Kalibrierungsgesetz, bekannt als \u201eEichrecht\u201c, durchgesetzt, das Richtlinien f\u00fcr eine transparente Abrechnung und Preisvergleiche zwischen verschiedenen EV-Ladeanbietern festlegt. Die <a href=\"https:\/\/www.ampeco.com\/ev-charging-platform\/eichrecht-compliance\" data-type=\"link\" data-id=\"https:\/\/www.ampeco.com\/ev-charging-platform\/eichrecht-compliance\">Einhaltung des Eichrechts<\/a> ist f\u00fcr CPOs und EMSPs, die in Deutschland t\u00e4tig sind, verpflichtend, und es wird erwartet, dass auch andere L\u00e4nder \u00e4hnliche Vorschriften einf\u00fchren, da Elektrofahrzeuge zunehmend popul\u00e4r werden.<\/p>\n\n\n\n<p>Unser Team von EV-Ladeexperten bei AMPECO hat <a href=\"https:\/\/www.ampeco.com\/resources\/eichrecht-compliance-essential-handbook-ev-charging-providers-ebook\/\" data-type=\"link\" data-id=\"https:\/\/www.ampeco.com\/resources\/eichrecht-compliance-essential-handbook-ev-charging-providers-ebook\/\">ein E-Book erstellt<\/a>, das Einblicke in das deutsche Kalibrierungsgesetz gibt und erkl\u00e4rt, wie es Ihr Gesch\u00e4ft als Ladepunktbetreiber oder E-Mobility-Serviceanbieter beeinflusst. Es zeigt auch, wie AMPECO \u2013 eine vollst\u00e4ndig konforme Managementplattform \u2013 Ihnen helfen kann, Ihr EV-Ladegesch\u00e4ft in Deutschland zu starten und auszubauen.<\/p>\n\n\n\n<h2 class=\"wp-block-heading\">Was ist das deutsche Kalibrierungsgesetz, auch bekannt als Eichrecht?<\/h2>\n\n\n\n<p>Das deutsche Kalibrierungsgesetz, bekannt als Eichrecht, hat in erster Linie das Ziel, die Verbraucher zu sch\u00fctzen und sicherzustellen, dass die Abrechnung von Ladesitzungen transparent und genau erfolgt. Nach Eichrecht m\u00fcssen alle \u00f6ffentlichen EV-Ladestationen mit einem zertifizierten und kalibrierten Stromz\u00e4hler ausgestattet sein, um Genauigkeit und Zuverl\u00e4ssigkeit zu gew\u00e4hrleisten. Die Ladestationen m\u00fcssen die Preise klar anzeigen und den Kunden eine Quittung ausstellen, die die verbrauchte Energiemenge, den berechneten Preis und andere relevante Details zeigt. Der Stromz\u00e4hler misst den verbrauchten Strom und bestimmt den Betrag, den der EV-Fahrer zahlen muss. Alle Preise basieren ausschlie\u00dflich auf dem kWh-Verbrauch und nicht auf zeitbasierten oder Pauschalgeb\u00fchren, um klare und leicht verst\u00e4ndliche Preise f\u00fcr das Laden von Elektrofahrzeugen zu gew\u00e4hrleisten.<\/p>\n\n\n\n<h2 class=\"wp-block-heading\">Wie wirkt sich das deutsche Kalibrierungsgesetz auf EV-Ladedienstanbieter aus?<\/h2>\n\n\n\n<p>Um ein EV-Ladenetzwerk in Deutschland zu betreiben, m\u00fcssen Sie Eichrecht-konforme Hardware und Software haben. Alle \u00f6ffentlichen und halb\u00f6ffentlichen Ladestationen m\u00fcssen die Eichrecht-Vorschriften erf\u00fcllen, die drei wichtige Bereiche betreffen: Messung, Preisgestaltung und Datensicherheit.<\/p>\n\n\n\n<h3 class=\"wp-block-heading\">Messung<\/h3>\n\n\n\n<p>Eichrecht verlangt, dass alle \u00f6ffentlichen EV-Ladestationen mit einem zertifizierten und kalibrierten Stromz\u00e4hler ausgestattet sind, um Genauigkeit und Zuverl\u00e4ssigkeit zu gew\u00e4hrleisten. Jeder Ladepunkt muss einen sichtbaren kWh-Messz\u00e4hler haben, der registriert und regelm\u00e4\u00dfig kalibriert wird. EV-Fahrer k\u00f6nnen den kWh-Wert schnell \u00fcber das Display oder das tats\u00e4chliche kWh-Messger\u00e4t best\u00e4tigen und dies in ihrer E-Mobility-App oder Web-Oberfl\u00e4che verifizieren, um Transparenz bei der Abrechnung zu gew\u00e4hrleisten.<\/p>\n\n\n\n<h3 class=\"wp-block-heading\">Preisgestaltung<\/h3>\n\n\n\n<p>Ladestationen m\u00fcssen klare Preisangaben und Quittungen bereitstellen, die den verbrauchten Strom, den berechneten Preis und andere relevante Informationen enthalten. EV-Ladetarife d\u00fcrfen nur auf dem kWh-Verbrauch basieren. Zeitbasierte Geb\u00fchren und Pauschalgeb\u00fchren pro Sitzung sind nicht zul\u00e4ssig. Eichrecht fordert eine transparente Abrechnung, bei der zus\u00e4tzliche Tarife separat vom berechneten kWh-Verbrauch auf der Rechnung aufgef\u00fchrt werden.<\/p>\n\n\n\n<h3 class=\"wp-block-heading\">Datensicherheit<\/h3>\n\n\n\n<p>Eichrecht schreibt die Verwendung eines einzigartigen \u00f6ffentlichen Schl\u00fcssels vor, um die Datenintegrit\u00e4t w\u00e4hrend der EV-Ladesitzungen zu gew\u00e4hrleisten. Die Verschl\u00fcsselung mit dem \u00f6ffentlichen Schl\u00fcssel sorgt f\u00fcr eine sichere Kommunikation zwischen der Ladestation, dem EV und dem zentralen Managementsystem und verhindert unbefugten Zugriff auf die Daten. Der \u00f6ffentliche Schl\u00fcssel kann ein QR-Code sein, der es den Fahrern erm\u00f6glicht, den Energieverbrauch, die Zeit und die Kosten zu \u00fcberpr\u00fcfen. Mit sicheren Signaturen und Verschl\u00fcsselung k\u00f6nnen Ladestationen transparente Rechnungen f\u00fcr den Fahrer erstellen.<\/p>\n\n\n<style style=\"border-radius:var(--spacing-4xl, 32px);overflow:hidden;\">.kb-row-layout-id44168_4b9b20-2d > .kt-row-column-wrap{align-content:start;}:where(.kb-row-layout-id44168_4b9b20-2d > .kt-row-column-wrap) > .wp-block-kadence-column{justify-content:start;}.kb-row-layout-id44168_4b9b20-2d > .kt-row-column-wrap{column-gap:var(--global-kb-gap-md, 2rem);row-gap:var(--global-kb-gap-md, 2rem);padding-top:var(--global-kb-spacing-sm, 1.5rem);padding-bottom:var(--global-kb-spacing-sm, 1.5rem);grid-template-columns:minmax(0, 1fr) minmax(0, 2fr);}.kb-row-layout-id44168_4b9b20-2d{background-color:#ddecfa;}.kb-row-layout-id44168_4b9b20-2d > .kt-row-layout-overlay{opacity:0.30;}@media all and (max-width: 1024px){.kb-row-layout-id44168_4b9b20-2d > .kt-row-column-wrap{grid-template-columns:minmax(0, 1fr) minmax(0, 2fr);}}@media all and (max-width: 767px){.kb-row-layout-id44168_4b9b20-2d > .kt-row-column-wrap{grid-template-columns:minmax(0, 1fr);}}<\/style><div class=\"kb-row-layout-wrap kb-row-layout-id44168_4b9b20-2d alignnone kt-row-has-bg wp-block-kadence-rowlayout\"><div class=\"kt-row-column-wrap kt-has-2-columns kt-row-layout-right-golden kt-tab-layout-inherit kt-mobile-layout-row kt-row-valign-top\">\n<style>.kadence-column44168_4d4998-c7 > .kt-inside-inner-col,.kadence-column44168_4d4998-c7 > .kt-inside-inner-col:before{border-top-left-radius:0px;border-top-right-radius:0px;border-bottom-right-radius:0px;border-bottom-left-radius:0px;}.kadence-column44168_4d4998-c7 > .kt-inside-inner-col{column-gap:var(--global-kb-gap-sm, 1rem);}.kadence-column44168_4d4998-c7 > .kt-inside-inner-col{flex-direction:column;}.kadence-column44168_4d4998-c7 > .kt-inside-inner-col > .aligncenter{width:100%;}.kadence-column44168_4d4998-c7 > .kt-inside-inner-col:before{opacity:0.3;}.kadence-column44168_4d4998-c7{position:relative;}@media all and (max-width: 1024px){.kadence-column44168_4d4998-c7 > .kt-inside-inner-col{flex-direction:column;justify-content:center;}}@media all and (max-width: 767px){.kadence-column44168_4d4998-c7 > .kt-inside-inner-col{flex-direction:column;justify-content:center;}}<\/style>\n<div class=\"wp-block-kadence-column kadence-column44168_4d4998-c7 inner-column-1 vertical-center-image\"><div class=\"kt-inside-inner-col\">\n<div class=\"wp-block-media-text has-media-on-the-right is-stacked-on-mobile is-vertically-aligned-center\" style=\"grid-template-columns:auto 85%\"><div class=\"wp-block-media-text__content\">\n<p class=\"has-large-font-size\"><\/p>\n<\/div><figure class=\"wp-block-media-text__media\"><a href=\"\/resources\/eichrecht-compliance-essential-handbook-ev-charging-providers-ebook\/\"><img loading=\"lazy\" decoding=\"async\" width=\"812\" height=\"1024\" src=\"https:\/\/www.ampeco.com\/content\/uploads\/2023\/05\/eichrecht-ebook-portait-1-812x1024.png\" alt=\"Eichrecht compliance ebook cover\" class=\"wp-image-19098 size-full\" title=\"\" srcset=\"https:\/\/www.ampeco.com\/content\/uploads\/2023\/05\/eichrecht-ebook-portait-1-812x1024.png 812w, https:\/\/www.ampeco.com\/content\/uploads\/2023\/05\/eichrecht-ebook-portait-1-238x300.png 238w, https:\/\/www.ampeco.com\/content\/uploads\/2023\/05\/eichrecht-ebook-portait-1-768x969.png 768w, https:\/\/www.ampeco.com\/content\/uploads\/2023\/05\/eichrecht-ebook-portait-1-1218x1536.png 1218w, https:\/\/www.ampeco.com\/content\/uploads\/2023\/05\/eichrecht-ebook-portait-1-1623x2048.png 1623w, https:\/\/www.ampeco.com\/content\/uploads\/2023\/05\/eichrecht-ebook-portait-1-96x121.png 96w, https:\/\/www.ampeco.com\/content\/uploads\/2023\/05\/eichrecht-ebook-portait-1-330x416.png 330w, https:\/\/www.ampeco.com\/content\/uploads\/2023\/05\/eichrecht-ebook-portait-1-660x833.png 660w, https:\/\/www.ampeco.com\/content\/uploads\/2023\/05\/eichrecht-ebook-portait-1-512x646.png 512w, https:\/\/www.ampeco.com\/content\/uploads\/2023\/05\/eichrecht-ebook-portait-1-1024x1292.png 1024w, https:\/\/www.ampeco.com\/content\/uploads\/2023\/05\/eichrecht-ebook-portait-1-600x757.png 600w, https:\/\/www.ampeco.com\/content\/uploads\/2023\/05\/eichrecht-ebook-portait-1-1200x1514.png 1200w, https:\/\/www.ampeco.com\/content\/uploads\/2023\/05\/eichrecht-ebook-portait-1-840x1060.png 840w, https:\/\/www.ampeco.com\/content\/uploads\/2023\/05\/eichrecht-ebook-portait-1-1680x2119.png 1680w, https:\/\/www.ampeco.com\/content\/uploads\/2023\/05\/eichrecht-ebook-portait-1-1920x2422.png 1920w, https:\/\/www.ampeco.com\/content\/uploads\/2023\/05\/eichrecht-ebook-portait-1.png 2000w\" sizes=\"auto, (max-width: 812px) 100vw, 812px\" \/><\/a><\/figure><\/div>\n<\/div><\/div>\n\n\n<style>.kadence-column44168_7677fe-5c > .kt-inside-inner-col,.kadence-column44168_7677fe-5c > .kt-inside-inner-col:before{border-top-left-radius:0px;border-top-right-radius:0px;border-bottom-right-radius:0px;border-bottom-left-radius:0px;}.kadence-column44168_7677fe-5c > .kt-inside-inner-col{column-gap:var(--global-kb-gap-sm, 1rem);}.kadence-column44168_7677fe-5c > .kt-inside-inner-col{flex-direction:column;}.kadence-column44168_7677fe-5c > .kt-inside-inner-col > .aligncenter{width:100%;}.kadence-column44168_7677fe-5c > .kt-inside-inner-col:before{opacity:0.3;}.kadence-column44168_7677fe-5c{position:relative;}@media all and (max-width: 1024px){.kadence-column44168_7677fe-5c > .kt-inside-inner-col{flex-direction:column;justify-content:center;}}@media all and (max-width: 767px){.kadence-column44168_7677fe-5c > .kt-inside-inner-col{flex-direction:column;justify-content:center;}}<\/style>\n<div class=\"wp-block-kadence-column kadence-column44168_7677fe-5c inner-column-2\"><div class=\"kt-inside-inner-col\">\n<h4 class=\"wp-block-heading\">M\u00f6chten Sie verstehen, wie Eichrecht h\u00e4ufige EV-Ladeanwendungsf\u00e4lle beeinflusst?<\/h4>\n\n\n\n<p>Gewinnen Sie wertvolle Einblicke in die Eichrecht-Vorschriften und deren Auswirkungen auf Ihr EV-Ladegesch\u00e4ft in Deutschland. Erfahren Sie, wie Sie die Kalibrierungs- und Preisvorschriften mit unserem umfassenden Handbuch einhalten k\u00f6nnen.<\/p>\n\n\n\n<div class=\"wp-block-buttons is-layout-flex wp-block-buttons-is-layout-flex\">\n<div class=\"wp-block-button\"><a class=\"wp-block-button__link has-success-background-color has-background wp-element-button\" href=\"\/resources\/eichrecht-compliance-essential-handbook-ev-charging-providers-ebook\/\">E-Book herunterladen<\/a><\/div>\n<\/div>\n<\/div><\/div>\n\n<\/div><\/div>\n\n\n<h2 class=\"wp-block-heading\">Bleiben Sie mit AMPECO auf der sicheren Seite des Gesetzes<\/h2>\n\n\n\n<p>Um die <a href=\"https:\/\/www.ampeco.com\/guides\/complete-ocpp-guide\/\" data-type=\"link\" data-id=\"https:\/\/www.ampeco.com\/guides\/complete-ocpp-guide\/\">Einhaltung des deutschen Kalibrierungsgesetzes sicherzustellen<\/a>, umfasst unsere <a href=\"https:\/\/www.ampeco.com\/ev-charging-platform\/\" data-type=\"link\" data-id=\"https:\/\/www.ampeco.com\/ev-charging-platform\/\">EV-Ladeverwaltungsplattform<\/a> folgende Funktionen und Merkmale, wie zum Beispiel:<\/p>\n\n\n\n<ul class=\"wp-block-list\">\n<li>Genauer Datenaustausch und pr\u00e4zise Z\u00e4hlerst\u00e4nde garantieren die Integrit\u00e4t der Ladedaten.<\/li>\n\n\n\n<li>Fortgeschrittene Verschl\u00fcsselung und sichere \u00dcbertragungsmechanismen f\u00fcr optimalen Datenschutz.<\/li>\n\n\n\n<li>Datenmanagement- und Speicherprotokolle stellen sicher, dass Ihre Z\u00e4hlerdaten sicher und gesch\u00fctzt bleiben.<\/li>\n\n\n\n<li>Transparente Preisangaben stellen sicher, dass Ihre Kunden wissen, wof\u00fcr sie bezahlen.<\/li>\n\n\n\n<li>Umfassende Abrechnungs- und Rechnungsprozesse, die detaillierte Rechnungen f\u00fcr Ihre Kunden erstellen.<\/li>\n<\/ul>\n\n\n\n<p>AMPECOs EV-Ladeverwaltungsplattform erm\u00f6glicht den Austausch von Ladesitzungsdaten und stellt Fahrern pr\u00e4zise Z\u00e4hlerdaten zur Verf\u00fcgung, wodurch Ladepunktbetreiber in Deutschland bei der Erf\u00fcllung ihrer gesetzlichen Verpflichtungen unterst\u00fctzt werden.<\/p>\n\n\n\n<figure class=\"wp-block-image aligncenter size-large\"><img decoding=\"async\" src=\"https:\/\/www.ampeco.com\/content\/uploads\/2023\/10\/illustration-eichrecht-compliant-data-charging-station-meter-transparenzsotftware-german-150x150.png\" alt=\"-\" class=\"wp-image-16292\" title=\"\"><\/figure>\n\n\n\n<p>Sobald eine Eichrecht-konforme Ladestation die Messdaten einer Ladesitzung digital signiert und verschl\u00fcsselt hat, sendet sie diese \u00fcber <a href=\"https:\/\/www.ampeco.com\/ocpp-open-charge-point-protocol\/\" data-type=\"link\" data-id=\"https:\/\/www.ampeco.com\/ocpp-open-charge-point-protocol\/\">OCPP <\/a>an <a href=\"https:\/\/www.ampeco.com\/ev-charging-platform\/\" data-type=\"link\" data-id=\"https:\/\/www.ampeco.com\/ev-charging-platform\/\">AMPECOs EV-Ladeverwaltungsplattform<\/a>. Die signierten Z\u00e4hlerwerte werden sicher gespeichert und dem EV-Fahrer angezeigt. Um die Daten zu verifizieren, k\u00f6nnen EV-Fahrer den \u00f6ffentlichen Schl\u00fcssel zusammen mit dem kodierten, signierten Wert im Sitzungserfassungsbildschirm der mobilen App und auf der Quittung der Ladesitzung einsehen. Sie k\u00f6nnen die Genauigkeit mithilfe von Transparenzsoftware von Drittanbietern (wie <a href=\"https:\/\/www.safe-ev.de\/en\/transparency_software.php\" data-type=\"link\" data-id=\"https:\/\/www.safe-ev.de\/en\/transparency_software.php\" rel=\"nofollow noopener\" target=\"_blank\">S.A.F.E.<\/a>) \u00fcberpr\u00fcfen.<\/p>\n\n\n\n<p>Da AMPECO weltweit t\u00e4tig ist, entwickeln wir unsere EV-Ladeverwaltungsplattform kontinuierlich weiter, um den unterschiedlichen Anforderungen von Betreibern weltweit gerecht zu werden, einschlie\u00dflich der Einhaltung regionaler Marktregulierungen und Gesetzgebungen wie Eichrecht, unter anderem.<\/p>\n\n\n\n<div style=\"border-radius:var(--spacing-4xl, 32px);overflow:hidden;\" class=\"wp-block-group is-style-tilted-green-bg is-layout-constrained wp-block-group-is-layout-constrained\">\n<h2 class=\"wp-block-heading has-text-align-left\">Wenn Sie daran interessiert sind, Ihre EV-Ladedienste in Deutschland auszubauen, erfahren Sie, wie AMPECOs vollst\u00e4ndig konforme Managementplattform Ihnen dabei helfen kann.<\/h2>\n\n\n\n<div class=\"wp-block-buttons is-horizontal is-content-justification-left is-layout-flex wp-container-core-buttons-is-layout-20be11b6 wp-block-buttons-is-layout-flex\">\n<div class=\"wp-block-button is-style-fill\"><a class=\"wp-block-button__link has-bluenew-color has-lightbluebg-background-color has-text-color has-background wp-element-button\" href=\"\/demo\/\">Buchen Sie eine DEMO<\/a><\/div>\n<\/div>\n<\/div>\n","protected":false},"excerpt":{"rendered":"<p>Keine Ausnahmen: CPOs in Deutschland m\u00fcssen das deutsche Kalibrierungsgesetz einhalten Da immer mehr Elektrofahrzeuge auf die Stra\u00dfen kommen, wird eine genaue Abrechnung der EV-Ladedienste immer wichtiger. In Deutschland wird dies durch das [&hellip;]<\/p>\n","protected":false},"author":20,"featured_media":22278,"comment_status":"open","ping_status":"open","sticky":false,"template":"","format":"standard","meta":{"_acf_changed":false,"inline_featured_image":false,"footnotes":""},"categories":[566,583],"tags":[613,571,614,615],"class_list":["post-44168","post","type-post","status-publish","format-standard","has-post-thumbnail","hentry","category-elektrofahrzeuglade-geschaft","category-policy-corner-de","tag-eichrecht-de","tag-ev-charging-de","tag-german-calibration-law-de","tag-regulations-de"],"acf":[],"_links":{"self":[{"href":"https:\/\/www.ampeco.com\/de\/wp-json\/wp\/v2\/posts\/44168","targetHints":{"allow":["GET"]}}],"collection":[{"href":"https:\/\/www.ampeco.com\/de\/wp-json\/wp\/v2\/posts"}],"about":[{"href":"https:\/\/www.ampeco.com\/de\/wp-json\/wp\/v2\/types\/post"}],"author":[{"embeddable":true,"href":"https:\/\/www.ampeco.com\/de\/wp-json\/wp\/v2\/users\/20"}],"replies":[{"embeddable":true,"href":"https:\/\/www.ampeco.com\/de\/wp-json\/wp\/v2\/comments?post=44168"}],"version-history":[{"count":7,"href":"https:\/\/www.ampeco.com\/de\/wp-json\/wp\/v2\/posts\/44168\/revisions"}],"predecessor-version":[{"id":44181,"href":"https:\/\/www.ampeco.com\/de\/wp-json\/wp\/v2\/posts\/44168\/revisions\/44181"}],"wp:featuredmedia":[{"embeddable":true,"href":"https:\/\/www.ampeco.com\/de\/wp-json\/wp\/v2\/media\/22278"}],"wp:attachment":[{"href":"https:\/\/www.ampeco.com\/de\/wp-json\/wp\/v2\/media?parent=44168"}],"wp:term":[{"taxonomy":"category","embeddable":true,"href":"https:\/\/www.ampeco.com\/de\/wp-json\/wp\/v2\/categories?post=44168"},{"taxonomy":"post_tag","embeddable":true,"href":"https:\/\/www.ampeco.com\/de\/wp-json\/wp\/v2\/tags?post=44168"}],"curies":[{"name":"wp","href":"https:\/\/api.w.org\/{rel}","templated":true}]}}