{"id":44149,"date":"2023-06-29T14:45:21","date_gmt":"2023-06-29T14:45:21","guid":{"rendered":"https:\/\/www.ampeco.com\/blog\/leverage-dynamic-electricity-rates\/"},"modified":"2025-04-27T20:47:27","modified_gmt":"2025-04-27T20:47:27","slug":"nutzen-dynamische-stromtarife","status":"publish","type":"post","link":"https:\/\/www.ampeco.com\/de\/blog\/nutzen-dynamische-stromtarife\/","title":{"rendered":"Nutzen Sie dynamische Stromtarife, um Ihre Einnahmen zu steigern und die Kosten f\u00fcr E-Autofahrer zu senken"},"content":{"rendered":"\n<div class=\"wp-block-rank-math-toc-block\" id=\"rank-math-toc\"><h2>Inhaltsverzeichnis<\/h2><nav><ul><li class=\"\"><a href=\"#die-wachsende-bedeutung-dynamischer-strompreise-und-warum-sie-darauf-achten-sollten\">Die wachsende Bedeutung dynamischer Strompreise \u2013 und warum Sie darauf achten sollten<\/a><\/li><li class=\"\"><a href=\"#arten-der-dynamischen-preisgestaltung\">Arten der dynamischen Preisgestaltung<\/a><\/li><li class=\"\"><a href=\"#warum-cp-os-dynamische-stromtarife-nutzen-sollten\">Warum CPOs dynamische Stromtarife nutzen sollten<\/a><\/li><li class=\"\"><a href=\"#stromtarife-anpassen-um-ihre-ev-ladestrategie-zu-optimieren\">Stromtarife anpassen, um Ihre EV-Ladestrategie zu optimieren<\/a><\/li><li class=\"\"><a href=\"#flexibilitat-und-prazision-in-ihren-ladetarifen-entfalten\">Flexibilit\u00e4t und Pr\u00e4zision in Ihren Ladetarifen entfalten<\/a><\/li><li class=\"\"><a href=\"#die-vorteile-die-cp-os-durch-die-nutzung-dynamischer-stromtarife-in-ihren-ev-ladetarifen-erhalten\">Die Vorteile, die CPOs durch die Nutzung dynamischer Stromtarife in ihren EV-Ladetarifen erhalten\n<\/a><\/li><li class=\"\"><a href=\"#warum-e-autofahrer-ihre-dynamischen-stromtarife-lieben-werden\">Warum E-Autofahrer Ihre dynamischen Stromtarife lieben werden<\/a><\/li><li class=\"\"><a href=\"#fazit\">Fazit<\/a><\/li><\/ul><\/nav><\/div>\n\n\n\n<h2 class=\"wp-block-heading\" id=\"die-wachsende-bedeutung-dynamischer-strompreise-und-warum-sie-darauf-achten-sollten\">Die wachsende Bedeutung dynamischer Strompreise \u2013 und warum Sie darauf achten sollten<\/h2>\n\n\n\n<p>Stellen Sie sich vor, die Strompreise w\u00e4ren nicht festgelegt, sondern w\u00fcrden sich in Echtzeit an die Marktbedingungen anpassen. Genau das ist das Konzept dynamischer Strompreise. Derzeit zahlen Verbraucher und E-Autofahrer einen festen Tarif f\u00fcr ihren Strom \u2013 unabh\u00e4ngig davon, ob die Gro\u00dfhandelspreise steigen oder fallen. Diese fehlende Flexibilit\u00e4t f\u00fchrt dazu, dass wir mehr bezahlen, wenn die Preise sinken, und nicht dazu motiviert werden, Strom zu nutzen, wenn er im \u00dcberfluss vorhanden und g\u00fcnstig ist. Doch nicht nur Verbraucher tragen die Folgen dieser Unflexibilit\u00e4t. Auch f\u00fcr Charge Point Operators (CPOs) kann das Festhalten an festen Preisen dazu f\u00fchren, dass sie ihre Ladestationen bei Preisspitzen mit Verlust betreiben.<\/p>\n\n\n\n<p>Die L\u00f6sung liegt in der Nutzung dynamischer Strompreise, bei denen sich die Kosten in Echtzeit an die Marktbedingungen anpassen und so einen flexiblen und reaktionsf\u00e4higen Ansatz f\u00fcr die Preisgestaltung beim <a href=\"https:\/\/www.ampeco.com\/de\/ev-ladeplattform\/\" data-type=\"link\" data-id=\"https:\/\/www.ampeco.com\/de\/ev-ladeplattform\/\">Laden von Elektrofahrzeugen<\/a> bieten. Anstatt an einen festen Tarif gebunden zu sein, erm\u00f6glicht die dynamische Preisgestaltung Betreibern von Ladestationen, die Preise basierend auf den Marktbedingungen anzupassen \u2013 und schafft so eine Win-win-Situation f\u00fcr CPOs und E-Autofahrer.<\/p>\n\n\n\n<h2 class=\"wp-block-heading\" id=\"arten-der-dynamischen-preisgestaltung\">Arten der dynamischen Preisgestaltung<\/h2>\n\n\n\n<p><br><strong>Statische zeitabh\u00e4ngige Tarife<\/strong> \u2013 Die Preise variieren je nach vordefinierten Zeitfenstern wie Tag, Nacht, Wochentagen oder Wochenenden, sodass Kunden ihren Verbrauch entsprechend planen und anpassen k\u00f6nnen.<\/p>\n\n\n\n<figure class=\"wp-block-image aligncenter size-large\"><img loading=\"lazy\" decoding=\"async\" width=\"1024\" height=\"538\" src=\"https:\/\/www.ampeco.com\/content\/uploads\/2023\/06\/Static-Time-of-use-Tariffs-Figure-1024x538.png\" alt=\"Abbildung: Statische zeitabh\u00e4ngige Tarife\" class=\"wp-image-20191\" title=\"\" srcset=\"https:\/\/www.ampeco.com\/content\/uploads\/2023\/06\/Static-Time-of-use-Tariffs-Figure-1024x538.png 1024w, https:\/\/www.ampeco.com\/content\/uploads\/2023\/06\/Static-Time-of-use-Tariffs-Figure-300x158.png 300w, https:\/\/www.ampeco.com\/content\/uploads\/2023\/06\/Static-Time-of-use-Tariffs-Figure-768x403.png 768w, https:\/\/www.ampeco.com\/content\/uploads\/2023\/06\/Static-Time-of-use-Tariffs-Figure-96x50.png 96w, https:\/\/www.ampeco.com\/content\/uploads\/2023\/06\/Static-Time-of-use-Tariffs-Figure-330x173.png 330w, https:\/\/www.ampeco.com\/content\/uploads\/2023\/06\/Static-Time-of-use-Tariffs-Figure-660x347.png 660w, https:\/\/www.ampeco.com\/content\/uploads\/2023\/06\/Static-Time-of-use-Tariffs-Figure-512x269.png 512w, https:\/\/www.ampeco.com\/content\/uploads\/2023\/06\/Static-Time-of-use-Tariffs-Figure-600x315.png 600w, https:\/\/www.ampeco.com\/content\/uploads\/2023\/06\/Static-Time-of-use-Tariffs-Figure-840x441.png 840w, https:\/\/www.ampeco.com\/content\/uploads\/2023\/06\/Static-Time-of-use-Tariffs-Figure.png 1200w\" sizes=\"auto, (max-width: 1024px) 100vw, 1024px\" \/><\/figure>\n\n\n<style>.wp-block-kadence-spacer.kt-block-spacer-44149_65f68b-7e .kt-block-spacer{height:40px;}.wp-block-kadence-spacer.kt-block-spacer-44149_65f68b-7e .kt-divider{border-top-width:1px;height:1px;border-top-color:#eee;width:80%;border-top-style:solid;}<\/style>\n<div class=\"wp-block-kadence-spacer aligncenter kt-block-spacer-44149_65f68b-7e\"><div class=\"kt-block-spacer kt-block-spacer-halign-center\"><\/div><\/div>\n\n\n\n<p><strong>Tarife bei kritischen Lastspitzen<\/strong> \u2013 Die Preise bleiben gr\u00f6\u00dftenteils stabil, k\u00f6nnen jedoch in Zeiten hoher Nachfrage zusammen mit einem festen Aufschlag steigen. Kunden erhalten eine Vorabbenachrichtigung, um sie dazu zu ermutigen, ihren Energieverbrauch aus diesen Spitzenzeiten zu verlagern.<\/p>\n\n\n<style>.wp-block-kadence-spacer.kt-block-spacer-44149_45336a-d8 .kt-block-spacer{height:40px;}.wp-block-kadence-spacer.kt-block-spacer-44149_45336a-d8 .kt-divider{border-top-width:1px;height:1px;border-top-color:#eee;width:80%;border-top-style:solid;}<\/style>\n<div class=\"wp-block-kadence-spacer aligncenter kt-block-spacer-44149_45336a-d8\"><div class=\"kt-block-spacer kt-block-spacer-halign-center\"><\/div><\/div>\n\n\n\n<figure class=\"wp-block-image aligncenter size-large\"><img loading=\"lazy\" decoding=\"async\" width=\"1024\" height=\"538\" src=\"https:\/\/www.ampeco.com\/content\/uploads\/2023\/06\/Critical-Peak-Tariffs-Figure-1024x538.png\" alt=\"Abbildung: Tarife bei kritischen Lastspitzen\" class=\"wp-image-20190\" title=\"\" srcset=\"https:\/\/www.ampeco.com\/content\/uploads\/2023\/06\/Critical-Peak-Tariffs-Figure-1024x538.png 1024w, https:\/\/www.ampeco.com\/content\/uploads\/2023\/06\/Critical-Peak-Tariffs-Figure-300x158.png 300w, https:\/\/www.ampeco.com\/content\/uploads\/2023\/06\/Critical-Peak-Tariffs-Figure-768x403.png 768w, https:\/\/www.ampeco.com\/content\/uploads\/2023\/06\/Critical-Peak-Tariffs-Figure-96x50.png 96w, https:\/\/www.ampeco.com\/content\/uploads\/2023\/06\/Critical-Peak-Tariffs-Figure-330x173.png 330w, https:\/\/www.ampeco.com\/content\/uploads\/2023\/06\/Critical-Peak-Tariffs-Figure-660x347.png 660w, https:\/\/www.ampeco.com\/content\/uploads\/2023\/06\/Critical-Peak-Tariffs-Figure-512x269.png 512w, https:\/\/www.ampeco.com\/content\/uploads\/2023\/06\/Critical-Peak-Tariffs-Figure-600x315.png 600w, https:\/\/www.ampeco.com\/content\/uploads\/2023\/06\/Critical-Peak-Tariffs-Figure-840x441.png 840w, https:\/\/www.ampeco.com\/content\/uploads\/2023\/06\/Critical-Peak-Tariffs-Figure.png 1200w\" sizes=\"auto, (max-width: 1024px) 100vw, 1024px\" \/><\/figure>\n\n\n<style>.wp-block-kadence-spacer.kt-block-spacer-44149_e3e37e-04 .kt-block-spacer{height:37px;}.wp-block-kadence-spacer.kt-block-spacer-44149_e3e37e-04 .kt-divider{border-top-width:1px;height:1px;border-top-color:#eee;width:80%;border-top-style:solid;}<\/style>\n<div class=\"wp-block-kadence-spacer aligncenter kt-block-spacer-44149_e3e37e-04\"><div class=\"kt-block-spacer kt-block-spacer-halign-center\"><\/div><\/div>\n\n\n\n<p><strong>Echtzeittarife <\/strong>\u2013 Die Preise spiegeln die aktuellen Gro\u00dfhandelspreise wider und werden einen Tag im Voraus festgelegt, sodass Kunden auf Marktschwankungen reagieren und potenziell Stromkosten sparen k\u00f6nnen.<\/p>\n\n\n\n<figure class=\"wp-block-image aligncenter size-large\"><img loading=\"lazy\" decoding=\"async\" width=\"1024\" height=\"538\" src=\"https:\/\/www.ampeco.com\/content\/uploads\/2023\/06\/Real-time-Dynamic-Tariffs-Figure-1024x538.png\" alt=\"Abbildung: Echtzeitbasierte dynamische Tarife\" class=\"wp-image-20192\" title=\"\" srcset=\"https:\/\/www.ampeco.com\/content\/uploads\/2023\/06\/Real-time-Dynamic-Tariffs-Figure-1024x538.png 1024w, https:\/\/www.ampeco.com\/content\/uploads\/2023\/06\/Real-time-Dynamic-Tariffs-Figure-300x158.png 300w, https:\/\/www.ampeco.com\/content\/uploads\/2023\/06\/Real-time-Dynamic-Tariffs-Figure-768x403.png 768w, https:\/\/www.ampeco.com\/content\/uploads\/2023\/06\/Real-time-Dynamic-Tariffs-Figure-96x50.png 96w, https:\/\/www.ampeco.com\/content\/uploads\/2023\/06\/Real-time-Dynamic-Tariffs-Figure-330x173.png 330w, https:\/\/www.ampeco.com\/content\/uploads\/2023\/06\/Real-time-Dynamic-Tariffs-Figure-660x347.png 660w, https:\/\/www.ampeco.com\/content\/uploads\/2023\/06\/Real-time-Dynamic-Tariffs-Figure-512x269.png 512w, https:\/\/www.ampeco.com\/content\/uploads\/2023\/06\/Real-time-Dynamic-Tariffs-Figure-600x315.png 600w, https:\/\/www.ampeco.com\/content\/uploads\/2023\/06\/Real-time-Dynamic-Tariffs-Figure-840x441.png 840w, https:\/\/www.ampeco.com\/content\/uploads\/2023\/06\/Real-time-Dynamic-Tariffs-Figure.png 1200w\" sizes=\"auto, (max-width: 1024px) 100vw, 1024px\" \/><\/figure>\n\n\n<style>.wp-block-kadence-spacer.kt-block-spacer-44149_9ff154-72 .kt-block-spacer{height:20px;}.wp-block-kadence-spacer.kt-block-spacer-44149_9ff154-72 .kt-divider{border-top-width:1px;height:1px;border-top-color:#eee;width:80%;border-top-style:solid;}<\/style>\n<div class=\"wp-block-kadence-spacer aligncenter kt-block-spacer-44149_9ff154-72\"><div class=\"kt-block-spacer kt-block-spacer-halign-center\"><\/div><\/div>\n\n\n\n<h2 class=\"wp-block-heading\" id=\"warum-cp-os-dynamische-stromtarife-nutzen-sollten\">Warum CPOs dynamische Stromtarife nutzen sollten<\/h2>\n\n\n\n<p><br><strong>Einhaltung von Vorschriften und Programmen:<\/strong><br><br>Die Einf\u00fchrung dynamischer Stromtarife ist nicht nur ein Trend; sie wird durch laufende Vorschriften und Programme vorangetrieben, die Energieversorger dazu anregen, ihren Kunden diese Tarife anzubieten. Besonders erfolgreich war dies in etablierten M\u00e4rkten wie dem Vereinigten K\u00f6nigreich, wo Unternehmen wie <a href=\"https:\/\/octopus.energy\/agile\/\" data-type=\"link\" data-id=\"https:\/\/octopus.energy\/agile\/\" rel=\"nofollow noopener\" target=\"_blank\">Octopus<\/a> dynamische Preisgestaltung \u00fcbernommen und positive Ergebnisse erzielt haben.<\/p>\n\n\n\n<p><strong>Aktive Beteiligung am Energiemanagement:<\/strong><\/p>\n\n\n\n<p>Der sich wandelnde Markt f\u00fcr Heimenergie legt den Fokus auf Flexibilit\u00e4t und Kontrolle f\u00fcr Verbraucher. Durch die Integration dynamischer Preisgestaltung erm\u00f6glichen CPOs E-Autofahrern, ihren Energieverbrauch aktiv zu steuern und zur Stabilit\u00e4t des Stromnetzes beizutragen.<\/p>\n\n\n\n<p><strong>Marktdifferenzierung und Umsatzsteigerung:<\/strong><\/p>\n\n\n\n<p>Da sich die Tarife potenziell st\u00fcndlich, halbst\u00fcndlich oder sogar alle 15 Minuten \u00e4ndern k\u00f6nnen, k\u00f6nnen CPOs intelligente Ladestations-Management-Software nutzen, um eine beispiellose Flexibilit\u00e4t in ihre Preisstrukturen zu bringen. Diese Differenzierung steigert die Kundenzufriedenheit und er\u00f6ffnet neue Umsatzchancen.<\/p>\n\n\n\n<h2 class=\"wp-block-heading\" id=\"stromtarife-anpassen-um-ihre-ev-ladestrategie-zu-optimieren\">Stromtarife anpassen, um Ihre EV-Ladestrategie zu optimieren<\/h2>\n\n\n\n<p>Mit der Plattform von AMPECO k\u00f6nnen Sie Stromtarife festlegen, die auf Ihre Gesch\u00e4ftsstrategie abgestimmt sind und den individuellen Bed\u00fcrfnissen Ihrer E-Autofahrer gerecht werden. Beim Festlegen eines Stromtarifs bietet AMPECO zwei Optionen:<br><\/p>\n\n\n\n<p>1. Sie k\u00f6nnen im AMPECO-Backend einen benutzerdefinierten Stromtarif erstellen und ihn an Ihre spezifischen Anforderungen anpassen.<\/p>\n\n\n<style>.wp-block-kadence-spacer.kt-block-spacer-44149_e17601-33 .kt-block-spacer{height:37px;}.wp-block-kadence-spacer.kt-block-spacer-44149_e17601-33 .kt-divider{border-top-width:1px;height:1px;border-top-color:#eee;width:80%;border-top-style:solid;}<\/style>\n<div class=\"wp-block-kadence-spacer aligncenter kt-block-spacer-44149_e17601-33\"><div class=\"kt-block-spacer kt-block-spacer-halign-center\"><hr class=\"kt-divider\"\/><\/div><\/div>\n\n\n\n<figure class=\"wp-block-image aligncenter size-large\"><img loading=\"lazy\" decoding=\"async\" width=\"1024\" height=\"538\" src=\"https:\/\/www.ampeco.com\/content\/uploads\/2023\/06\/Types-of-electricity-rates-Ampeco-1-1024x538.png\" alt=\"Arten von Stromtarifen bei AMPECO\" class=\"wp-image-20241\" title=\"\" srcset=\"https:\/\/www.ampeco.com\/content\/uploads\/2023\/06\/Types-of-electricity-rates-Ampeco-1-1024x538.png 1024w, https:\/\/www.ampeco.com\/content\/uploads\/2023\/06\/Types-of-electricity-rates-Ampeco-1-300x158.png 300w, https:\/\/www.ampeco.com\/content\/uploads\/2023\/06\/Types-of-electricity-rates-Ampeco-1-768x403.png 768w, https:\/\/www.ampeco.com\/content\/uploads\/2023\/06\/Types-of-electricity-rates-Ampeco-1-96x50.png 96w, https:\/\/www.ampeco.com\/content\/uploads\/2023\/06\/Types-of-electricity-rates-Ampeco-1-330x173.png 330w, https:\/\/www.ampeco.com\/content\/uploads\/2023\/06\/Types-of-electricity-rates-Ampeco-1-660x347.png 660w, https:\/\/www.ampeco.com\/content\/uploads\/2023\/06\/Types-of-electricity-rates-Ampeco-1-512x269.png 512w, https:\/\/www.ampeco.com\/content\/uploads\/2023\/06\/Types-of-electricity-rates-Ampeco-1-600x315.png 600w, https:\/\/www.ampeco.com\/content\/uploads\/2023\/06\/Types-of-electricity-rates-Ampeco-1-840x441.png 840w, https:\/\/www.ampeco.com\/content\/uploads\/2023\/06\/Types-of-electricity-rates-Ampeco-1.png 1200w\" sizes=\"auto, (max-width: 1024px) 100vw, 1024px\" \/><\/figure>\n\n\n<style>.wp-block-kadence-spacer.kt-block-spacer-44149_0af16e-28 .kt-block-spacer{height:37px;}.wp-block-kadence-spacer.kt-block-spacer-44149_0af16e-28 .kt-divider{border-top-width:1px;height:1px;border-top-color:#eee;width:80%;border-top-style:solid;}<\/style>\n<div class=\"wp-block-kadence-spacer aligncenter kt-block-spacer-44149_0af16e-28\"><div class=\"kt-block-spacer kt-block-spacer-halign-center\"><\/div><\/div>\n\n\n\n<p>2. Sie k\u00f6nnen auf Strompreise f\u00fcr den Folgetag von renommierten Anbietern wie Nord Pool oder Octopus zugreifen.<\/p>\n\n\n<style>.wp-block-kadence-spacer.kt-block-spacer-44149_a38675-c8 .kt-block-spacer{height:37px;}.wp-block-kadence-spacer.kt-block-spacer-44149_a38675-c8 .kt-divider{border-top-width:1px;height:1px;border-top-color:#eee;width:80%;border-top-style:solid;}<\/style>\n<div class=\"wp-block-kadence-spacer aligncenter kt-block-spacer-44149_a38675-c8\"><div class=\"kt-block-spacer kt-block-spacer-halign-center\"><\/div><\/div>\n\n\n\n<figure class=\"wp-block-image aligncenter size-large\"><img loading=\"lazy\" decoding=\"async\" width=\"1024\" height=\"538\" src=\"https:\/\/www.ampeco.com\/content\/uploads\/2023\/06\/Types-of-electricity-rates-Nord-1-1024x538.png\" alt=\"Arten von Stromtarifen bei Nord Pool\" class=\"wp-image-20243\" title=\"\" srcset=\"https:\/\/www.ampeco.com\/content\/uploads\/2023\/06\/Types-of-electricity-rates-Nord-1-1024x538.png 1024w, https:\/\/www.ampeco.com\/content\/uploads\/2023\/06\/Types-of-electricity-rates-Nord-1-300x158.png 300w, https:\/\/www.ampeco.com\/content\/uploads\/2023\/06\/Types-of-electricity-rates-Nord-1-768x403.png 768w, https:\/\/www.ampeco.com\/content\/uploads\/2023\/06\/Types-of-electricity-rates-Nord-1-96x50.png 96w, https:\/\/www.ampeco.com\/content\/uploads\/2023\/06\/Types-of-electricity-rates-Nord-1-330x173.png 330w, https:\/\/www.ampeco.com\/content\/uploads\/2023\/06\/Types-of-electricity-rates-Nord-1-660x347.png 660w, https:\/\/www.ampeco.com\/content\/uploads\/2023\/06\/Types-of-electricity-rates-Nord-1-512x269.png 512w, https:\/\/www.ampeco.com\/content\/uploads\/2023\/06\/Types-of-electricity-rates-Nord-1-600x315.png 600w, https:\/\/www.ampeco.com\/content\/uploads\/2023\/06\/Types-of-electricity-rates-Nord-1-840x441.png 840w, https:\/\/www.ampeco.com\/content\/uploads\/2023\/06\/Types-of-electricity-rates-Nord-1.png 1200w\" sizes=\"auto, (max-width: 1024px) 100vw, 1024px\" \/><\/figure>\n\n\n<style>.wp-block-kadence-spacer.kt-block-spacer-44149_0e7623-ec .kt-block-spacer{height:37px;}.wp-block-kadence-spacer.kt-block-spacer-44149_0e7623-ec .kt-divider{border-top-width:1px;height:1px;border-top-color:#eee;width:80%;border-top-style:solid;}<\/style>\n<div class=\"wp-block-kadence-spacer aligncenter kt-block-spacer-44149_0e7623-ec\"><div class=\"kt-block-spacer kt-block-spacer-halign-center\"><\/div><\/div>\n\n\n\n<p>Sie k\u00f6nnen benutzerdefinierte Energy-Time-of-Use-(ToU)-Ladetarife auf Basis der von Ihnen erstellten oder dynamisch abgerufenen Stromtarife erstellen. Diese Tarife k\u00f6nnen entweder f\u00fcr jeden Wochentag gleich oder t\u00e4glich unterschiedlich sein. Sie k\u00f6nnen Sonderpreise f\u00fcr Feiertage, Werbeaktionen oder andere Anl\u00e4sse festlegen, bei denen sich die Preise von Ihren Standardtarifen unterscheiden, um Ihre Marketingstrategien zu unterst\u00fctzen. Diese Stromtarife k\u00f6nnen bestimmten Ladestationen, Nutzergruppen oder Partnern f\u00fcr bestimmte Tage oder Zeitr\u00e4ume zugewiesen werden.<\/p>\n\n\n\n<p>Um Ihnen noch mehr Kontrolle und Rentabilit\u00e4t zu erm\u00f6glichen, bietet AMPECO die M\u00f6glichkeit, einen Aufschlag auf Ihre Stromtarife zu setzen. Sie k\u00f6nnen diesen Aufschlag als Prozentsatz pro Kilowattstunde (kWh), als festen Betrag pro kWh oder als flexiblen Aufschlag mit unterschiedlichen Preisen f\u00fcr verschiedene Zeitfenster im Tagesverlauf festlegen.<\/p>\n\n\n\n<h2 class=\"wp-block-heading\" id=\"flexibilitat-und-prazision-in-ihren-ladetarifen-entfalten\">Flexibilit\u00e4t und Pr\u00e4zision in Ihren Ladetarifen entfalten<\/h2>\n\n\n\n<h3 class=\"wp-block-heading\" id=\"create-a-custom-electricity-rate-within-ampec-os-backend\">Einen benutzerdefinierten Stromtarif im AMPECO-Backend erstellen<\/h3>\n\n\n\n<p>Mit dieser Option k\u00f6nnen Sie im intuitiven Backend von AMPECO einen benutzerdefinierten Stromtarif erstellen. Sie k\u00f6nnen Ihre Tarife individuell anpassen und entweder einen einheitlichen Preis f\u00fcr alle Wochentage oder unterschiedliche Preise f\u00fcr jeden Tag festlegen. Definieren Sie die Preisdetaillierung, indem Sie zwischen 15-Minuten-, 30-Minuten- oder 1-Stunden-Intervallen w\u00e4hlen, und legen Sie f\u00fcr jedes Zeitfenster einen spezifischen Preis fest. Ein Standardpreis kann hinterlegt werden, falls f\u00fcr ein Zeitfenster kein individueller Preis definiert ist. CPOs k\u00f6nnen zudem Sonderpreise f\u00fcr bestimmte Tage im Jahr festlegen, wobei dieselbe Preisgranularit\u00e4t beibehalten wird. Diese benutzerdefinierten Stromtarife k\u00f6nnen bestimmten Ladestationen zugewiesen werden, sodass das System die Stromkosten jeder einzelnen Ladesitzung pr\u00e4zise erfassen kann.<\/p>\n\n\n\n<h3 class=\"wp-block-heading\" id=\"create-an-ev-charging-tariff-based-on-day-ahead-electricity-rates-from-nord-pool-or-octopus\">Einen EV-Ladetarif auf Basis von Strompreisen f\u00fcr den Folgetag von Nord Pool oder Octopus erstellen<\/h3>\n\n\n\n<p>Mit dieser zweiten Option k\u00f6nnen Sie Strompreise f\u00fcr den Folgetag von f\u00fchrenden Anbietern wie Nord Pool oder Octopus abrufen. CPOs k\u00f6nnen die Integration im Backend aktivieren und das gew\u00fcnschte Land ausw\u00e4hlen, aus dem die Preise bezogen werden sollen. Nord Pool deckt viele europ\u00e4ische L\u00e4nder ab, darunter D\u00e4nemark, Schweden, Norwegen, Finnland, Litauen, Lettland, Estland, Deutschland, Polen, Frankreich, die Niederlande, Belgien, \u00d6sterreich und Luxemburg.<\/p>\n\n\n<style>.wp-block-kadence-spacer.kt-block-spacer-44149_ae94d1-b4 .kt-block-spacer{height:37px;}.wp-block-kadence-spacer.kt-block-spacer-44149_ae94d1-b4 .kt-divider{border-top-width:1px;height:1px;border-top-color:#eee;width:80%;border-top-style:solid;}<\/style>\n<div class=\"wp-block-kadence-spacer aligncenter kt-block-spacer-44149_ae94d1-b4\"><div class=\"kt-block-spacer kt-block-spacer-halign-center\"><hr class=\"kt-divider\"\/><\/div><\/div>\n\n\n\n<figure class=\"wp-block-image aligncenter size-large\"><img loading=\"lazy\" decoding=\"async\" width=\"1024\" height=\"538\" src=\"https:\/\/www.ampeco.com\/content\/uploads\/2023\/06\/Countries-with-Available-Day-ahead-Electricity-Rates-f-1024x538.png\" alt=\"L\u00e4nder mit verf\u00fcgbaren Strompreisen f\u00fcr den Folgetag\" class=\"wp-image-20187\" title=\"\" srcset=\"https:\/\/www.ampeco.com\/content\/uploads\/2023\/06\/Countries-with-Available-Day-ahead-Electricity-Rates-f-1024x538.png 1024w, https:\/\/www.ampeco.com\/content\/uploads\/2023\/06\/Countries-with-Available-Day-ahead-Electricity-Rates-f-300x158.png 300w, https:\/\/www.ampeco.com\/content\/uploads\/2023\/06\/Countries-with-Available-Day-ahead-Electricity-Rates-f-768x403.png 768w, https:\/\/www.ampeco.com\/content\/uploads\/2023\/06\/Countries-with-Available-Day-ahead-Electricity-Rates-f-96x50.png 96w, https:\/\/www.ampeco.com\/content\/uploads\/2023\/06\/Countries-with-Available-Day-ahead-Electricity-Rates-f-330x173.png 330w, https:\/\/www.ampeco.com\/content\/uploads\/2023\/06\/Countries-with-Available-Day-ahead-Electricity-Rates-f-660x347.png 660w, https:\/\/www.ampeco.com\/content\/uploads\/2023\/06\/Countries-with-Available-Day-ahead-Electricity-Rates-f-512x269.png 512w, https:\/\/www.ampeco.com\/content\/uploads\/2023\/06\/Countries-with-Available-Day-ahead-Electricity-Rates-f-600x315.png 600w, https:\/\/www.ampeco.com\/content\/uploads\/2023\/06\/Countries-with-Available-Day-ahead-Electricity-Rates-f-840x441.png 840w, https:\/\/www.ampeco.com\/content\/uploads\/2023\/06\/Countries-with-Available-Day-ahead-Electricity-Rates-f.png 1200w\" sizes=\"auto, (max-width: 1024px) 100vw, 1024px\" \/><\/figure>\n\n\n<style>.wp-block-kadence-spacer.kt-block-spacer-44149_c8d789-97 .kt-block-spacer{height:37px;}.wp-block-kadence-spacer.kt-block-spacer-44149_c8d789-97 .kt-divider{border-top-width:1px;height:1px;border-top-color:#eee;width:80%;border-top-style:solid;}<\/style>\n<div class=\"wp-block-kadence-spacer aligncenter kt-block-spacer-44149_c8d789-97\"><div class=\"kt-block-spacer kt-block-spacer-halign-center\"><hr class=\"kt-divider\"\/><\/div><\/div>\n\n\n\n<p>Alle Strompreise f\u00fcr den Folgetag von Nord Pool werden in Echtzeit aktualisiert, um eine pr\u00e4zise Berechnung zu gew\u00e4hrleisten. Es ist wichtig zu beachten, dass Gro\u00dfhandelsstrompreise volatil sein k\u00f6nnen, insbesondere in M\u00e4rkten mit schwankender Nachfrage und Angebot. Um dem entgegenzuwirken, empfiehlt AMPECO, einen Aufschlag auf die Gro\u00dfhandelspreise zu setzen, um Preisschwankungen abzufedern und den Kunden einen stabileren und besser vorhersehbaren Tarif zu bieten.<\/p>\n\n\n\n<p>Octopus Energy im Vereinigten K\u00f6nigreich bietet zwei intelligente Tarife an: einen f\u00fcr Nebenzeiten (Off-Peak) und einen dynamischen Tarif. Wir bieten Integrationen f\u00fcr beide Tarifarten an, und Betreiber von Ladestationen k\u00f6nnen beide gleichzeitig aktivieren, sodass Fahrer beim Laden zwischen beiden Optionen w\u00e4hlen k\u00f6nnen.<\/p>\n\n\n\n<h3 class=\"wp-block-heading\" id=\"set-up-energy-to-u-charging-tariffs-to-apply-dynamic-electricity-rates\">Energy-ToU-Ladetarife einrichten, um dynamische Stromtarife anzuwenden<\/h3>\n\n\n\n<p>CPOs k\u00f6nnen im Backend Energy-Time-of-Use-(ToU)-Ladetarife einrichten, um die dynamischen Tarife effektiv zu nutzen. Dabei stehen zwei Optionen zur Verf\u00fcgung. Option 1 erm\u00f6glicht es, den dem Ladepunkt zugewiesenen Stromtarif als Basis f\u00fcr den Ladetarif zu verwenden. Falls kein Stromtarif zugewiesen ist, greift Option 2: CPOs k\u00f6nnen einen Ersatzstromtarif aus einem Dropdown-Men\u00fc mit allen im System verf\u00fcgbaren Tarifen ausw\u00e4hlen, der dann zur Bestimmung des Endpreises f\u00fcr den Kunden verwendet wird.<\/p>\n\n\n\n<h4 class=\"wp-block-heading\" id=\"set-markups-on-top-of-the-selected-electricity-rates\">Aufschl\u00e4ge auf die ausgew\u00e4hlten Stromtarife festlegen<\/h4>\n\n\n\n<p>CPOs k\u00f6nnen Aufschl\u00e4ge auf die gew\u00e4hlten Stromtarife setzen. Diese Aufschl\u00e4ge k\u00f6nnen als Prozentsatz pro Kilowattstunde (kWh), als feste Geb\u00fchr pro kWh oder als flexible Geb\u00fchr pro kWh definiert werden, sodass f\u00fcr verschiedene Zeitfenster im Laufe des Tages unterschiedliche Aufschl\u00e4ge festgelegt werden k\u00f6nnen. Sie k\u00f6nnen die Granularit\u00e4t der Zeitintervalle nach Ihren W\u00fcnschen anpassen, mit Optionen wie 15-Minuten-, 30-Minuten- oder 1-Stunden-Intervallen.<\/p>\n\n\n\n<figure class=\"wp-block-image aligncenter size-large\"><img loading=\"lazy\" decoding=\"async\" width=\"1024\" height=\"538\" src=\"https:\/\/www.ampeco.com\/content\/uploads\/2023\/06\/Three-Types-of-Electricity-Rate-Markups-1-1024x538.png\" alt=\"Drei Arten von Aufschl\u00e4gen auf Stromtarife\" class=\"wp-image-20244\" title=\"\" srcset=\"https:\/\/www.ampeco.com\/content\/uploads\/2023\/06\/Three-Types-of-Electricity-Rate-Markups-1-1024x538.png 1024w, https:\/\/www.ampeco.com\/content\/uploads\/2023\/06\/Three-Types-of-Electricity-Rate-Markups-1-300x158.png 300w, https:\/\/www.ampeco.com\/content\/uploads\/2023\/06\/Three-Types-of-Electricity-Rate-Markups-1-768x403.png 768w, https:\/\/www.ampeco.com\/content\/uploads\/2023\/06\/Three-Types-of-Electricity-Rate-Markups-1-96x50.png 96w, https:\/\/www.ampeco.com\/content\/uploads\/2023\/06\/Three-Types-of-Electricity-Rate-Markups-1-330x173.png 330w, https:\/\/www.ampeco.com\/content\/uploads\/2023\/06\/Three-Types-of-Electricity-Rate-Markups-1-660x347.png 660w, https:\/\/www.ampeco.com\/content\/uploads\/2023\/06\/Three-Types-of-Electricity-Rate-Markups-1-512x269.png 512w, https:\/\/www.ampeco.com\/content\/uploads\/2023\/06\/Three-Types-of-Electricity-Rate-Markups-1-600x315.png 600w, https:\/\/www.ampeco.com\/content\/uploads\/2023\/06\/Three-Types-of-Electricity-Rate-Markups-1-840x441.png 840w, https:\/\/www.ampeco.com\/content\/uploads\/2023\/06\/Three-Types-of-Electricity-Rate-Markups-1.png 1200w\" sizes=\"auto, (max-width: 1024px) 100vw, 1024px\" \/><\/figure>\n\n\n\n<h4 class=\"wp-block-heading\" id=\"set-additional-parameters\">Zus\u00e4tzliche Parameter festlegen<\/h4>\n\n\n\n<p>Um die Ladetarife weiter anzupassen, k\u00f6nnen auch Anschlussgeb\u00fchren oder Mindestpreise pro Sitzung festgelegt werden. Dar\u00fcber hinaus k\u00f6nnen CPOs verschiedene Parameter definieren, die festlegen, welche Nutzer, Nutzergruppen, Abonnementpl\u00e4ne oder Ad-hoc-Nutzer der Tarif betrifft. Start- und Enddaten k\u00f6nnen festgelegt werden, um den G\u00fcltigkeitszeitraum des Tarifs zu bestimmen. Weitere Parameter wie maximale Dauer und maximale Energie k\u00f6nnen definiert werden, um die Sitzungsgrenzen zu steuern und so ein optimales Ladeerlebnis f\u00fcr E-Autofahrer zu gew\u00e4hrleisten.<\/p>\n\n\n\n<h2 class=\"wp-block-heading\" id=\"die-vorteile-die-cp-os-durch-die-nutzung-dynamischer-stromtarife-in-ihren-ev-ladetarifen-erhalten\">Die Vorteile, die CPOs durch die Nutzung dynamischer Stromtarife in ihren EV-Ladetarifen erhalten<br><\/h2>\n\n\n<style>.wp-block-kadence-spacer.kt-block-spacer-44149_aeea25-d3 .kt-block-spacer{height:20px;}.wp-block-kadence-spacer.kt-block-spacer-44149_aeea25-d3 .kt-divider{border-top-width:1px;height:1px;border-top-color:#eee;width:80%;border-top-style:solid;}<\/style>\n<div class=\"wp-block-kadence-spacer aligncenter kt-block-spacer-44149_aeea25-d3\"><div class=\"kt-block-spacer kt-block-spacer-halign-center\"><\/div><\/div>\n\n\n\n<p><strong>Flexibilit\u00e4t in der Preisstrategie: <\/strong>Das Festlegen von Ladepreisen basierend auf Ihren bevorzugten oder tats\u00e4chlichen Stromtarifen erm\u00f6glicht es Ihnen, Ihre Preisstrategie an die Marktbedingungen anzupassen und die Umsatzgenerierung zu optimieren.<br><\/p>\n\n\n\n<p><strong>Kontrolle \u00fcber die Einnahmen: <\/strong>Durch die Integration einer vordefinierten Gewinnspanne auf die Stromtarife k\u00f6nnen Sie Ihre Einnahmen steuern und ein stetiges und nachhaltiges Einkommensstrom sicherstellen.<br><\/p>\n\n\n\n<p><strong>Schutz vor Betriebsverlusten: <\/strong>Das Festlegen eines Mindestpreises f\u00fcr Ihre Ladestationen sch\u00fctzt vor m\u00f6glichen Betriebsverlusten angesichts signifikanter Marktschwankungen.<br><\/p>\n\n\n\n<p><strong>Vertrauen und Zuversicht bei Kunden aufbauen:<\/strong> Die Einf\u00fchrung dynamischer Stromtarife f\u00f6rdert die Transparenz in Ihren Kundenbeziehungen, da beide Parteien wissen, dass die Kosten an die allgemeinen Marktbedingungen angepasst werden, wodurch eine faire und gerechte Transaktion f\u00fcr alle Beteiligten sichergestellt wird.<\/p>\n\n\n\n<h2 class=\"wp-block-heading\" id=\"warum-e-autofahrer-ihre-dynamischen-stromtarife-lieben-werden\">Warum E-Autofahrer Ihre dynamischen Stromtarife lieben werden<\/h2>\n\n\n<style>.wp-block-kadence-spacer.kt-block-spacer-44149_094fe8-8f .kt-block-spacer{height:20px;}.wp-block-kadence-spacer.kt-block-spacer-44149_094fe8-8f .kt-divider{border-top-width:1px;height:1px;border-top-color:#eee;width:80%;border-top-style:solid;}<\/style>\n<div class=\"wp-block-kadence-spacer aligncenter kt-block-spacer-44149_094fe8-8f\"><div class=\"kt-block-spacer kt-block-spacer-halign-center\"><\/div><\/div>\n\n\n\n<p><strong>Mehr Auswahl und Flexibilit\u00e4t:<\/strong> Mit dynamischen Stromtarifen k\u00f6nnen Fahrer entscheiden, wann sie ihr Fahrzeug laden, wenn sie wissen, dass der Preis niedriger sein wird.<\/p>\n\n\n\n<p><strong>Intelligentes Laden, das Geld spart:<\/strong> Dank <a href=\"https:\/\/www.ampeco.com\/guides\/smart-charging\/\" data-type=\"link\" data-id=\"https:\/\/www.ampeco.com\/guides\/smart-charging\/\">intelligentem Laden<\/a> mit dynamischen Tarifen k\u00f6nnen Fahrer stets sicher sein, dass ihr Fahrzeug kosteng\u00fcnstig und innerhalb der erwarteten Zeit geladen wird.<\/p>\n\n\n\n<p><strong>Besser f\u00fcr die Umwelt:<\/strong> Indem E-Autofahrer entscheiden, ihr Fahrzeug in Nebenzeiten oder zu den niedrigsten Preisen zu laden, tragen sie zur Reduzierung der Nachfrage nach zus\u00e4tzlicher Energieerzeugung bei.<\/p>\n\n\n\n<h2 class=\"wp-block-heading\" id=\"fazit\">Fazit<\/h2>\n\n\n\n<p>Dynamische Preisgestaltung erm\u00f6glicht Flexibilit\u00e4t, Reaktionsf\u00e4higkeit auf Marktbedingungen, die Einhaltung von Vorschriften und steigert die Umsatzm\u00f6glichkeiten f\u00fcr Betreiber von Ladestationen. Sie bef\u00e4higt E-Autofahrer, ihren Energieverbrauch aktiv zu steuern, Kosten zu sparen und zur Stabilit\u00e4t des Stromnetzes beizutragen. Durch die Ausrichtung der Preisstrategien an den Echtzeit-Marktbedingungen k\u00f6nnen CPOs die Kundenzufriedenheit steigern, Vertrauen aufbauen und ein faires sowie gerechtes Transaktionsumfeld schaffen.<\/p>\n\n\n\n<div style=\"border-radius:var(--spacing-4xl, 32px);overflow:hidden;\" class=\"wp-block-group is-style-tilted-green-bg is-layout-constrained wp-block-group-is-layout-constrained\">\n<p class=\"has-text-align-left\">Durch die Nutzung der umfassenden Tarif-Funktionen von AMPECO k\u00f6nnen Sie Ihre Stromtarife und Ladetarife optimieren, um ein nahtloses und effizientes Ladeerlebnis f\u00fcr Ihre E-Autofahrer zu gew\u00e4hrleisten und gleichzeitig das Potenzial Ihres Unternehmens zu maximieren.<\/p>\n\n\n\n<div class=\"wp-block-buttons is-horizontal is-content-justification-left is-layout-flex wp-container-core-buttons-is-layout-20be11b6 wp-block-buttons-is-layout-flex\">\n<div class=\"wp-block-button is-style-fill\"><a class=\"wp-block-button__link has-bluenew-color has-lightbluebg-background-color has-text-color has-background wp-element-button\" href=\"https:\/\/www.ampeco.com\/de\/beratungsgesprach-ev-laden-buchen\/\">Vereinbaren Sie eine Beratung<\/a><\/div>\n<\/div>\n<\/div>\n\n\n\n<p><\/p>\n\n\n\n<p><\/p>\n","protected":false},"excerpt":{"rendered":"<p>Die wachsende Bedeutung dynamischer Strompreise \u2013 und warum Sie darauf achten sollten Stellen Sie sich vor, die Strompreise w\u00e4ren nicht festgelegt, sondern w\u00fcrden sich in Echtzeit an die Marktbedingungen anpassen. Genau das [&hellip;]<\/p>\n","protected":false},"author":24,"featured_media":25846,"comment_status":"open","ping_status":"open","sticky":false,"template":"","format":"standard","meta":{"_acf_changed":false,"inline_featured_image":false,"footnotes":""},"categories":[567],"tags":[611,612,571,569],"class_list":["post-44149","post","type-post","status-publish","format-standard","has-post-thumbnail","hentry","category-produkt-highlights","tag-dynamic-electricity-rates-de","tag-dynamic-pricing-de","tag-ev-charging-de","tag-ev-charging-tariff-de"],"acf":[],"_links":{"self":[{"href":"https:\/\/www.ampeco.com\/de\/wp-json\/wp\/v2\/posts\/44149","targetHints":{"allow":["GET"]}}],"collection":[{"href":"https:\/\/www.ampeco.com\/de\/wp-json\/wp\/v2\/posts"}],"about":[{"href":"https:\/\/www.ampeco.com\/de\/wp-json\/wp\/v2\/types\/post"}],"author":[{"embeddable":true,"href":"https:\/\/www.ampeco.com\/de\/wp-json\/wp\/v2\/users\/24"}],"replies":[{"embeddable":true,"href":"https:\/\/www.ampeco.com\/de\/wp-json\/wp\/v2\/comments?post=44149"}],"version-history":[{"count":1,"href":"https:\/\/www.ampeco.com\/de\/wp-json\/wp\/v2\/posts\/44149\/revisions"}],"predecessor-version":[{"id":44151,"href":"https:\/\/www.ampeco.com\/de\/wp-json\/wp\/v2\/posts\/44149\/revisions\/44151"}],"wp:featuredmedia":[{"embeddable":true,"href":"https:\/\/www.ampeco.com\/de\/wp-json\/wp\/v2\/media\/25846"}],"wp:attachment":[{"href":"https:\/\/www.ampeco.com\/de\/wp-json\/wp\/v2\/media?parent=44149"}],"wp:term":[{"taxonomy":"category","embeddable":true,"href":"https:\/\/www.ampeco.com\/de\/wp-json\/wp\/v2\/categories?post=44149"},{"taxonomy":"post_tag","embeddable":true,"href":"https:\/\/www.ampeco.com\/de\/wp-json\/wp\/v2\/tags?post=44149"}],"curies":[{"name":"wp","href":"https:\/\/api.w.org\/{rel}","templated":true}]}}