{"id":43999,"date":"2024-05-10T15:26:20","date_gmt":"2024-05-10T15:26:20","guid":{"rendered":"https:\/\/www.ampeco.com\/blog\/how-cpos-bundle-home-charging-with-solar-power\/"},"modified":"2025-04-22T07:16:28","modified_gmt":"2025-04-22T07:16:28","slug":"wie-cpos-heimladen-mit-solarenergie-kombinieren","status":"publish","type":"post","link":"https:\/\/www.ampeco.com\/de\/blog\/wie-cpos-heimladen-mit-solarenergie-kombinieren\/","title":{"rendered":"Von der Sonne zur Steckdose: Wie CPOs das Heimladen mit Solarenergie und AMPECO kombinieren k\u00f6nnen"},"content":{"rendered":"\n<h2 class=\"wp-block-heading\">Die sonnige Zukunft des Ladens von Elektrofahrzeugen<\/h2>\n\n\n\n<p>CPOs im Bereich Heimladen setzen zunehmend auf die Integration von Solarenergie, um den Erwartungen der Verbraucher gerecht zu werden. In diesem Beitrag beleuchten wir die betrieblichen Abl\u00e4ufe und stellen AMPECOs L\u00f6sung f\u00fcr das solare Laden von Elektrofahrzeugen vor \u2013 entwickelt, um CPOs dabei zu unterst\u00fctzen, ihr Angebot zu erweitern, Bestandskunden zus\u00e4tzliche Mehrwerte zu bieten und sich strategisch in einem wachsenden Marktsegment zu positionieren.<\/p>\n\n\n\n<p>Solarenergie befindet sich seit fast zwei Jahrzehnten auf Wachstumskurs und ist zur am schnellsten wachsenden Stromquelle geworden. L\u00e4nder wie Australien, die Niederlande und Deutschland setzen in gro\u00dfem Umfang auf Photovoltaik im Wohnbereich. Dank sinkender Kosten, technologischer Fortschritte und eines weltweiten Engagements f\u00fcr Nachhaltigkeit hat sich Solarenergie fest im Energiemix etabliert.<\/p>\n\n\n\n<h2 class=\"wp-block-heading\">Was ist solares Laden?<\/h2>\n\n\n\n<p>Solares Laden optimiert den Ladevorgang, indem verf\u00fcgbare Solarenergie zum Laden von Elektrofahrzeugen genutzt wird. Nachdem der Energiebedarf des Haushalts gedeckt ist, kann \u00fcbersch\u00fcssige Solarenergie \u2013 auch als PV-\u00dcberschuss bezeichnet \u2013 f\u00fcr das Laden von E-Fahrzeugen verwendet werden. Dies ist kosteng\u00fcnstiger, als die \u00fcbersch\u00fcssige Energie ins Netz einzuspeisen. Im Idealfall erfolgt das Laden vollst\u00e4ndig mit \u00fcbersch\u00fcssiger Solarenergie, wodurch die Abh\u00e4ngigkeit vom Stromnetz verringert wird. Eine Win-win-Situation f\u00fcr Verbraucher und Umwelt.<\/p>\n\n\n\n<h2 class=\"wp-block-heading\">Ein typisches solares Ladesetup im Wohnbereich<\/h2>\n\n\n\n<p>Im Zentrum jedes solaren Ladesetups f\u00fcr Elektrofahrzeuge stehen die Solarpaneele, die Sonnenlicht einfangen und in Strom umwandeln. Wechselrichter spielen dabei eine entscheidende Rolle, indem sie den von den Paneelen erzeugten Gleichstrom in f\u00fcr den Haushalt nutzbaren Wechselstrom umwandeln. Solar-Laderegler steuern und regulieren Schwankungen bei der Energieerzeugung der Solaranlage. Schlie\u00dflich erfasst die CT-Klemme (Stromwandlerklemme), wie viel Energie von den Solarpaneelen ins Netz zur\u00fcckgespeist wird. Diese \u00fcbersch\u00fcssige Solarenergie kann dann zum Laden des Elektrofahrzeugs genutzt werden.<\/p>\n\n\n\n<p>Beim solaren Laden erkennt in der Regel entweder das Ladeger\u00e4t oder die CT-Klemme, wie viel Energie ins Netz zur\u00fcckgespeist wird, und kann \u2013 falls erforderlich \u2013 den vom CPMS angewendeten Ladezeitplan \u00fcberschreiben. Das Ladeger\u00e4t \u201elauscht\u201c gewisserma\u00dfen auf Zeitpunkte, in denen \u00fcbersch\u00fcssige Solarenergie zur Verf\u00fcgung steht, die andernfalls ins Netz eingespeist w\u00fcrde. Dieser dynamische Prozess, bekannt als \u201eExport Matching\u201c, erm\u00f6glicht es dem Ladeger\u00e4t, die gesamte verf\u00fcgbare \u00fcbersch\u00fcssige Energie in Echtzeit zu nutzen, wodurch Netzr\u00fcckspeisungen reduziert oder ganz vermieden werden.<\/p>\n\n\n<style>.wp-block-kadence-spacer.kt-block-spacer-43999_40fd91-dc .kt-block-spacer{height:20px;}.wp-block-kadence-spacer.kt-block-spacer-43999_40fd91-dc .kt-divider{border-top-width:1px;height:1px;border-top-color:#eee;width:80%;border-top-style:solid;}<\/style>\n<div class=\"wp-block-kadence-spacer aligncenter kt-block-spacer-43999_40fd91-dc\"><div class=\"kt-block-spacer kt-block-spacer-halign-center\"><\/div><\/div>\n\n\n\n<figure class=\"wp-block-image aligncenter size-large\"><img loading=\"lazy\" decoding=\"async\" width=\"1024\" height=\"609\" src=\"https:\/\/www.ampeco.com\/content\/uploads\/2024\/05\/ampeco-graph-solar-power-matching-explained-1024x609.png\" alt=\"Abbildung: AMPECO-Grafik zur Erkl\u00e4rung des Solarstrom-Matchings\" class=\"wp-image-34437\" title=\"\" srcset=\"https:\/\/www.ampeco.com\/content\/uploads\/2024\/05\/ampeco-graph-solar-power-matching-explained-1024x609.png 1024w, https:\/\/www.ampeco.com\/content\/uploads\/2024\/05\/ampeco-graph-solar-power-matching-explained-300x178.png 300w, https:\/\/www.ampeco.com\/content\/uploads\/2024\/05\/ampeco-graph-solar-power-matching-explained-768x457.png 768w, https:\/\/www.ampeco.com\/content\/uploads\/2024\/05\/ampeco-graph-solar-power-matching-explained-1536x913.png 1536w, https:\/\/www.ampeco.com\/content\/uploads\/2024\/05\/ampeco-graph-solar-power-matching-explained-96x57.png 96w, https:\/\/www.ampeco.com\/content\/uploads\/2024\/05\/ampeco-graph-solar-power-matching-explained-330x196.png 330w, https:\/\/www.ampeco.com\/content\/uploads\/2024\/05\/ampeco-graph-solar-power-matching-explained-660x392.png 660w, https:\/\/www.ampeco.com\/content\/uploads\/2024\/05\/ampeco-graph-solar-power-matching-explained-512x304.png 512w, https:\/\/www.ampeco.com\/content\/uploads\/2024\/05\/ampeco-graph-solar-power-matching-explained-600x357.png 600w, https:\/\/www.ampeco.com\/content\/uploads\/2024\/05\/ampeco-graph-solar-power-matching-explained-1200x713.png 1200w, https:\/\/www.ampeco.com\/content\/uploads\/2024\/05\/ampeco-graph-solar-power-matching-explained-840x499.png 840w, https:\/\/www.ampeco.com\/content\/uploads\/2024\/05\/ampeco-graph-solar-power-matching-explained-1680x999.png 1680w, https:\/\/www.ampeco.com\/content\/uploads\/2024\/05\/ampeco-graph-solar-power-matching-explained.png 1800w\" sizes=\"auto, (max-width: 1024px) 100vw, 1024px\" \/><\/figure>\n\n\n<style>.wp-block-kadence-spacer.kt-block-spacer-43999_76ddf9-2f .kt-block-spacer{height:20px;}.wp-block-kadence-spacer.kt-block-spacer-43999_76ddf9-2f .kt-divider{border-top-width:1px;height:1px;border-top-color:#eee;width:80%;border-top-style:solid;}<\/style>\n<div class=\"wp-block-kadence-spacer aligncenter kt-block-spacer-43999_76ddf9-2f\"><div class=\"kt-block-spacer kt-block-spacer-halign-center\"><\/div><\/div>\n\n\n\n<h2 class=\"wp-block-heading\">Herausforderungen f\u00fcr CPOs beim solaren Laden<\/h2>\n\n\n\n<p>F\u00fcr das solare Laden von Elektrofahrzeugen gibt es keine Universall\u00f6sung. In der Regel ist eine Koordination zwischen dem Ladeger\u00e4t und zus\u00e4tzlicher Hardware erforderlich \u2013 etwa der CT-Klemme auf der einen Seite und dem CPMS (der Software) auf der anderen.<\/p>\n\n\n\n<p>Das CPMS steuert den Ladevorgang \u00fcber OCPP, doch dieses Protokoll ist nicht f\u00fcr solarbezogene Funktionen ausgelegt. Daher ist zus\u00e4tzlicher Entwicklungsaufwand seitens des Ladeger\u00e4teherstellers und des CPMS-Anbieters erforderlich, um die OCPP-Funktionalit\u00e4ten durch benutzerdefinierte Konfigurationsschl\u00fcssel und Daten\u00fcbertragungsnachrichten \u2013 vergleichbar mit Befehlen \u2013 zu erweitern.<\/p>\n\n\n\n<p>Kundinnen und Kunden haben h\u00e4ufig Schwierigkeiten, eine transparente \u00dcbersicht \u00fcber ihren Energieverbrauch zu erhalten. In der Regel sehen sie lediglich eine Zusammenfassung der Ladesitzung mit Angaben zum insgesamt verbrauchten Strom \u2013 ohne Aufschl\u00fcsselung nach Solar- und Netzstrom. Dieses Problem ergibt sich daraus, dass das System mehrere Hardwarekomponenten neben dem Ladeger\u00e4t erfordert, die oft nicht effektiv miteinander kommunizieren. Dadurch wird eine pr\u00e4zise Nachverfolgung und Berichterstattung der Energiequellen erschwert.<\/p>\n\n\n\n<p>Bei bew\u00f6lktem Himmel oder schlechtem Wetter liefert Solarenergie m\u00f6glicherweise nicht genug Leistung, um ein Ladeger\u00e4t der Stufe 2 vollst\u00e4ndig zu versorgen. EV-Ladeger\u00e4te begegnen diesem Problem mithilfe einer CT-Klemme, die den Energiefluss zwischen dem Haushalt und dem Stromnetz \u00fcberwacht. Wird \u00fcbersch\u00fcssige Solarenergie erkannt, passt das Ladeger\u00e4t die Ladeleistung entsprechend an. Da jedoch sowohl der Stromverbrauch als auch die Solarerzeugung schwanken, passt sich der Energieverbrauch der Ladestation laufend an, um das solare \u00dcberangebot optimal zu nutzen.<\/p>\n\n\n\n<h2 class=\"wp-block-heading\">Erweiterte Funktionen f\u00fcr solares Laden mit AMPECO<\/h2>\n\n\n\n<p>Damit solares Laden von Elektrofahrzeugen effektiv funktioniert, sind zwei Hauptvoraussetzungen erforderlich:<\/p>\n\n\n\n<ul class=\"is-style-list-nds wp-block-list\">\n<li>Das Ladeger\u00e4t muss Konfigurationsschl\u00fcssel f\u00fcr solares Laden unterst\u00fctzen. Da nicht alle Ladeger\u00e4te \u00fcber die gleichen Schl\u00fcssel zur Steuerung der Solarfunktion verf\u00fcgen, kann auf beiden Seiten zus\u00e4tzlicher Entwicklungsaufwand erforderlich sein.<\/li>\n<\/ul>\n\n\n\n<ul class=\"is-style-list-nds wp-block-list\">\n<li>Die elektrische Installation vor Ort muss eine CT-Klemme enthalten, um die verf\u00fcgbare Solarleistung pr\u00e4zise messen zu k\u00f6nnen.<\/li>\n<\/ul>\n\n\n\n<h3 class=\"wp-block-heading\">Optimierte Nutzung von Solarenergie<\/h3>\n\n\n\n<p>AMPECO steuert den Ladevorgang intelligent, um \u00fcbersch\u00fcssige Solarenergie mithilfe smarter Zeitpl\u00e4ne vorrangig zu nutzen. Wenn die Solarproduktion nicht ausreicht, passt die Plattform den Ladeplan automatisch an, um das Fahrzeug nachts \u2013 zu g\u00fcnstigeren Nebenzeiten \u2013 \u00fcber das Stromnetz aufzuladen. So erm\u00f6glicht AMPECO geplante Ladesitzungen, die sich automatisch an die Verf\u00fcgbarkeit von Solarenergie und Netzstromzeiten anpassen.<\/p>\n\n\n\n<h3 class=\"wp-block-heading\">Kreative Ans\u00e4tze zur Nutzung von OCPP f\u00fcr solares Laden<\/h3>\n\n\n\n<p>Die AMPECO-Plattform erm\u00f6glicht und steuert die Solarladefunktion des Ladeger\u00e4ts \u00fcber benutzerdefinierte OCPP-Konfigurationsschl\u00fcssel. Obwohl das OCPP-Protokoll nicht speziell f\u00fcr die Integration von Solarenergie ausgelegt ist, haben wir innovative Wege gefunden, um diese Funktionalit\u00e4t \u00fcber Konfigurationsschl\u00fcssel zu realisieren.<\/p>\n\n\n\n<p>Konfigurationsschl\u00fcssel definieren verschiedene Einstellungen und Parameter, die das Verhalten des Ladeger\u00e4ts w\u00e4hrend einer Ladesitzung steuern. Das OCPP-Protokoll schreibt bestimmte Schl\u00fcssel zwingend vor, die von jedem Ladeger\u00e4t unterst\u00fctzt werden. Dar\u00fcber hinaus kann jeder Hersteller zus\u00e4tzliche Schl\u00fcssel einf\u00fchren, um weitere Aspekte des Ladeverhaltens zu steuern. F\u00fcr das Management von Solarenergie st\u00fctzt sich AMPECO auf drei zentrale Schl\u00fcssel:<\/p>\n\n\n\n<p><strong>SolarMode:<\/strong> Aktiviert oder deaktiviert die Solarladefunktion und erm\u00f6glicht dem Ladeger\u00e4t, den Zeitplan zu \u00fcberschreiben, sobald \u00fcbersch\u00fcssige Solarenergie erkannt wird.<\/p>\n\n\n\n<p><strong>SolarCurrentFromGrid:<\/strong> Maximiert die Nutzung der verf\u00fcgbaren \u00fcbersch\u00fcssigen Solarenergie und stellt gleichzeitig sicher, dass das Fahrzeug ausreichend Ladestrom erh\u00e4lt. Dies wird erreicht, indem w\u00e4hrend des Solarladens ein maximaler Stromwert aus dem Netz festgelegt wird.<\/p>\n\n\n\n<p><strong>SolarStableTime:<\/strong> Weist das Ladeger\u00e4t an, nach einem R\u00fcckgang der verf\u00fcgbaren Solarenergie f\u00fcr eine bestimmte Zeit weiterhin \u00fcber das Stromnetz zu laden. Dadurch werden h\u00e4ufige Start-Stopp-Ladezyklen vermieden, die der Batteriegesundheit des Fahrzeugs schaden k\u00f6nnten.<\/p>\n\n\n<style>.wp-block-kadence-spacer.kt-block-spacer-43999_f79e26-98 .kt-block-spacer{height:30px;}.wp-block-kadence-spacer.kt-block-spacer-43999_f79e26-98 .kt-divider{border-top-width:1px;height:1px;border-top-color:#eee;width:80%;border-top-style:solid;}<\/style>\n<div class=\"wp-block-kadence-spacer aligncenter kt-block-spacer-43999_f79e26-98\"><div class=\"kt-block-spacer kt-block-spacer-halign-center\"><\/div><\/div>\n\n\n\n<h3 class=\"wp-block-heading\">Einfache Steuerung des Solarladens mit unserer White-Label-App<\/h3>\n\n\n<style>.wp-block-kadence-spacer.kt-block-spacer-43999_c02d89-bf .kt-block-spacer{height:30px;}.wp-block-kadence-spacer.kt-block-spacer-43999_c02d89-bf .kt-divider{border-top-width:1px;height:1px;border-top-color:#eee;width:80%;border-top-style:solid;}<\/style>\n<div class=\"wp-block-kadence-spacer aligncenter kt-block-spacer-43999_c02d89-bf\"><div class=\"kt-block-spacer kt-block-spacer-halign-center\"><\/div><\/div>\n\n\n\n<div style=\"border-radius:var(--spacing-4xl, 32px);overflow:hidden;\" class=\"wp-block-group is-layout-constrained wp-block-group-is-layout-constrained\">\n<div class=\"wp-block-columns is-layout-flex wp-container-core-columns-is-layout-28f84493 wp-block-columns-is-layout-flex\">\n<div class=\"wp-block-column is-layout-flow wp-block-column-is-layout-flow\">\n<figure class=\"wp-block-image size-large\"><img loading=\"lazy\" decoding=\"async\" width=\"570\" height=\"1024\" src=\"https:\/\/www.ampeco.com\/content\/uploads\/2024\/05\/ampeco-app-mockup-smart-charging-solar-570x1024.png\" alt=\"AMPECO App-Mockup: Smart Charging \u2013 Solar\" class=\"wp-image-34427\" title=\"\" srcset=\"https:\/\/www.ampeco.com\/content\/uploads\/2024\/05\/ampeco-app-mockup-smart-charging-solar-570x1024.png 570w, https:\/\/www.ampeco.com\/content\/uploads\/2024\/05\/ampeco-app-mockup-smart-charging-solar-167x300.png 167w, https:\/\/www.ampeco.com\/content\/uploads\/2024\/05\/ampeco-app-mockup-smart-charging-solar-96x172.png 96w, https:\/\/www.ampeco.com\/content\/uploads\/2024\/05\/ampeco-app-mockup-smart-charging-solar-330x592.png 330w, https:\/\/www.ampeco.com\/content\/uploads\/2024\/05\/ampeco-app-mockup-smart-charging-solar-512x919.png 512w, https:\/\/www.ampeco.com\/content\/uploads\/2024\/05\/ampeco-app-mockup-smart-charging-solar-600x1077.png 600w, https:\/\/www.ampeco.com\/content\/uploads\/2024\/05\/ampeco-app-mockup-smart-charging-solar.png 654w\" sizes=\"auto, (max-width: 570px) 100vw, 570px\" \/><\/figure>\n<\/div>\n\n\n\n<div class=\"wp-block-column is-vertically-aligned-center is-layout-flow wp-block-column-is-layout-flow\">\n<p>Im Modus \u201eSolar\u201c legt die AMPECO-Plattform einen Ladezeitplan mit einem Grenzwert von 0 fest, was bedeutet, dass das Ladeger\u00e4t standardm\u00e4\u00dfig keinen Ladevorgang startet. Stattdessen wartet es darauf, \u00fcbersch\u00fcssige Solarenergie zu erkennen, und l\u00e4dt das Fahrzeug nur dann \u2013 und ausschlie\u00dflich mit diesem \u00dcberschuss.<\/p>\n<\/div>\n<\/div>\n<\/div>\n\n\n\n<div style=\"border-radius:var(--spacing-4xl, 32px);overflow:hidden;\" class=\"wp-block-group is-layout-constrained wp-block-group-is-layout-constrained\">\n<div class=\"wp-block-columns is-layout-flex wp-container-core-columns-is-layout-28f84493 wp-block-columns-is-layout-flex\">\n<div class=\"wp-block-column is-vertically-aligned-center is-layout-flow wp-block-column-is-layout-flow\">\n<p>Bei anderen Smart-Charging-Modi wie \u201eZeitgesteuert\u201c wird bei aktivierter Option \u201e\u00dcbersch\u00fcssige Solarenergie nutzen\u201c der gew\u00e4hlte Zeitplan wie gewohnt angewendet. Erkennt das System jedoch \u00fcbersch\u00fcssige Solarenergie, \u00fcberschreibt das Ladeger\u00e4t den Zeitplan und l\u00e4dt auch au\u00dferhalb der festgelegten Zeiten.<\/p>\n<\/div>\n\n\n\n<div class=\"wp-block-column is-layout-flow wp-block-column-is-layout-flow\">\n<figure class=\"wp-block-image size-large\"><img loading=\"lazy\" decoding=\"async\" width=\"570\" height=\"1024\" src=\"https:\/\/www.ampeco.com\/content\/uploads\/2024\/05\/ampeco-app-mockup-smart-charging-scheduled-570x1024.png\" alt=\"AMPECO App-Mockup: Smart Charging \u2013 Zeitgesteuert\" class=\"wp-image-34422\" title=\"\" srcset=\"https:\/\/www.ampeco.com\/content\/uploads\/2024\/05\/ampeco-app-mockup-smart-charging-scheduled-570x1024.png 570w, https:\/\/www.ampeco.com\/content\/uploads\/2024\/05\/ampeco-app-mockup-smart-charging-scheduled-167x300.png 167w, https:\/\/www.ampeco.com\/content\/uploads\/2024\/05\/ampeco-app-mockup-smart-charging-scheduled-96x172.png 96w, https:\/\/www.ampeco.com\/content\/uploads\/2024\/05\/ampeco-app-mockup-smart-charging-scheduled-330x592.png 330w, https:\/\/www.ampeco.com\/content\/uploads\/2024\/05\/ampeco-app-mockup-smart-charging-scheduled-512x919.png 512w, https:\/\/www.ampeco.com\/content\/uploads\/2024\/05\/ampeco-app-mockup-smart-charging-scheduled-600x1077.png 600w, https:\/\/www.ampeco.com\/content\/uploads\/2024\/05\/ampeco-app-mockup-smart-charging-scheduled.png 654w\" sizes=\"auto, (max-width: 570px) 100vw, 570px\" \/><\/figure>\n<\/div>\n<\/div>\n<\/div>\n\n\n\n<div style=\"border-radius:var(--spacing-4xl, 32px);overflow:hidden;\" class=\"wp-block-group is-layout-constrained wp-block-group-is-layout-constrained\">\n<div class=\"wp-block-columns is-layout-flex wp-container-core-columns-is-layout-28f84493 wp-block-columns-is-layout-flex\">\n<div class=\"wp-block-column is-layout-flow wp-block-column-is-layout-flow\">\n<figure class=\"wp-block-image size-large\"><img loading=\"lazy\" decoding=\"async\" width=\"570\" height=\"1024\" src=\"https:\/\/www.ampeco.com\/content\/uploads\/2024\/05\/ampeco-app-mockup-solar-charging-graph-570x1024.png\" alt=\"AMPECO App-Mockup: Solarladekurve\" class=\"wp-image-34432\" title=\"\" srcset=\"https:\/\/www.ampeco.com\/content\/uploads\/2024\/05\/ampeco-app-mockup-solar-charging-graph-570x1024.png 570w, https:\/\/www.ampeco.com\/content\/uploads\/2024\/05\/ampeco-app-mockup-solar-charging-graph-167x300.png 167w, https:\/\/www.ampeco.com\/content\/uploads\/2024\/05\/ampeco-app-mockup-solar-charging-graph-96x172.png 96w, https:\/\/www.ampeco.com\/content\/uploads\/2024\/05\/ampeco-app-mockup-solar-charging-graph-330x592.png 330w, https:\/\/www.ampeco.com\/content\/uploads\/2024\/05\/ampeco-app-mockup-solar-charging-graph-512x919.png 512w, https:\/\/www.ampeco.com\/content\/uploads\/2024\/05\/ampeco-app-mockup-solar-charging-graph-600x1077.png 600w, https:\/\/www.ampeco.com\/content\/uploads\/2024\/05\/ampeco-app-mockup-solar-charging-graph.png 654w\" sizes=\"auto, (max-width: 570px) 100vw, 570px\" \/><\/figure>\n<\/div>\n\n\n\n<div class=\"wp-block-column is-vertically-aligned-center is-layout-flow wp-block-column-is-layout-flow\">\n<p>Im \u201eSolar\u201c-Modus erfolgt der Ladevorgang ausschlie\u00dflich bei Verf\u00fcgbarkeit \u00fcbersch\u00fcssiger Solarenergie \u2013 f\u00fcr eine besonders effiziente Nutzung. Bei anderen Smart-Charging-Modi zeigt die App etwaige Zeitplan-\u00dcberschreibungen grafisch in Gelb auf der Ladekurve an, sodass Nutzer stets informiert bleiben.<\/p>\n<\/div>\n<\/div>\n<\/div>\n\n\n\n<div style=\"border-radius:var(--spacing-4xl, 32px);overflow:hidden;\" class=\"wp-block-group is-layout-constrained wp-block-group-is-layout-constrained\">\n<div class=\"wp-block-columns is-layout-flex wp-container-core-columns-is-layout-28f84493 wp-block-columns-is-layout-flex\">\n<div class=\"wp-block-column is-vertically-aligned-center is-layout-flow wp-block-column-is-layout-flow\">\n<p>Wir arbeiten derzeit an einer Verbesserung der Nutzererfahrung, indem wir eine pr\u00e4zise Aufschl\u00fcsselung zwischen Solar- und Netzstrom innerhalb einer einzelnen Ladesitzung erm\u00f6glichen. Diese Funktion befindet sich aktuell in der Entwicklung und wird Nutzerinnen und Nutzern transparente Einblicke in ihren Energieverbrauch bieten \u2013 f\u00fcr ein noch besseres Ladeerlebnis.<\/p>\n<\/div>\n\n\n\n<div class=\"wp-block-column is-layout-flow wp-block-column-is-layout-flow\">\n<figure class=\"wp-block-image size-large\"><img loading=\"lazy\" decoding=\"async\" width=\"570\" height=\"1024\" src=\"https:\/\/www.ampeco.com\/content\/uploads\/2024\/05\/ampeco-app-mockup-consumed-energy-split-570x1024.png\" alt=\"AMPECO App-Mockup: Aufschl\u00fcsselung des Energieverbrauchs\" class=\"wp-image-34417\" title=\"\" srcset=\"https:\/\/www.ampeco.com\/content\/uploads\/2024\/05\/ampeco-app-mockup-consumed-energy-split-570x1024.png 570w, https:\/\/www.ampeco.com\/content\/uploads\/2024\/05\/ampeco-app-mockup-consumed-energy-split-167x300.png 167w, https:\/\/www.ampeco.com\/content\/uploads\/2024\/05\/ampeco-app-mockup-consumed-energy-split-96x172.png 96w, https:\/\/www.ampeco.com\/content\/uploads\/2024\/05\/ampeco-app-mockup-consumed-energy-split-330x592.png 330w, https:\/\/www.ampeco.com\/content\/uploads\/2024\/05\/ampeco-app-mockup-consumed-energy-split-512x919.png 512w, https:\/\/www.ampeco.com\/content\/uploads\/2024\/05\/ampeco-app-mockup-consumed-energy-split-600x1077.png 600w, https:\/\/www.ampeco.com\/content\/uploads\/2024\/05\/ampeco-app-mockup-consumed-energy-split.png 654w\" sizes=\"auto, (max-width: 570px) 100vw, 570px\" \/><\/figure>\n<\/div>\n<\/div>\n<\/div>\n\n\n<style>.wp-block-kadence-spacer.kt-block-spacer-43999_accaca-8a .kt-block-spacer{height:30px;}.wp-block-kadence-spacer.kt-block-spacer-43999_accaca-8a .kt-divider{border-top-width:1px;height:1px;border-top-color:#eee;width:80%;border-top-style:solid;}<\/style>\n<div class=\"wp-block-kadence-spacer aligncenter kt-block-spacer-43999_accaca-8a\"><div class=\"kt-block-spacer kt-block-spacer-halign-center\"><\/div><\/div>\n\n\n\n<h3 class=\"wp-block-heading\">Innovative Funktionen zur Integration von Solarenergie<\/h3>\n\n\n\n<p>AMPECO kann sich mit Solarwechselrichtern verbinden und deren APIs nutzen, um auf Daten zur Solarstromerzeugung zuzugreifen. Diese Daten werden nicht nur f\u00fcr den Ladevorgang verwendet \u2013 wir nutzen sie auch, um innovative Funktionen zu entwickeln, die gezielt auf diesen Anwendungsfall zugeschnitten sind.<\/p>\n\n\n\n<h2 class=\"wp-block-heading\">Der Weg zu solarbetriebenen Elektrofahrzeugen<\/h2>\n\n\n\n<p>AMPECO bietet praxisnahe Solarladel\u00f6sungen f\u00fcr zukunftsorientierte CPOs, die eine Integration von Solarenergie mit effizienter Sitzungssteuerung und aussagekr\u00e4ftigen Verbrauchsdaten anstreben. Unsere Plattform begegnet den Herausforderungen direkt und erm\u00f6glicht eine nahtlose Einbindung von Solarstrom in den Ladevorgang. Mit AMPECO k\u00f6nnen CPOs ihr Angebot erweitern, Bestandskunden gezielt zus\u00e4tzliche Mehrwerte bieten und sich strategisch in diesem wachsenden Markt positionieren.<\/p>\n\n\n\n<div style=\"border-radius:var(--spacing-4xl, 32px);overflow:hidden;\" class=\"wp-block-group is-style-tilted-green-bg-inverse is-layout-constrained wp-block-group-is-layout-constrained\">\n<p class=\"has-text-align-center\">Bereit, das Potenzial des Solarladens zu entfalten? Vereinbaren Sie noch heute eine Demo und sprechen Sie mit einem unserer Expertinnen und Experten f\u00fcr das Laden von Elektrofahrzeugen.<\/p>\n\n\n\n<div class=\"wp-block-buttons is-horizontal is-content-justification-center is-layout-flex wp-container-core-buttons-is-layout-03627597 wp-block-buttons-is-layout-flex\">\n<div class=\"wp-block-button is-style-negative-nds\"><a class=\"wp-block-button__link wp-element-button\" href=\"https:\/\/www.ampeco.com\/de\/demo\/\">Demo buchen<\/a><\/div>\n<\/div>\n<\/div>\n\n\n\n<p><\/p>\n","protected":false},"excerpt":{"rendered":"<p>Die sonnige Zukunft des Ladens von Elektrofahrzeugen CPOs im Bereich Heimladen setzen zunehmend auf die Integration von Solarenergie, um den Erwartungen der Verbraucher gerecht zu werden. In diesem Beitrag beleuchten wir die [&hellip;]<\/p>\n","protected":false},"author":24,"featured_media":34616,"comment_status":"open","ping_status":"open","sticky":false,"template":"","format":"standard","meta":{"_acf_changed":false,"inline_featured_image":false,"footnotes":""},"categories":[567],"tags":[571,593,594],"class_list":["post-43999","post","type-post","status-publish","format-standard","has-post-thumbnail","hentry","category-produkt-highlights","tag-ev-charging-de","tag-renewable-energy-de","tag-solar-ev-charging-de"],"acf":[],"_links":{"self":[{"href":"https:\/\/www.ampeco.com\/de\/wp-json\/wp\/v2\/posts\/43999","targetHints":{"allow":["GET"]}}],"collection":[{"href":"https:\/\/www.ampeco.com\/de\/wp-json\/wp\/v2\/posts"}],"about":[{"href":"https:\/\/www.ampeco.com\/de\/wp-json\/wp\/v2\/types\/post"}],"author":[{"embeddable":true,"href":"https:\/\/www.ampeco.com\/de\/wp-json\/wp\/v2\/users\/24"}],"replies":[{"embeddable":true,"href":"https:\/\/www.ampeco.com\/de\/wp-json\/wp\/v2\/comments?post=43999"}],"version-history":[{"count":2,"href":"https:\/\/www.ampeco.com\/de\/wp-json\/wp\/v2\/posts\/43999\/revisions"}],"predecessor-version":[{"id":44003,"href":"https:\/\/www.ampeco.com\/de\/wp-json\/wp\/v2\/posts\/43999\/revisions\/44003"}],"wp:featuredmedia":[{"embeddable":true,"href":"https:\/\/www.ampeco.com\/de\/wp-json\/wp\/v2\/media\/34616"}],"wp:attachment":[{"href":"https:\/\/www.ampeco.com\/de\/wp-json\/wp\/v2\/media?parent=43999"}],"wp:term":[{"taxonomy":"category","embeddable":true,"href":"https:\/\/www.ampeco.com\/de\/wp-json\/wp\/v2\/categories?post=43999"},{"taxonomy":"post_tag","embeddable":true,"href":"https:\/\/www.ampeco.com\/de\/wp-json\/wp\/v2\/tags?post=43999"}],"curies":[{"name":"wp","href":"https:\/\/api.w.org\/{rel}","templated":true}]}}