{"id":43994,"date":"2024-06-07T07:46:23","date_gmt":"2024-06-07T07:46:23","guid":{"rendered":"https:\/\/www.ampeco.com\/blog\/solving-multi-market-ev-charging-tax-challenges\/"},"modified":"2025-04-22T06:48:38","modified_gmt":"2025-04-22T06:48:38","slug":"bewaltigung-steuerlicher-herausforderungen-bei-ev-ladevorgangen-in-mehreren-markten","status":"publish","type":"post","link":"https:\/\/www.ampeco.com\/de\/blog\/bewaltigung-steuerlicher-herausforderungen-bei-ev-ladevorgangen-in-mehreren-markten\/","title":{"rendered":"Bew\u00e4ltigung steuerlicher Herausforderungen im Bereich der EV-Ladeinfrastruktur: So managen Sie Steuern in mehreren M\u00e4rkten"},"content":{"rendered":"\n<p>Die Steuerverwaltung in Ihrem EV-Ladegesch\u00e4ft klingt vielleicht nicht so spannend wie neue Technologien wie V2G, ist aber ebenso grundlegend wie OCPP.<\/p>\n\n\n\n<p>Die meisten Betreiber gro\u00df angelegter EV-Ladenetzwerke meiden Steuerthemen lieber und verlassen sich darauf, dass ihre CPMS-Anbieter oder Buchhaltungssoftware diesen Bereich abdecken. Dieser Blogbeitrag richtet sich an die Finanz- und Rechtsexperten von Unternehmen, die sich dem Thema nicht entziehen k\u00f6nnen und zahlreiche steuerliche Herausforderungen sowie spezifische Anwendungsf\u00e4lle l\u00f6sen m\u00fcssen, die mit der Expansion des Gesch\u00e4fts in verschiedene M\u00e4rkte einhergehen.<\/p>\n\n\n\n<p>Die integrierte Funktionalit\u00e4t von AMPECO vereinfacht das Steuer\u00admanagement, sodass Sie sich auf das Wachstum Ihres Unternehmens konzentrieren k\u00f6nnen \u2013 anstatt sich durch komplexe regionale Steuergesetze zu k\u00e4mpfen.<\/p>\n\n\n\n<h2 class=\"wp-block-heading\">Die AMPECO-L\u00f6sung<\/h2>\n\n\n\n<p>Unser Ziel bei AMPECO ist es, Ihnen au\u00dfergew\u00f6hnliche Flexibilit\u00e4t zu bieten, um unterschiedliche Anwendungsf\u00e4lle in verschiedenen Rechtsr\u00e4umen abzudecken. Dies erreichen wir, indem wir es erm\u00f6glichen, unterschiedliche Umsatzsteuers\u00e4tze auf einzelne Tarifkomponenten anzuwenden. Bei den meisten EV-Lade\u00admanagement\u00adplattformen wird die Steuer auf den Gesamtbetrag der Ladesitzung erhoben. Bei AMPECO hingegen kann zum Beispiel der f\u00fcr das Laden verbrauchte Strom mit einem Steuersatz belegt werden, w\u00e4hrend die Leerlaufgeb\u00fchr, die als Parkdienstleistung gilt, separat besteuert werden kann.<\/p>\n\n\n<style>.wp-block-kadence-spacer.kt-block-spacer-43994_015a83-53 .kt-block-spacer{height:20px;}.wp-block-kadence-spacer.kt-block-spacer-43994_015a83-53 .kt-divider{border-top-width:1px;height:1px;border-top-color:#eee;width:80%;border-top-style:solid;}<\/style>\n<div class=\"wp-block-kadence-spacer aligncenter kt-block-spacer-43994_015a83-53\"><div class=\"kt-block-spacer kt-block-spacer-halign-center\"><\/div><\/div>\n\n\n\n<figure class=\"wp-block-image aligncenter size-large\"><img loading=\"lazy\" decoding=\"async\" width=\"1024\" height=\"527\" src=\"https:\/\/www.ampeco.com\/content\/uploads\/2024\/06\/AMPECO-table-set-different-tax-rate-each-ev-charging-pricing-component-1024x527.png\" alt=\"AMPECO-Tabelle zur Festlegung unterschiedlicher Steuers\u00e4tze je EV-Ladepreiskomponente\" class=\"wp-image-34892\" title=\"\" srcset=\"https:\/\/www.ampeco.com\/content\/uploads\/2024\/06\/AMPECO-table-set-different-tax-rate-each-ev-charging-pricing-component-1024x527.png 1024w, https:\/\/www.ampeco.com\/content\/uploads\/2024\/06\/AMPECO-table-set-different-tax-rate-each-ev-charging-pricing-component-300x154.png 300w, https:\/\/www.ampeco.com\/content\/uploads\/2024\/06\/AMPECO-table-set-different-tax-rate-each-ev-charging-pricing-component-768x395.png 768w, https:\/\/www.ampeco.com\/content\/uploads\/2024\/06\/AMPECO-table-set-different-tax-rate-each-ev-charging-pricing-component-1536x790.png 1536w, https:\/\/www.ampeco.com\/content\/uploads\/2024\/06\/AMPECO-table-set-different-tax-rate-each-ev-charging-pricing-component-96x49.png 96w, https:\/\/www.ampeco.com\/content\/uploads\/2024\/06\/AMPECO-table-set-different-tax-rate-each-ev-charging-pricing-component-330x170.png 330w, https:\/\/www.ampeco.com\/content\/uploads\/2024\/06\/AMPECO-table-set-different-tax-rate-each-ev-charging-pricing-component-660x340.png 660w, https:\/\/www.ampeco.com\/content\/uploads\/2024\/06\/AMPECO-table-set-different-tax-rate-each-ev-charging-pricing-component-512x263.png 512w, https:\/\/www.ampeco.com\/content\/uploads\/2024\/06\/AMPECO-table-set-different-tax-rate-each-ev-charging-pricing-component-600x309.png 600w, https:\/\/www.ampeco.com\/content\/uploads\/2024\/06\/AMPECO-table-set-different-tax-rate-each-ev-charging-pricing-component-1200x617.png 1200w, https:\/\/www.ampeco.com\/content\/uploads\/2024\/06\/AMPECO-table-set-different-tax-rate-each-ev-charging-pricing-component-840x432.png 840w, https:\/\/www.ampeco.com\/content\/uploads\/2024\/06\/AMPECO-table-set-different-tax-rate-each-ev-charging-pricing-component-1680x864.png 1680w, https:\/\/www.ampeco.com\/content\/uploads\/2024\/06\/AMPECO-table-set-different-tax-rate-each-ev-charging-pricing-component.png 1800w\" sizes=\"auto, (max-width: 1024px) 100vw, 1024px\" \/><\/figure>\n\n\n<style>.wp-block-kadence-spacer.kt-block-spacer-43994_49aafb-28 .kt-block-spacer{height:20px;}.wp-block-kadence-spacer.kt-block-spacer-43994_49aafb-28 .kt-divider{border-top-width:1px;height:1px;border-top-color:#eee;width:80%;border-top-style:solid;}<\/style>\n<div class=\"wp-block-kadence-spacer aligncenter kt-block-spacer-43994_49aafb-28\"><div class=\"kt-block-spacer kt-block-spacer-halign-center\"><\/div><\/div>\n\n\n\n<h3 class=\"wp-block-heading\">Hauptfunktionen<\/h3>\n\n\n\n<p><strong>Unterschiedliche Umsatzsteuers\u00e4tze je Standort:<\/strong> Sie k\u00f6nnen f\u00fcr jeden Standort, an dem Sie t\u00e4tig sind, spezifische Steuers\u00e4tze festlegen. Wenn Sie beispielsweise Ladeger\u00e4te in mehreren L\u00e4ndern oder Regionen betreiben, k\u00f6nnen Sie f\u00fcr jedes Gebiet unterschiedliche Steuers\u00e4tze anwenden und so die Einhaltung der lokalen Steuervorschriften sicherstellen.<\/p>\n\n\n\n<p><strong>Steuerausnahmen nach Bundesland, Region oder Postleitzahl: <\/strong>Sie k\u00f6nnen Steuerausnahmen f\u00fcr bestimmte Gebiete festlegen. Grenzregionen wie Norditalien oder Nord\u00f6sterreich haben beispielsweise h\u00e4ufig andere Umsatzsteuers\u00e4tze als der Rest des Landes. Dieser Ansatz ber\u00fccksichtigt die besonderen steuerlichen Regelungen f\u00fcr Einwohner und Berufst\u00e4tige in diesen Regionen.<\/p>\n\n\n\n<p><strong>Steuerregeln pro Betreiber: <\/strong>AMPECO erm\u00f6glicht es Kunden, mehrere Betreiber\u00adeinheiten einzurichten, von denen jede eine eigene juristische Person darstellt, die die Gesch\u00e4fte in einem bestimmten Land f\u00fchrt. Diese Struktur erlaubt es jeder Einheit, ein eigenes Set an Steuerregeln zu definieren \u2013 f\u00fcr maximale Flexibilit\u00e4t und Pr\u00e4zision im Steuer\u00admanagement.<\/p>\n\n\n\n<p><strong>Nahtlose Integration mit Buchhaltungssoftware:<\/strong> Unsere Plattform unterst\u00fctzt die Felder \u201eSteuercode\u201c und \u201eSteuerkategorie\u201c, die den vom Betreiber verwendeten Begriffen zugeordnet werden k\u00f6nnen. Dadurch l\u00e4sst sich die Plattform problemlos in externe Buchhaltungssoftware integrieren \u2013 f\u00fcr exakte und kompatible Steuerdatenexporte.<\/p>\n\n\n\n<p><strong>Detaillierte Sitzungsbelege: <\/strong>Jeder AMPECO-Beleg enth\u00e4lt eine klare Aufschl\u00fcsselung der einzelnen Tarifkomponenten sowie der darauf angewendeten Steuern \u2013 f\u00fcr maximale Transparenz und ein besseres Verst\u00e4ndnis.<\/p>\n\n\n<style>.wp-block-kadence-spacer.kt-block-spacer-43994_21a3a1-52 .kt-block-spacer{height:20px;}.wp-block-kadence-spacer.kt-block-spacer-43994_21a3a1-52 .kt-divider{border-top-width:1px;height:1px;border-top-color:#eee;width:80%;border-top-style:solid;}<\/style>\n<div class=\"wp-block-kadence-spacer aligncenter kt-block-spacer-43994_21a3a1-52\"><div class=\"kt-block-spacer kt-block-spacer-halign-center\"><\/div><\/div>\n\n\n\n<figure class=\"wp-block-image aligncenter size-large\"><img loading=\"lazy\" decoding=\"async\" width=\"1024\" height=\"640\" src=\"https:\/\/www.ampeco.com\/content\/uploads\/2024\/06\/ampeco-table-comparison-key-EV-charging-standards-global-markets-1024x640.png\" alt=\"AMPECO-Tabelle zum Vergleich zentraler EV-Ladestandards in globalen M\u00e4rkten\" class=\"wp-image-34882\" title=\"\" srcset=\"https:\/\/www.ampeco.com\/content\/uploads\/2024\/06\/ampeco-table-comparison-key-EV-charging-standards-global-markets-1024x640.png 1024w, https:\/\/www.ampeco.com\/content\/uploads\/2024\/06\/ampeco-table-comparison-key-EV-charging-standards-global-markets-300x188.png 300w, https:\/\/www.ampeco.com\/content\/uploads\/2024\/06\/ampeco-table-comparison-key-EV-charging-standards-global-markets-768x480.png 768w, https:\/\/www.ampeco.com\/content\/uploads\/2024\/06\/ampeco-table-comparison-key-EV-charging-standards-global-markets-1536x960.png 1536w, https:\/\/www.ampeco.com\/content\/uploads\/2024\/06\/ampeco-table-comparison-key-EV-charging-standards-global-markets-96x60.png 96w, https:\/\/www.ampeco.com\/content\/uploads\/2024\/06\/ampeco-table-comparison-key-EV-charging-standards-global-markets-330x206.png 330w, https:\/\/www.ampeco.com\/content\/uploads\/2024\/06\/ampeco-table-comparison-key-EV-charging-standards-global-markets-660x413.png 660w, https:\/\/www.ampeco.com\/content\/uploads\/2024\/06\/ampeco-table-comparison-key-EV-charging-standards-global-markets-512x320.png 512w, https:\/\/www.ampeco.com\/content\/uploads\/2024\/06\/ampeco-table-comparison-key-EV-charging-standards-global-markets-600x375.png 600w, https:\/\/www.ampeco.com\/content\/uploads\/2024\/06\/ampeco-table-comparison-key-EV-charging-standards-global-markets-1200x750.png 1200w, https:\/\/www.ampeco.com\/content\/uploads\/2024\/06\/ampeco-table-comparison-key-EV-charging-standards-global-markets-840x525.png 840w, https:\/\/www.ampeco.com\/content\/uploads\/2024\/06\/ampeco-table-comparison-key-EV-charging-standards-global-markets-1680x1050.png 1680w, https:\/\/www.ampeco.com\/content\/uploads\/2024\/06\/ampeco-table-comparison-key-EV-charging-standards-global-markets.png 1800w\" sizes=\"auto, (max-width: 1024px) 100vw, 1024px\" \/><\/figure>\n\n\n<style>.wp-block-kadence-spacer.kt-block-spacer-43994_8ead21-f7 .kt-block-spacer{height:20px;}.wp-block-kadence-spacer.kt-block-spacer-43994_8ead21-f7 .kt-divider{border-top-width:1px;height:1px;border-top-color:#eee;width:80%;border-top-style:solid;}<\/style>\n<div class=\"wp-block-kadence-spacer aligncenter kt-block-spacer-43994_8ead21-f7\"><div class=\"kt-block-spacer kt-block-spacer-halign-center\"><\/div><\/div>\n\n\n\n<p>B2B-Partnerabrechnung: Die <a href=\"https:\/\/www.ampeco.com\/blog\/b2b-partner-and-site-host-management-part-one\/\" data-type=\"link\" data-id=\"https:\/\/www.ampeco.com\/blog\/b2b-partner-and-site-host-management-part-one\/\">B2B-Partner<\/a> eines Betreibers k\u00f6nnen Quittungen und Rechnungen in ihrem eigenen Namen ausstellen und dabei die gleichen Steuerregeln wie der Betreiber anwenden. Diese Funktion kann bei Verhandlungen mit wichtigen Standorten oder Kunden von Vorteil sein. Unterschiedliche Steuerregeln f\u00fcr B2B-Kunden in verschiedenen Rechtsr\u00e4umen werden in K\u00fcrze verf\u00fcgbar sein.<\/p>\n\n\n\n<h2 class=\"wp-block-heading\">So funktioniert es<\/h2>\n\n\n\n<p>Das AMPECO-Backend verf\u00fcgt \u00fcber ein eigenes Men\u00fc zur Verwaltung aller Steuerregeln pro Betreiber. Sie k\u00f6nnen zwischen zwei Steuer\u00admodi w\u00e4hlen: dem \u201eGenerischen Modus\u201c, bei dem die Preise bereits Steuern enthalten und als Endpreise angezeigt werden, und dem \u201eUS-Steuermodus\u201c, bei dem die Preise netto eingegeben und die Steuern separat hinzugerechnet werden.<\/p>\n\n\n<style>.wp-block-kadence-spacer.kt-block-spacer-43994_1f8c48-a1 .kt-block-spacer{height:20px;}.wp-block-kadence-spacer.kt-block-spacer-43994_1f8c48-a1 .kt-divider{border-top-width:1px;height:1px;border-top-color:#eee;width:80%;border-top-style:solid;}<\/style>\n<div class=\"wp-block-kadence-spacer aligncenter kt-block-spacer-43994_1f8c48-a1\"><div class=\"kt-block-spacer kt-block-spacer-halign-center\"><\/div><\/div>\n\n\n\n<figure class=\"wp-block-image aligncenter size-large\"><img loading=\"lazy\" decoding=\"async\" width=\"1024\" height=\"426\" src=\"https:\/\/www.ampeco.com\/content\/uploads\/2024\/06\/AMPECO-table-generic-tax-mode-vs-us-tax-mode-1024x426.png\" alt=\"AMPECO-Tabelle: Generischer Steuermodus vs. US-Steuermodus\" class=\"wp-image-34887\" title=\"\" srcset=\"https:\/\/www.ampeco.com\/content\/uploads\/2024\/06\/AMPECO-table-generic-tax-mode-vs-us-tax-mode-1024x426.png 1024w, https:\/\/www.ampeco.com\/content\/uploads\/2024\/06\/AMPECO-table-generic-tax-mode-vs-us-tax-mode-300x125.png 300w, https:\/\/www.ampeco.com\/content\/uploads\/2024\/06\/AMPECO-table-generic-tax-mode-vs-us-tax-mode-768x320.png 768w, https:\/\/www.ampeco.com\/content\/uploads\/2024\/06\/AMPECO-table-generic-tax-mode-vs-us-tax-mode-1536x639.png 1536w, https:\/\/www.ampeco.com\/content\/uploads\/2024\/06\/AMPECO-table-generic-tax-mode-vs-us-tax-mode-96x40.png 96w, https:\/\/www.ampeco.com\/content\/uploads\/2024\/06\/AMPECO-table-generic-tax-mode-vs-us-tax-mode-330x137.png 330w, https:\/\/www.ampeco.com\/content\/uploads\/2024\/06\/AMPECO-table-generic-tax-mode-vs-us-tax-mode-660x275.png 660w, https:\/\/www.ampeco.com\/content\/uploads\/2024\/06\/AMPECO-table-generic-tax-mode-vs-us-tax-mode-512x213.png 512w, https:\/\/www.ampeco.com\/content\/uploads\/2024\/06\/AMPECO-table-generic-tax-mode-vs-us-tax-mode-600x250.png 600w, https:\/\/www.ampeco.com\/content\/uploads\/2024\/06\/AMPECO-table-generic-tax-mode-vs-us-tax-mode-1200x499.png 1200w, https:\/\/www.ampeco.com\/content\/uploads\/2024\/06\/AMPECO-table-generic-tax-mode-vs-us-tax-mode-840x350.png 840w, https:\/\/www.ampeco.com\/content\/uploads\/2024\/06\/AMPECO-table-generic-tax-mode-vs-us-tax-mode-1680x699.png 1680w, https:\/\/www.ampeco.com\/content\/uploads\/2024\/06\/AMPECO-table-generic-tax-mode-vs-us-tax-mode.png 1800w\" sizes=\"auto, (max-width: 1024px) 100vw, 1024px\" \/><\/figure>\n\n\n<style>.wp-block-kadence-spacer.kt-block-spacer-43994_47f50b-61 .kt-block-spacer{height:20px;}.wp-block-kadence-spacer.kt-block-spacer-43994_47f50b-61 .kt-divider{border-top-width:1px;height:1px;border-top-color:#eee;width:80%;border-top-style:solid;}<\/style>\n<div class=\"wp-block-kadence-spacer aligncenter kt-block-spacer-43994_47f50b-61\"><div class=\"kt-block-spacer kt-block-spacer-halign-center\"><\/div><\/div>\n\n\n\n<p>Sie k\u00f6nnen eine Standardsteuerregel festlegen, um einen einheitlichen Steuersatz auf alle Dienstleistungstypen anzuwenden \u2013 ideal f\u00fcr einfache Steueranwendungen. F\u00fcr eine detailliertere Kontrolle k\u00f6nnen Sie Steuerregeln einzelnen Dienstleistungstypen zuweisen (z.\u202fB. Energie, Zeitgeb\u00fchren oder Leerlaufgeb\u00fchren) und dabei unterschiedliche Steuercodes, Kategorien und S\u00e4tze definieren.<\/p>\n\n\n\n<p>Zus\u00e4tzlich k\u00f6nnen Steuerausnahmen f\u00fcr bestimmte Bundesl\u00e4nder, Regionen oder Postleitzahlen definiert werden, um besondere lokale Steuervorschriften zu ber\u00fccksichtigen. Diese Funktionen vereinfachen die komplexe Steuerverwaltung im Bereich der EV-Ladeinfrastruktur und gew\u00e4hrleisten eine pr\u00e4zise und regelkonforme Handhabung \u00fcber verschiedene Rechtsr\u00e4ume hinweg.<\/p>\n\n\n\n<h2 class=\"wp-block-heading\">Die Vorteile einer fortschrittlichen Steuerverwaltung f\u00fcr CPOs<\/h2>\n\n\n\n<p>Die integrierte Steuerfunktionalit\u00e4t von AMPECO bietet eine fein abgestufte Kontrolle \u00fcber jede einzelne Tarifkomponente, die den Gesamtbetrag einer Ladesitzung ausmacht. Dadurch k\u00f6nnen komplexe Anwendungsf\u00e4lle abgebildet werden, die sich aus lokalen rechtlichen Rahmenbedingungen oder l\u00e4nderspezifischen Anforderungen ergeben. Diese detaillierte Steuerung stellt sicher, dass jeder Serviceaspekt korrekt besteuert wird \u2013 entsprechend den tats\u00e4chlichen Kosten und den geltenden Vorschriften.<\/p>\n\n\n\n<p>Betreiber k\u00f6nnen sich darauf verlassen, dass das kritische Thema Steuern m\u00fchelos \u00fcber die integrierte CPMS-Funktionalit\u00e4t von AMPECO verwaltet wird. Die Zuverl\u00e4ssigkeit des Systems erstreckt sich auf alle europ\u00e4ischen L\u00e4nder, die USA und weitere Regionen weltweit \u2013 und macht AMPECO so zu einer umfassenden L\u00f6sung f\u00fcr den globalen Einsatz.<\/p>\n\n\n<style>.wp-block-kadence-spacer.kt-block-spacer-43994_e2c333-20 .kt-block-spacer{height:20px;}.wp-block-kadence-spacer.kt-block-spacer-43994_e2c333-20 .kt-divider{border-top-width:1px;height:1px;border-top-color:#eee;width:80%;border-top-style:solid;}<\/style>\n<div class=\"wp-block-kadence-spacer aligncenter kt-block-spacer-43994_e2c333-20\"><div class=\"kt-block-spacer kt-block-spacer-halign-center\"><\/div><\/div>\n\n\n\n<figure class=\"wp-block-image aligncenter size-large\"><img loading=\"lazy\" decoding=\"async\" width=\"1024\" height=\"621\" src=\"https:\/\/www.ampeco.com\/content\/uploads\/2024\/06\/ampeco-handle-complex-taxation-scenarios-1024x621.png\" alt=\"AMPECO meistert komplexe Steuerszenarien\" class=\"wp-image-34877\" title=\"\" srcset=\"https:\/\/www.ampeco.com\/content\/uploads\/2024\/06\/ampeco-handle-complex-taxation-scenarios-1024x621.png 1024w, https:\/\/www.ampeco.com\/content\/uploads\/2024\/06\/ampeco-handle-complex-taxation-scenarios-300x182.png 300w, https:\/\/www.ampeco.com\/content\/uploads\/2024\/06\/ampeco-handle-complex-taxation-scenarios-768x466.png 768w, https:\/\/www.ampeco.com\/content\/uploads\/2024\/06\/ampeco-handle-complex-taxation-scenarios-1536x932.png 1536w, https:\/\/www.ampeco.com\/content\/uploads\/2024\/06\/ampeco-handle-complex-taxation-scenarios-96x58.png 96w, https:\/\/www.ampeco.com\/content\/uploads\/2024\/06\/ampeco-handle-complex-taxation-scenarios-330x200.png 330w, https:\/\/www.ampeco.com\/content\/uploads\/2024\/06\/ampeco-handle-complex-taxation-scenarios-660x400.png 660w, https:\/\/www.ampeco.com\/content\/uploads\/2024\/06\/ampeco-handle-complex-taxation-scenarios-512x311.png 512w, https:\/\/www.ampeco.com\/content\/uploads\/2024\/06\/ampeco-handle-complex-taxation-scenarios-600x364.png 600w, https:\/\/www.ampeco.com\/content\/uploads\/2024\/06\/ampeco-handle-complex-taxation-scenarios-1200x728.png 1200w, https:\/\/www.ampeco.com\/content\/uploads\/2024\/06\/ampeco-handle-complex-taxation-scenarios-840x510.png 840w, https:\/\/www.ampeco.com\/content\/uploads\/2024\/06\/ampeco-handle-complex-taxation-scenarios-1680x1019.png 1680w, https:\/\/www.ampeco.com\/content\/uploads\/2024\/06\/ampeco-handle-complex-taxation-scenarios.png 1800w\" sizes=\"auto, (max-width: 1024px) 100vw, 1024px\" \/><\/figure>\n\n\n<style>.wp-block-kadence-spacer.kt-block-spacer-43994_1e4e62-6e .kt-block-spacer{height:20px;}.wp-block-kadence-spacer.kt-block-spacer-43994_1e4e62-6e .kt-divider{border-top-width:1px;height:1px;border-top-color:#eee;width:80%;border-top-style:solid;}<\/style>\n<div class=\"wp-block-kadence-spacer aligncenter kt-block-spacer-43994_1e4e62-6e\"><div class=\"kt-block-spacer kt-block-spacer-halign-center\"><\/div><\/div>\n\n\n\n<h2 class=\"wp-block-heading\">AMPECO \u2013 Ihre sorgenfreie L\u00f6sung f\u00fcr das Management von EV-Ladevorg\u00e4ngen<\/h2>\n\n\n\n<p>Viele CPMS-L\u00f6sungen bew\u00e4ltigen steuerliche Herausforderungen nur unzureichend \u2013 mit der Folge, dass Betreiber frustriert sind und einem erh\u00f6hten Risiko von Compliance-Verst\u00f6\u00dfen ausgesetzt werden. Bei AMPECO kennen wir diese Herausforderungen genau und haben eine Plattform entwickelt, die in der Lage ist, komplexe steuerliche Anforderungen souver\u00e4n zu meistern.<\/p>\n\n\n\n<p>Unsere erweiterte integrierte Steuerfunktionalit\u00e4t bietet pr\u00e4zise Kontrolle und hohe Flexibilit\u00e4t \u2013 und stellt sicher, dass Ihr Unternehmen \u00fcberall dort, wo es t\u00e4tig ist, konform und effizient bleibt. Doch wir bieten mehr als nur eine leistungsstarke Plattform: Dank umfassender rechtlicher Expertise und jahrelanger Erfahrung mit einer Vielzahl von Kunden k\u00f6nnen wir gezielte Beratungen anbieten, die genau auf Ihre individuellen Anforderungen und Szenarien zugeschnitten sind.<\/p>\n\n\n\n<div style=\"border-radius:var(--spacing-4xl, 32px);overflow:hidden;\" class=\"wp-block-group is-style-tilted-green-bg-inverse is-layout-constrained wp-block-group-is-layout-constrained\">\n<p class=\"has-text-align-center\">Machen Sie sich das Steuer\u00admanagement nicht zur Belastung. Entdecken Sie, wie unsere L\u00f6sung Ihre Abl\u00e4ufe transformieren kann \u2013 und welchen Unterschied eine effektive Steuer\u00adverwaltung f\u00fcr Ihr Unternehmen macht.<\/p>\n\n\n\n<div class=\"wp-block-buttons is-horizontal is-content-justification-center is-layout-flex wp-container-core-buttons-is-layout-03627597 wp-block-buttons-is-layout-flex\">\n<div class=\"wp-block-button is-style-negative-nds\"><a class=\"wp-block-button__link wp-element-button\" href=\"https:\/\/www.ampeco.com\/de\/demo\/\">Demo buchen<\/a><\/div>\n<\/div>\n\n\n\n<p><\/p>\n<\/div>\n","protected":false},"excerpt":{"rendered":"<p>Die Steuerverwaltung in Ihrem EV-Ladegesch\u00e4ft klingt vielleicht nicht so spannend wie neue Technologien wie V2G, ist aber ebenso grundlegend wie OCPP. Die meisten Betreiber gro\u00df angelegter EV-Ladenetzwerke meiden Steuerthemen lieber und verlassen [&hellip;]<\/p>\n","protected":false},"author":24,"featured_media":34899,"comment_status":"open","ping_status":"open","sticky":false,"template":"","format":"standard","meta":{"_acf_changed":false,"inline_featured_image":false,"footnotes":""},"categories":[567],"tags":[571,591,592],"class_list":["post-43994","post","type-post","status-publish","format-standard","has-post-thumbnail","hentry","category-produkt-highlights","tag-ev-charging-de","tag-ev-charging-taxes-de","tag-multi-market-de"],"acf":[],"_links":{"self":[{"href":"https:\/\/www.ampeco.com\/de\/wp-json\/wp\/v2\/posts\/43994","targetHints":{"allow":["GET"]}}],"collection":[{"href":"https:\/\/www.ampeco.com\/de\/wp-json\/wp\/v2\/posts"}],"about":[{"href":"https:\/\/www.ampeco.com\/de\/wp-json\/wp\/v2\/types\/post"}],"author":[{"embeddable":true,"href":"https:\/\/www.ampeco.com\/de\/wp-json\/wp\/v2\/users\/24"}],"replies":[{"embeddable":true,"href":"https:\/\/www.ampeco.com\/de\/wp-json\/wp\/v2\/comments?post=43994"}],"version-history":[{"count":2,"href":"https:\/\/www.ampeco.com\/de\/wp-json\/wp\/v2\/posts\/43994\/revisions"}],"predecessor-version":[{"id":43998,"href":"https:\/\/www.ampeco.com\/de\/wp-json\/wp\/v2\/posts\/43994\/revisions\/43998"}],"wp:featuredmedia":[{"embeddable":true,"href":"https:\/\/www.ampeco.com\/de\/wp-json\/wp\/v2\/media\/34899"}],"wp:attachment":[{"href":"https:\/\/www.ampeco.com\/de\/wp-json\/wp\/v2\/media?parent=43994"}],"wp:term":[{"taxonomy":"category","embeddable":true,"href":"https:\/\/www.ampeco.com\/de\/wp-json\/wp\/v2\/categories?post=43994"},{"taxonomy":"post_tag","embeddable":true,"href":"https:\/\/www.ampeco.com\/de\/wp-json\/wp\/v2\/tags?post=43994"}],"curies":[{"name":"wp","href":"https:\/\/api.w.org\/{rel}","templated":true}]}}