{"id":43988,"date":"2024-06-26T10:07:42","date_gmt":"2024-06-26T10:07:42","guid":{"rendered":"https:\/\/www.ampeco.com\/blog\/ampeco-and-hubject-announce-a-global-strategic-partnership\/"},"modified":"2025-04-17T12:00:19","modified_gmt":"2025-04-17T12:00:19","slug":"ampeco-und-hubject-kuendigen-eine-globale-strategische-partnerschaft-an","status":"publish","type":"post","link":"https:\/\/www.ampeco.com\/de\/blog\/ampeco-und-hubject-kuendigen-eine-globale-strategische-partnerschaft-an\/","title":{"rendered":"AMPECO und Hubject k\u00fcndigen eine globale strategische Partnerschaft an"},"content":{"rendered":"\n<p>Wir freuen uns, die strategische Partnerschaft zwischen <a href=\"http:\/\/www.ampeco.com\/\" data-type=\"link\" data-id=\"http:\/\/www.ampeco.com\/\">AMPECO<\/a>, dem weltweit f\u00fchrenden Anbieter von EV-Lademanagement-Software, und <a href=\"https:\/\/www.hubject.com\/\" data-type=\"link\" data-id=\"https:\/\/www.hubject.com\/\" rel=\"nofollow noopener\" target=\"_blank\">Hubject<\/a>, dem Marktf\u00fchrer f\u00fcr EV-Interoperabilit\u00e4t, bekanntzugeben. Durch diese Zusammenarbeit profitieren CPOs und EMPs von den Netzwerken intercharge und Plug&amp;Charge von Hubject sowie von der EV-Lademanagement-Plattform von AMPECO im Rahmen eines einzigen Vertrags.<\/p>\n\n\n\n<figure class=\"wp-block-image size-large\"><img loading=\"lazy\" decoding=\"async\" width=\"1024\" height=\"538\" src=\"https:\/\/www.ampeco.com\/content\/uploads\/2024\/06\/AMPECO-Hubject-Partnership-2-1-1024x538.png\" alt=\"-\" class=\"wp-image-35273\" title=\"\" srcset=\"https:\/\/www.ampeco.com\/content\/uploads\/2024\/06\/AMPECO-Hubject-Partnership-2-1-1024x538.png 1024w, https:\/\/www.ampeco.com\/content\/uploads\/2024\/06\/AMPECO-Hubject-Partnership-2-1-300x158.png 300w, https:\/\/www.ampeco.com\/content\/uploads\/2024\/06\/AMPECO-Hubject-Partnership-2-1-768x403.png 768w, https:\/\/www.ampeco.com\/content\/uploads\/2024\/06\/AMPECO-Hubject-Partnership-2-1-96x50.png 96w, https:\/\/www.ampeco.com\/content\/uploads\/2024\/06\/AMPECO-Hubject-Partnership-2-1-330x173.png 330w, https:\/\/www.ampeco.com\/content\/uploads\/2024\/06\/AMPECO-Hubject-Partnership-2-1-660x347.png 660w, https:\/\/www.ampeco.com\/content\/uploads\/2024\/06\/AMPECO-Hubject-Partnership-2-1-512x269.png 512w, https:\/\/www.ampeco.com\/content\/uploads\/2024\/06\/AMPECO-Hubject-Partnership-2-1-600x315.png 600w, https:\/\/www.ampeco.com\/content\/uploads\/2024\/06\/AMPECO-Hubject-Partnership-2-1-840x441.png 840w, https:\/\/www.ampeco.com\/content\/uploads\/2024\/06\/AMPECO-Hubject-Partnership-2-1.png 1200w\" sizes=\"auto, (max-width: 1024px) 100vw, 1024px\" \/><\/figure>\n\n\n<style>.wp-block-kadence-spacer.kt-block-spacer-43988_a60248-8b .kt-block-spacer{height:60px;}.wp-block-kadence-spacer.kt-block-spacer-43988_a60248-8b .kt-divider{border-top-width:1px;height:1px;border-top-color:#ffffff;width:80%;border-top-style:solid;}<\/style>\n<div class=\"wp-block-kadence-spacer aligncenter kt-block-spacer-43988_a60248-8b\"><div class=\"kt-block-spacer kt-block-spacer-halign-center\"><hr class=\"kt-divider\"\/><\/div><\/div>\n\n\n\n<p>Mit ihrer umfangreichen globalen Pr\u00e4senz und nachweislichen Erfolgen sowohl in etablierten M\u00e4rkten wie Europa als auch in aufstrebenden M\u00e4rkten wie den USA, S\u00fcdkorea und dem Nahen Osten sind beide Unternehmen strategisch darauf ausgerichtet, Dienstleistungen f\u00fcr gro\u00df angelegte Anbieter von EV-Ladel\u00f6sungen weiter auszubauen.<\/p>\n\n\n\n<p>Durch die Nutzung der AMPECO-Plattform profitieren Anbieter von EV-Ladel\u00f6sungen von einer schnellen und zuverl\u00e4ssigen Anbindung an die Roaming-Dienste von Hubject. Kunden behalten ihre Markenpr\u00e4senz innerhalb des Hubject-\u00d6kosystems, indem sie als eigenst\u00e4ndige Einheiten sichtbar bleiben. Dar\u00fcber hinaus erm\u00f6glicht AMPECO, als zertifizierter Backend-Anbieter von Hubject Plug&amp;Charge, CPOs und EMPs eine nahtlose Integration mit jeder Plug&amp;Charge-kompatiblen Hardware und sorgt so f\u00fcr ein reibungsloses und effizientes Ladeerlebnis f\u00fcr EV-Fahrer.<\/p>\n\n\n<style>.wp-block-kadence-spacer.kt-block-spacer-43988_f1dd15-d8 .kt-block-spacer{height:60px;}.wp-block-kadence-spacer.kt-block-spacer-43988_f1dd15-d8 .kt-divider{border-top-width:1px;height:1px;border-top-color:#ffffff;width:80%;border-top-style:solid;}<\/style>\n<div class=\"wp-block-kadence-spacer aligncenter kt-block-spacer-43988_f1dd15-d8\"><div class=\"kt-block-spacer kt-block-spacer-halign-center\"><hr class=\"kt-divider\"\/><\/div><\/div>\n\n\n\n<div id=\"ampeco-who-block-block_6a1cfd721825cfd1878db9f19a861f35\" class=\"block-ampeco-who-block\">\n\t<div class=\"awb_bgtext\"><\/div>\n\t<div class=\"awb_image\">\t\t\t\t\t\t\t<img loading=\"lazy\" decoding=\"async\" width=\"760\" height=\"880\" src=\"https:\/\/www.ampeco.com\/content\/uploads\/2024\/02\/hubject-christian-hahn.png\" class=\"attachment-full size-full\" alt=\"-\" srcset=\"https:\/\/www.ampeco.com\/content\/uploads\/2024\/02\/hubject-christian-hahn.png 760w, https:\/\/www.ampeco.com\/content\/uploads\/2024\/02\/hubject-christian-hahn-259x300.png 259w, https:\/\/www.ampeco.com\/content\/uploads\/2024\/02\/hubject-christian-hahn-96x111.png 96w, https:\/\/www.ampeco.com\/content\/uploads\/2024\/02\/hubject-christian-hahn-330x382.png 330w, https:\/\/www.ampeco.com\/content\/uploads\/2024\/02\/hubject-christian-hahn-660x764.png 660w, https:\/\/www.ampeco.com\/content\/uploads\/2024\/02\/hubject-christian-hahn-512x593.png 512w, https:\/\/www.ampeco.com\/content\/uploads\/2024\/02\/hubject-christian-hahn-600x695.png 600w\" sizes=\"auto, (max-width: 760px) 100vw, 760px\" title=\"\">\t\t\t<\/div>\n\t<div class=\"awb_quote\">Die Partnerschaft zwischen Hubject und AMPECO erweitert Umfang und Reichweite der Dienstleistungen und M\u00f6glichkeiten f\u00fcr CPOs weltweit. Diese k\u00f6nnen mithilfe der fortschrittlichen Plattform von AMPECO sowie der intercharge- und Plug&amp;Charge-Angebote von Hubject ihre Gesch\u00e4ftst\u00e4tigkeit schnell \u00fcber verschiedene M\u00e4rkte hinweg skalieren.<\/div>\n\t<div class=\"awb_name\">Christian Hahn<\/div>\n\t<div class=\"awb_title\">CEO bei Hubject<\/div>\n<\/div>\n\n\n\n<p>Die f\u00fchrenden intercharge- und Plug&amp;Charge-Netzwerke von Hubject erm\u00f6glichen es Anbietern von EV-Ladel\u00f6sungen, ihre internationale Pr\u00e4senz selbstbewusst auszubauen. Ein vertrauensw\u00fcrdiger globaler Partner wie AMPECO bietet umfassenden End-to-End-Support und direkten Zugang zu den Dienstleistungen von Hubject \u2013 unter Einhaltung h\u00f6chster Standards hinsichtlich Zuverl\u00e4ssigkeit, Compliance und Sicherheit. Letztendlich helfen die kombinierten Dienstleistungen EV-Ladeanbietern dabei, schneller und effizienter neue M\u00e4rkte zu erschlie\u00dfen, was zu erheblichen Kosteneinsparungen f\u00fchrt.<\/p>\n\n\n<style>.wp-block-kadence-spacer.kt-block-spacer-43988_938eb0-35 .kt-block-spacer{height:60px;}.wp-block-kadence-spacer.kt-block-spacer-43988_938eb0-35 .kt-divider{border-top-width:1px;height:1px;border-top-color:#ffffff;width:80%;border-top-style:solid;}<\/style>\n<div class=\"wp-block-kadence-spacer aligncenter kt-block-spacer-43988_938eb0-35\"><div class=\"kt-block-spacer kt-block-spacer-halign-center\"><hr class=\"kt-divider\"\/><\/div><\/div>\n\n\n\n<div id=\"ampeco-who-block-block_c558139737ffcc78c1d941309c27ec3e\" class=\"block-ampeco-who-block\">\n\t<div class=\"awb_bgtext\"><\/div>\n\t<div class=\"awb_image\">\t\t\t\t\t\t\t<img loading=\"lazy\" decoding=\"async\" width=\"2000\" height=\"2000\" src=\"https:\/\/www.ampeco.com\/content\/uploads\/2023\/05\/stefan-ivanov-ampeco-portrait.jpg\" class=\"attachment-full size-full\" alt=\"-\" srcset=\"https:\/\/www.ampeco.com\/content\/uploads\/2023\/05\/stefan-ivanov-ampeco-portrait.jpg 2000w, https:\/\/www.ampeco.com\/content\/uploads\/2023\/05\/stefan-ivanov-ampeco-portrait-300x300.jpg 300w, https:\/\/www.ampeco.com\/content\/uploads\/2023\/05\/stefan-ivanov-ampeco-portrait-1024x1024.jpg 1024w, https:\/\/www.ampeco.com\/content\/uploads\/2023\/05\/stefan-ivanov-ampeco-portrait-150x150.jpg 150w, https:\/\/www.ampeco.com\/content\/uploads\/2023\/05\/stefan-ivanov-ampeco-portrait-768x768.jpg 768w, https:\/\/www.ampeco.com\/content\/uploads\/2023\/05\/stefan-ivanov-ampeco-portrait-1536x1536.jpg 1536w, https:\/\/www.ampeco.com\/content\/uploads\/2023\/05\/stefan-ivanov-ampeco-portrait-96x96.jpg 96w, https:\/\/www.ampeco.com\/content\/uploads\/2023\/05\/stefan-ivanov-ampeco-portrait-330x330.jpg 330w, https:\/\/www.ampeco.com\/content\/uploads\/2023\/05\/stefan-ivanov-ampeco-portrait-660x660.jpg 660w, https:\/\/www.ampeco.com\/content\/uploads\/2023\/05\/stefan-ivanov-ampeco-portrait-512x512.jpg 512w, https:\/\/www.ampeco.com\/content\/uploads\/2023\/05\/stefan-ivanov-ampeco-portrait-600x600.jpg 600w, https:\/\/www.ampeco.com\/content\/uploads\/2023\/05\/stefan-ivanov-ampeco-portrait-1200x1200.jpg 1200w, https:\/\/www.ampeco.com\/content\/uploads\/2023\/05\/stefan-ivanov-ampeco-portrait-840x840.jpg 840w, https:\/\/www.ampeco.com\/content\/uploads\/2023\/05\/stefan-ivanov-ampeco-portrait-1680x1680.jpg 1680w, https:\/\/www.ampeco.com\/content\/uploads\/2023\/05\/stefan-ivanov-ampeco-portrait-1920x1920.jpg 1920w\" sizes=\"auto, (max-width: 2000px) 100vw, 2000px\" title=\"\">\t\t\t<\/div>\n\t<div class=\"awb_quote\">Unsere langj\u00e4hrige Zusammenarbeit mit Hubject basiert auf den wertvollen Angeboten ihrer intercharge- und Plug&amp;Charge-Plattformen, von denen insbesondere die gro\u00df angelegten EV-Ladeanbieter profitieren, mit denen wir zusammenarbeiten. Deshalb haben wir besonderen Einsatz gezeigt, um diese Dienste unseren Kunden direkt \u00fcber unsere Plattform zur Verf\u00fcgung zu stellen!<\/div>\n\t<div class=\"awb_name\">Stefan Ivanov<\/div>\n\t<div class=\"awb_title\">CRO bei AMPECO<\/div>\n<\/div>\n\n\n\n<div style=\"border-radius:var(--spacing-4xl, 32px);overflow:hidden;\" class=\"wp-block-group is-style-tilted-green-bg is-layout-constrained wp-block-group-is-layout-constrained\">\n<p>Bereit, mit Roaming schneller in neue M\u00e4rkte einzusteigen?<br>Erfahren Sie, wie unsere EV-Lademanagement-Plattform mittels OCPI Roaming mit allen EV-Ladenetzwerken erm\u00f6glicht und Ihnen die vollst\u00e4ndige Kontrolle \u00fcber Ihre Roaming-Partnerschaften und Transaktionen bietet.<\/p>\n\n\n\n<div class=\"wp-block-buttons is-horizontal is-content-justification-center is-layout-flex wp-container-core-buttons-is-layout-03627597 wp-block-buttons-is-layout-flex\">\n<div class=\"wp-block-button is-style-negative-nds\"><a class=\"wp-block-button__link wp-element-button\" href=\"https:\/\/www.ampeco.com\/de\/beratungsgesprach-ev-laden-buchen\/\">Vereinbaren Sie eine Beratung<\/a><\/div>\n<\/div>\n<\/div>\n","protected":false},"excerpt":{"rendered":"<p>Wir freuen uns, die strategische Partnerschaft zwischen AMPECO, dem weltweit f\u00fchrenden Anbieter von EV-Lademanagement-Software, und Hubject, dem Marktf\u00fchrer f\u00fcr EV-Interoperabilit\u00e4t, bekanntzugeben. Durch diese Zusammenarbeit profitieren CPOs und EMPs von den Netzwerken intercharge [&hellip;]<\/p>\n","protected":false},"author":22,"featured_media":35270,"comment_status":"open","ping_status":"open","sticky":false,"template":"","format":"standard","meta":{"_acf_changed":false,"inline_featured_image":false,"footnotes":""},"categories":[252],"tags":[571,587,588,589,590],"class_list":["post-43988","post","type-post","status-publish","format-standard","has-post-thumbnail","hentry","category-unternehmensnachrichten","tag-ev-charging-de","tag-hubject-de","tag-news-de","tag-plugcharge-de","tag-roaming-de"],"acf":[],"_links":{"self":[{"href":"https:\/\/www.ampeco.com\/de\/wp-json\/wp\/v2\/posts\/43988","targetHints":{"allow":["GET"]}}],"collection":[{"href":"https:\/\/www.ampeco.com\/de\/wp-json\/wp\/v2\/posts"}],"about":[{"href":"https:\/\/www.ampeco.com\/de\/wp-json\/wp\/v2\/types\/post"}],"author":[{"embeddable":true,"href":"https:\/\/www.ampeco.com\/de\/wp-json\/wp\/v2\/users\/22"}],"replies":[{"embeddable":true,"href":"https:\/\/www.ampeco.com\/de\/wp-json\/wp\/v2\/comments?post=43988"}],"version-history":[{"count":3,"href":"https:\/\/www.ampeco.com\/de\/wp-json\/wp\/v2\/posts\/43988\/revisions"}],"predecessor-version":[{"id":43993,"href":"https:\/\/www.ampeco.com\/de\/wp-json\/wp\/v2\/posts\/43988\/revisions\/43993"}],"wp:featuredmedia":[{"embeddable":true,"href":"https:\/\/www.ampeco.com\/de\/wp-json\/wp\/v2\/media\/35270"}],"wp:attachment":[{"href":"https:\/\/www.ampeco.com\/de\/wp-json\/wp\/v2\/media?parent=43988"}],"wp:term":[{"taxonomy":"category","embeddable":true,"href":"https:\/\/www.ampeco.com\/de\/wp-json\/wp\/v2\/categories?post=43988"},{"taxonomy":"post_tag","embeddable":true,"href":"https:\/\/www.ampeco.com\/de\/wp-json\/wp\/v2\/tags?post=43988"}],"curies":[{"name":"wp","href":"https:\/\/api.w.org\/{rel}","templated":true}]}}