{"id":43668,"date":"2023-03-22T11:42:32","date_gmt":"2023-03-22T11:42:32","guid":{"rendered":"https:\/\/www.ampeco.com\/blog\/ev-charging-tariffs-unlocking-revenue-potential\/"},"modified":"2025-04-04T17:32:33","modified_gmt":"2025-04-04T17:32:33","slug":"ladetarife-umsatzpotenzial-erschliessen","status":"publish","type":"post","link":"https:\/\/www.ampeco.com\/de\/blog\/ladetarife-umsatzpotenzial-erschliessen\/","title":{"rendered":"Flexible Ladetarife f\u00fcr Elektrofahrzeuge: Der Schl\u00fcssel zur Aussch\u00f6pfung Ihres Umsatzpotenzials"},"content":{"rendered":"\n<h2 class=\"wp-block-heading\" id=\"understanding-the-importance-of-flexible-tariffing\">Die Bedeutung flexibler Tarifgestaltung verstehen<\/h2>\n\n\n\n<p>Flexible Ladetarife f\u00fcr Elektrofahrzeuge sind ein wirkungsvolles Instrument in Ihrem Arsenal, mit dem Sie Ihr Netzwerk effektiv monetarisieren und ein positives Kundenerlebnis schaffen k\u00f6nnen. Mit Mehrparameter-Tarifen k\u00f6nnen Sie w\u00e4hrend der Spitzenzeiten h\u00f6here und w\u00e4hrend der Nebenzeiten niedrigere Preise festlegen, sich mit einzigartigen Preismodellen vom Wettbewerb abheben und auf die Bed\u00fcrfnisse Ihrer Kund:innen mit ma\u00dfgeschneiderten Optionen eingehen. Dar\u00fcber hinaus erm\u00f6glichen sie es Ihnen, Anreize durch Rabatte oder Bonusprogramme zu schaffen und lokale Vorschriften einzuhalten.<\/p>\n\n\n\n<h2 class=\"wp-block-heading\" id=\"the-4-tariff-elements\">Die 4 Tarifkomponenten<\/h2>\n\n\n\n<p>Das Verst\u00e4ndnis der Komponenten eines <a href=\"https:\/\/www.ampeco.com\/de\/ev-ladeplattform\/plaene-und-tarife\/\" data-type=\"link\" data-id=\"https:\/\/www.ampeco.com\/de\/ev-ladeplattform\/plaene-und-tarife\/\">Ladetarifs f\u00fcr Elektrofahrzeuge<\/a> hilft Ihnen dabei, diese gezielt auf Ihre Gesch\u00e4ftsziele abzustimmen und die Bed\u00fcrfnisse Ihrer Kund:innen zu erf\u00fcllen.<\/p>\n\n\n<style>.wp-block-kadence-spacer.kt-block-spacer-43668_5cdb6f-eb .kt-block-spacer{height:40px;}.wp-block-kadence-spacer.kt-block-spacer-43668_5cdb6f-eb .kt-divider{border-top-width:1px;height:1px;border-top-color:#eee;width:80%;border-top-style:solid;}<\/style>\n<div class=\"wp-block-kadence-spacer aligncenter kt-block-spacer-43668_5cdb6f-eb\"><div class=\"kt-block-spacer kt-block-spacer-halign-center\"><\/div><\/div>\n\n\n\n<figure class=\"wp-block-image aligncenter size-large\"><img loading=\"lazy\" decoding=\"async\" width=\"1980\" height=\"1205\" src=\"https:\/\/www.ampeco.com\/content\/uploads\/2023\/03\/ev-charging-tariff-elements.svg\" alt=\"Bestandteile eines Ladetarifs f\u00fcr Elektrofahrzeuge\" class=\"wp-image-16520\" title=\"\"><\/figure>\n\n\n<style>.wp-block-kadence-spacer.kt-block-spacer-43668_38205e-05 .kt-block-spacer{height:40px;}.wp-block-kadence-spacer.kt-block-spacer-43668_38205e-05 .kt-divider{border-top-width:1px;height:1px;border-top-color:#eee;width:80%;border-top-style:solid;}<\/style>\n<div class=\"wp-block-kadence-spacer aligncenter kt-block-spacer-43668_38205e-05\"><div class=\"kt-block-spacer kt-block-spacer-halign-center\"><\/div><\/div>\n\n\n<style>.kadence-column43668_9ab2ec-65 > .kt-inside-inner-col,.kadence-column43668_9ab2ec-65 > .kt-inside-inner-col:before{border-top-left-radius:0px;border-top-right-radius:0px;border-bottom-right-radius:0px;border-bottom-left-radius:0px;}.kadence-column43668_9ab2ec-65 > .kt-inside-inner-col{column-gap:var(--global-kb-gap-sm, 1rem);}.kadence-column43668_9ab2ec-65 > .kt-inside-inner-col{flex-direction:column;}.kadence-column43668_9ab2ec-65 > .kt-inside-inner-col > .aligncenter{width:100%;}.kadence-column43668_9ab2ec-65 > .kt-inside-inner-col:before{opacity:0.3;}.kadence-column43668_9ab2ec-65{position:relative;}@media all and (max-width: 1024px){.kadence-column43668_9ab2ec-65 > .kt-inside-inner-col{flex-direction:column;justify-content:center;}}@media all and (max-width: 767px){.kadence-column43668_9ab2ec-65 > .kt-inside-inner-col{flex-direction:column;justify-content:center;}}<\/style>\n<div class=\"wp-block-kadence-column kadence-column43668_9ab2ec-65 inner-column-1\"><div class=\"kt-inside-inner-col\"><\/div><\/div>\n\n\n\n<h3 class=\"wp-block-heading\" id=\"1-choose-the-right-tariff\">1. W\u00e4hlen Sie den richtigen Tarif<\/h3>\n\n\n\n<p>Verschiedene Tarifarten stehen zur Verf\u00fcgung, mit denen Sie Ihr Angebot an die Bed\u00fcrfnisse Ihrer Kund:innen anpassen und durch gezielte Preisgestaltung Ihre Gewinne maximieren k\u00f6nnen.<\/p>\n\n\n\n<p>Das Spektrum der Tarifarten umfasst:<\/p>\n\n\n<style>.wp-block-kadence-spacer.kt-block-spacer-43668_9f4cb3-37 .kt-block-spacer{height:40px;}.wp-block-kadence-spacer.kt-block-spacer-43668_9f4cb3-37 .kt-divider{border-top-width:1px;height:1px;border-top-color:#eee;width:80%;border-top-style:solid;}<\/style>\n<div class=\"wp-block-kadence-spacer aligncenter kt-block-spacer-43668_9f4cb3-37\"><div class=\"kt-block-spacer kt-block-spacer-halign-center\"><\/div><\/div>\n\n\n<style>.kadence-column43668_8a0273-64 > .kt-inside-inner-col,.kadence-column43668_8a0273-64 > .kt-inside-inner-col:before{border-top-left-radius:0px;border-top-right-radius:0px;border-bottom-right-radius:0px;border-bottom-left-radius:0px;}.kadence-column43668_8a0273-64 > .kt-inside-inner-col{column-gap:var(--global-kb-gap-sm, 1rem);}.kadence-column43668_8a0273-64 > .kt-inside-inner-col{flex-direction:column;}.kadence-column43668_8a0273-64 > .kt-inside-inner-col > .aligncenter{width:100%;}.kadence-column43668_8a0273-64 > .kt-inside-inner-col:before{opacity:0.3;}.kadence-column43668_8a0273-64{position:relative;}@media all and (max-width: 1024px){.kadence-column43668_8a0273-64 > .kt-inside-inner-col{flex-direction:column;justify-content:center;}}@media all and (max-width: 767px){.kadence-column43668_8a0273-64 > .kt-inside-inner-col{flex-direction:column;justify-content:center;}}<\/style>\n<div class=\"wp-block-kadence-column kadence-column43668_8a0273-64 inner-column-1 remove-heading-margin\"><div class=\"kt-inside-inner-col\">\n<div class=\"wp-block-columns is-layout-flex wp-container-core-columns-is-layout-28f84493 wp-block-columns-is-layout-flex\">\n<div class=\"wp-block-column is-vertically-aligned-top is-layout-flow wp-block-column-is-layout-flow\" style=\"flex-basis:33.33%\">\n<h4 class=\"wp-block-heading\" id=\"charging-not-allowed\">Kostenloses Laden<\/h4>\n<\/div>\n\n\n\n<div class=\"wp-block-column is-vertically-aligned-top is-layout-flow wp-block-column-is-layout-flow\" style=\"flex-basis:66.66%\">\n<p>Kostenlose Tarife erm\u00f6glichen unbegrenztes Laden ohne Einschr\u00e4nkungen hinsichtlich Dauer oder verbrauchter Energie.<\/p>\n<\/div>\n<\/div>\n\n\n\n<div class=\"wp-block-columns is-style-default is-layout-flex wp-container-core-columns-is-layout-28f84493 wp-block-columns-is-layout-flex\">\n<div class=\"wp-block-column is-vertically-aligned-top is-layout-flow wp-block-column-is-layout-flow\" style=\"flex-basis:33.33%\">\n<h4 class=\"wp-block-heading\" id=\"charging-not-allowed\">Pauschaltarif<\/h4>\n<\/div>\n\n\n\n<div class=\"wp-block-column is-vertically-aligned-top is-layout-flow wp-block-column-is-layout-flow\" style=\"flex-basis:66.66%\">\n<p>Pauschaltarife berechnen einen festen Preis pro Ladevorgang \u2013 unabh\u00e4ngig von der Dauer der Sitzung oder der verbrauchten Energiemenge.<\/p>\n<\/div>\n<\/div>\n\n\n\n<div class=\"wp-block-columns are-vertically-aligned-top is-layout-flex wp-container-core-columns-is-layout-28f84493 wp-block-columns-is-layout-flex\">\n<div class=\"wp-block-column is-vertically-aligned-top is-layout-flow wp-block-column-is-layout-flow\" style=\"flex-basis:33.33%\">\n<h4 class=\"wp-block-heading\" id=\"charging-not-allowed\">Dauer und Energie<\/h4>\n<\/div>\n\n\n\n<div class=\"wp-block-column is-vertically-aligned-top is-layout-flow wp-block-column-is-layout-flow\" style=\"flex-basis:66.66%\">\n<p>Dieser Tarif kombiniert eine Preisgestaltung basierend auf der Sitzungsdauer und der verbrauchten Energiemenge.<\/p>\n<\/div>\n<\/div>\n\n\n\n<div class=\"wp-block-columns are-vertically-aligned-top is-layout-flex wp-container-core-columns-is-layout-28f84493 wp-block-columns-is-layout-flex\">\n<div class=\"wp-block-column is-vertically-aligned-top is-layout-flow wp-block-column-is-layout-flow\" style=\"flex-basis:33.33%\">\n<h4 class=\"wp-block-heading\" id=\"charging-not-allowed\">Dauer und Energie nach Tageszeit<\/h4>\n<\/div>\n\n\n\n<div class=\"wp-block-column is-vertically-aligned-top is-layout-flow wp-block-column-is-layout-flow\" style=\"flex-basis:66.66%\">\n<p>Diese Tarife bieten unterschiedliche Preise je nach Tageszeit, zum Beispiel Nacht- und Tagestarife.<\/p>\n<\/div>\n<\/div>\n\n\n\n<div class=\"wp-block-columns are-vertically-aligned-top is-layout-flex wp-container-core-columns-is-layout-28f84493 wp-block-columns-is-layout-flex\">\n<div class=\"wp-block-column is-vertically-aligned-top is-layout-flow wp-block-column-is-layout-flow\" style=\"flex-basis:33.33%\">\n<h4 class=\"wp-block-heading\" id=\"charging-not-allowed\">Laden nicht erlaubt<\/h4>\n<\/div>\n\n\n\n<div class=\"wp-block-column is-vertically-aligned-top is-layout-flow wp-block-column-is-layout-flow\" style=\"flex-basis:66.66%\">\n<p>Dieser Tarif wird angewendet, wenn das Laden an bestimmten Ladestationen (EVSEs) oder zu bestimmten Tageszeiten nicht erlaubt sein soll. Die Einschr\u00e4nkung des Ladevorgangs kann dabei helfen, die Netzlast w\u00e4hrend Spitzenzeiten zu steuern und eine ausreichende Stromversorgung sicherzustellen. Sie ist auch n\u00fctzlich, wenn Wartungsarbeiten durchgef\u00fchrt oder die Ladeinfrastruktur aufger\u00fcstet werden muss.<\/p>\n<\/div>\n<\/div>\n\n\n\n<div class=\"wp-block-columns are-vertically-aligned-top is-layout-flex wp-container-core-columns-is-layout-28f84493 wp-block-columns-is-layout-flex\">\n<div class=\"wp-block-column is-vertically-aligned-top is-layout-flow wp-block-column-is-layout-flow\" style=\"flex-basis:33.33%\">\n<h4 class=\"wp-block-heading\" id=\"charging-not-allowed\">Energie nach Zeitnutzung (TOU \u2013 Time of Use)<\/h4>\n<\/div>\n\n\n\n<div class=\"wp-block-column is-vertically-aligned-top is-layout-flow wp-block-column-is-layout-flow\" style=\"flex-basis:66.66%\">\n<p>Berechnen Sie Ihren Kund:innen die verbrauchte Energie zu unterschiedlichen Tageszeiten, in denen unterschiedliche Strompreise gelten. Sie k\u00f6nnen einen festen Preis f\u00fcr den Stromverbrauch festlegen \u2013 entweder einheitlich f\u00fcr jeden Tag oder variierend je nach Wochentag. Mit speziellen Preistarifen lassen sich individuelle Preisoptionen f\u00fcr bestimmte Tage, Zeitr\u00e4ume oder Ereignisse anbieten. Auch die Granularit\u00e4t des Stromtarifs kann festgelegt werden \u2013 mit Intervallen von 15 Minuten bis zu einer Stunde.<\/p>\n<\/div>\n<\/div>\n<\/div><\/div>\n\n\n\n<h3 class=\"wp-block-heading\" id=\"2-tailor-your-tariffs-to-specific-customers\">2. Passen Sie Ihre Tarife an bestimmte Kundengruppen an<\/h3>\n\n\n\n<p>Ber\u00fccksichtigen Sie bei der Festlegung von Ladetarifen f\u00fcr Elektrofahrzeuge die Kundensegmente, die Sie bedienen m\u00f6chten. Diese Tarife k\u00f6nnen auf verschiedene Nutzergruppen zugeschnitten werden \u2013 darunter Ihre registrierten Nutzer:innen, Nutzer:innen Ihrer Roaming-Partner (wodurch Ihr Tarif f\u00fcr jeden eMSP gilt) sowie die Nutzer:innen Ihrer B2B-Kund:innen.<\/p>\n\n\n\n<p>Registrierte Nutzer:innen mit einem Konto sind ein naheliegender Ausgangspunkt, aber Tarife m\u00fcssen m\u00f6glicherweise auch f\u00fcr Ad-hoc-Nutzer:innen gelten \u2013 etwa Tourist:innen oder Besucher:innen, die Ihre Ladestationen ohne vorherige Registrierung nutzen. Tarife k\u00f6nnen bestimmten Nutzergruppen zugeordnet oder Teil eines Abonnementmodells sein. Zudem kann ein Tarif standortspezifisch sein und nur f\u00fcr bestimmte Ladestationen (EVSEs) gelten \u2013 je nach deren Standort und verf\u00fcgbaren Annehmlichkeiten. Da zahlreiche Optionen zur Verf\u00fcgung stehen, ist es entscheidend, den Ladetarif individuell auf jedes Segment abzustimmen, um Ihre Gewinnmargen zu erh\u00f6hen.<\/p>\n\n\n<style style=\"border-radius:var(--spacing-4xl, 32px);overflow:hidden;\">.kb-row-layout-id29648_5871e7-3a > .kt-row-column-wrap{align-content:start;}:where(.kb-row-layout-id29648_5871e7-3a > .kt-row-column-wrap) > .wp-block-kadence-column{justify-content:start;}.kb-row-layout-id29648_5871e7-3a > .kt-row-column-wrap{column-gap:var(--global-kb-gap-md, 2rem);row-gap:var(--global-kb-gap-md, 2rem);padding-top:var(--global-kb-spacing-xs, 1rem);padding-right:var(--global-kb-spacing-md, 2rem);padding-bottom:var(--global-kb-spacing-lg, 3rem);padding-left:var(--global-kb-spacing-md, 2rem);grid-template-columns:minmax(0, calc(50% - ((var(--global-kb-gap-md, 2rem) * 1 )\/2)))minmax(0, calc(50% - ((var(--global-kb-gap-md, 2rem) * 1 )\/2)));}.kb-row-layout-id29648_5871e7-3a{background-color:#ddecfa;}.kb-row-layout-id29648_5871e7-3a > .kt-row-layout-overlay{opacity:0.30;}@media all and (max-width: 1024px){.kb-row-layout-id29648_5871e7-3a > .kt-row-column-wrap{grid-template-columns:minmax(0, 1fr) minmax(0, 2fr);}}@media all and (max-width: 767px){.kb-row-layout-id29648_5871e7-3a > .kt-row-column-wrap{grid-template-columns:minmax(0, 1fr);}}<\/style><div class=\"kb-row-layout-wrap kb-row-layout-id29648_5871e7-3a alignnone kt-row-has-bg wp-block-kadence-rowlayout\"><div class=\"kt-row-column-wrap kt-has-2-columns kt-row-layout-right-golden kt-tab-layout-inherit kt-mobile-layout-row kt-row-valign-top\">\n<style>.kadence-column29648_2d723a-8b > .kt-inside-inner-col,.kadence-column29648_2d723a-8b > .kt-inside-inner-col:before{border-top-left-radius:0px;border-top-right-radius:0px;border-bottom-right-radius:0px;border-bottom-left-radius:0px;}.kadence-column29648_2d723a-8b > .kt-inside-inner-col{column-gap:var(--global-kb-gap-sm, 1rem);}.kadence-column29648_2d723a-8b > .kt-inside-inner-col{flex-direction:column;}.kadence-column29648_2d723a-8b > .kt-inside-inner-col > .aligncenter{width:100%;}.kadence-column29648_2d723a-8b > .kt-inside-inner-col:before{opacity:0.3;}.kadence-column29648_2d723a-8b{position:relative;}@media all and (max-width: 1024px){.kadence-column29648_2d723a-8b > .kt-inside-inner-col{flex-direction:column;justify-content:center;}}@media all and (max-width: 767px){.kadence-column29648_2d723a-8b > .kt-inside-inner-col{flex-direction:column;justify-content:center;}}<\/style>\n<div class=\"wp-block-kadence-column kadence-column29648_2d723a-8b inner-column-2\"><div class=\"kt-inside-inner-col\">\n<h3 class=\"wp-block-heading\" id=\"ampeco-developer-hub\">AMPECO Developer Hub<\/h3>\n\n\n\n<p>Erhalten Sie Zugriff auf umfassende API-Dokumentationen und Leitf\u00e4den, die die Produktivit\u00e4t von Entwickler:innen steigern und die Markteinf\u00fchrungszeit bei der Entwicklung individueller Funktionen verk\u00fcrzen.<\/p>\n\n\n\n<div class=\"wp-block-buttons is-layout-flex wp-block-buttons-is-layout-flex\">\n<div class=\"wp-block-button\"><a class=\"wp-block-button__link has-success-background-color has-background wp-element-button\" href=\"https:\/\/developers.ampeco.com\/\" target=\"_blank\" rel=\"noreferrer noopener nofollow\">Entdecken<\/a><\/div>\n<\/div>\n<\/div><\/div>\n\n\n<style>.kadence-column29648_065381-4a > .kt-inside-inner-col,.kadence-column29648_065381-4a > .kt-inside-inner-col:before{border-top-left-radius:0px;border-top-right-radius:0px;border-bottom-right-radius:0px;border-bottom-left-radius:0px;}.kadence-column29648_065381-4a > .kt-inside-inner-col{column-gap:var(--global-kb-gap-sm, 1rem);}.kadence-column29648_065381-4a > .kt-inside-inner-col{flex-direction:column;}.kadence-column29648_065381-4a > .kt-inside-inner-col > .aligncenter{width:100%;}.kadence-column29648_065381-4a > .kt-inside-inner-col:before{opacity:0.3;}.kadence-column29648_065381-4a{position:relative;}@media all and (max-width: 1024px){.kadence-column29648_065381-4a > .kt-inside-inner-col{flex-direction:column;justify-content:center;}}@media all and (max-width: 767px){.kadence-column29648_065381-4a > .kt-inside-inner-col{flex-direction:column;justify-content:center;}}<\/style>\n<div class=\"wp-block-kadence-column kadence-column29648_065381-4a inner-column-1 vertical-center-image\"><div class=\"kt-inside-inner-col\">\n<figure class=\"wp-block-image size-large\"><img loading=\"lazy\" decoding=\"async\" width=\"1024\" height=\"594\" src=\"https:\/\/www.ampeco.com\/content\/uploads\/2024\/01\/ampeco-cta-image-dev-portal-illustrative-mockup-light-bg-1-1024x594.png\" alt=\"-\" class=\"wp-image-29518\" title=\"\" srcset=\"https:\/\/www.ampeco.com\/content\/uploads\/2024\/01\/ampeco-cta-image-dev-portal-illustrative-mockup-light-bg-1-1024x594.png 1024w, https:\/\/www.ampeco.com\/content\/uploads\/2024\/01\/ampeco-cta-image-dev-portal-illustrative-mockup-light-bg-1-300x174.png 300w, https:\/\/www.ampeco.com\/content\/uploads\/2024\/01\/ampeco-cta-image-dev-portal-illustrative-mockup-light-bg-1-768x446.png 768w, https:\/\/www.ampeco.com\/content\/uploads\/2024\/01\/ampeco-cta-image-dev-portal-illustrative-mockup-light-bg-1-1536x891.png 1536w, https:\/\/www.ampeco.com\/content\/uploads\/2024\/01\/ampeco-cta-image-dev-portal-illustrative-mockup-light-bg-1-96x56.png 96w, https:\/\/www.ampeco.com\/content\/uploads\/2024\/01\/ampeco-cta-image-dev-portal-illustrative-mockup-light-bg-1-330x191.png 330w, https:\/\/www.ampeco.com\/content\/uploads\/2024\/01\/ampeco-cta-image-dev-portal-illustrative-mockup-light-bg-1-660x383.png 660w, https:\/\/www.ampeco.com\/content\/uploads\/2024\/01\/ampeco-cta-image-dev-portal-illustrative-mockup-light-bg-1-512x297.png 512w, https:\/\/www.ampeco.com\/content\/uploads\/2024\/01\/ampeco-cta-image-dev-portal-illustrative-mockup-light-bg-1-600x348.png 600w, https:\/\/www.ampeco.com\/content\/uploads\/2024\/01\/ampeco-cta-image-dev-portal-illustrative-mockup-light-bg-1-1200x696.png 1200w, https:\/\/www.ampeco.com\/content\/uploads\/2024\/01\/ampeco-cta-image-dev-portal-illustrative-mockup-light-bg-1-840x487.png 840w, https:\/\/www.ampeco.com\/content\/uploads\/2024\/01\/ampeco-cta-image-dev-portal-illustrative-mockup-light-bg-1-1680x975.png 1680w, https:\/\/www.ampeco.com\/content\/uploads\/2024\/01\/ampeco-cta-image-dev-portal-illustrative-mockup-light-bg-1.png 1794w\" sizes=\"auto, (max-width: 1024px) 100vw, 1024px\" \/><\/figure>\n<\/div><\/div>\n\n<\/div><\/div>\n\n\n<h3 class=\"wp-block-heading\" id=\"3-the-components-that-make-up-a-multi-parameter-tariff\">3. Die Bestandteile eines Mehrparameter-Tarifs<\/h3>\n\n\n<style>.wp-block-kadence-spacer.kt-block-spacer-43668_3e42ee-b4 .kt-block-spacer{height:40px;}.wp-block-kadence-spacer.kt-block-spacer-43668_3e42ee-b4 .kt-divider{border-top-width:1px;height:1px;border-top-color:#eee;width:80%;border-top-style:solid;}<\/style>\n<div class=\"wp-block-kadence-spacer aligncenter kt-block-spacer-43668_3e42ee-b4\"><div class=\"kt-block-spacer kt-block-spacer-halign-center\"><\/div><\/div>\n\n\n\n<figure class=\"wp-block-image aligncenter size-large\"><img loading=\"lazy\" decoding=\"async\" width=\"1980\" height=\"693\" src=\"https:\/\/www.ampeco.com\/content\/uploads\/2023\/03\/example-ev-charging-tariff-structure.svg\" alt=\"-\" class=\"wp-image-16521\" title=\"\"><\/figure>\n\n\n<style>.wp-block-kadence-spacer.kt-block-spacer-43668_97b579-86 .kt-block-spacer{height:40px;}.wp-block-kadence-spacer.kt-block-spacer-43668_97b579-86 .kt-divider{border-top-width:1px;height:1px;border-top-color:#eee;width:80%;border-top-style:solid;}<\/style>\n<div class=\"wp-block-kadence-spacer aligncenter kt-block-spacer-43668_97b579-86\"><div class=\"kt-block-spacer kt-block-spacer-halign-center\"><\/div><\/div>\n\n\n\n<p>Tarife bestehen aus mehreren Parametern, die bei der Erstellung eines Ladetarifplans f\u00fcr Elektrofahrzeuge ber\u00fccksichtigt werden m\u00fcssen.<\/p>\n\n\n\n<p>Eines der wichtigsten Tarifelemente ist die Verbindungsgeb\u00fchr \u2013 eine feste Geb\u00fchr, die zu Beginn des Ladevorgangs erhoben wird. Um zu vermeiden, dass diese Geb\u00fchr bei sehr kurzen oder energiearmen Ladevorg\u00e4ngen anf\u00e4llt, k\u00f6nnen Betreiber von Ladestationen eine Mindestdauer oder einen Mindestenergieverbrauch pro Sitzung festlegen.<\/p>\n\n\n\n<p>Der Preis pro kWh bzw. die Energiekosten k\u00f6nnen in verschiedene Preisstufen unterteilt werden, basierend auf dem Energieverbrauch. F\u00fcr jede Stufe kann ein fester Preis pro kW sowie \u2013 falls zutreffend \u2013 eine Pauschalgeb\u00fchr festgelegt werden. Zus\u00e4tzlich kann eine Zeitgeb\u00fchr basierend auf der Dauer des Ladevorgangs erhoben werden, die ebenfalls in Zeitstufen mit einem festen Preis pro abrechenbarer Einheit und einer eventuellen Pauschalgeb\u00fchr unterteilt werden kann. Um den Zeitraum der Zeitgeb\u00fchr zu definieren, k\u00f6nnen Betreiber ein bestimmtes Zeitintervall festlegen \u2013 beispielsweise alle 15 Minuten.<\/p>\n\n\n\n<p>Leerlaufgeb\u00fchren sind ein weiteres Tarifelement, das vom Netzbetreiber festgelegt werden kann, wenn das Elektrofahrzeug w\u00e4hrend der Sitzung nicht l\u00e4dt. F\u00fcr den Leerlaufzeitraum kann eine Geb\u00fchr pro Minute sowie eine Kulanzzeit (in Minuten) definiert werden, bevor die Leerlaufgeb\u00fchr greift. Die Kulanzzeit gibt den Fahrer:innen die M\u00f6glichkeit, ihr Fahrzeug rechtzeitig zu entfernen, bevor die Geb\u00fchr erhoben wird. Zus\u00e4tzlich k\u00f6nnen Betreiber einen Mindestpreis pro Sitzung festlegen, um sicherzustellen, dass jede Sitzung einen bestimmten Umsatz generiert. Schlie\u00dflich kann zu Beginn der Sitzung ein bestimmter Betrag auf der Zahlungskarte des Nutzers vorautorisiert werden. Die Sitzung wird dann beendet, sobald der vorautorisierte Betrag unter einen festgelegten Schwellenwert f\u00e4llt. Dies stellt sicher, dass der oder die Fahrer:in \u00fcber ausreichende Mittel zur Bezahlung verf\u00fcgt und hilft, Zahlungsprobleme zu vermeiden.<\/p>\n\n\n<style>.wp-block-kadence-spacer.kt-block-spacer-43668_364a6a-4e .kt-block-spacer{height:40px;}.wp-block-kadence-spacer.kt-block-spacer-43668_364a6a-4e .kt-divider{border-top-width:1px;height:1px;border-top-color:#eee;width:80%;border-top-style:solid;}<\/style>\n<div class=\"wp-block-kadence-spacer aligncenter kt-block-spacer-43668_364a6a-4e\"><div class=\"kt-block-spacer kt-block-spacer-halign-center\"><\/div><\/div>\n\n\n\n<figure class=\"wp-block-image aligncenter size-large\"><img loading=\"lazy\" decoding=\"async\" width=\"1980\" height=\"1245\" src=\"https:\/\/www.ampeco.com\/content\/uploads\/2023\/03\/charging-sessions-limitations.svg\" alt=\"Begrenzung von Ladevorg\u00e4ngen\" class=\"wp-image-16522\" title=\"\"><\/figure>\n\n\n<style>.wp-block-kadence-spacer.kt-block-spacer-43668_bb4016-fb .kt-block-spacer{height:40px;}.wp-block-kadence-spacer.kt-block-spacer-43668_bb4016-fb .kt-divider{border-top-width:1px;height:1px;border-top-color:#eee;width:80%;border-top-style:solid;}<\/style>\n<div class=\"wp-block-kadence-spacer aligncenter kt-block-spacer-43668_bb4016-fb\"><div class=\"kt-block-spacer kt-block-spacer-halign-center\"><\/div><\/div>\n\n\n\n<h3 class=\"wp-block-heading\" id=\"4-determine-when-tariffs-are-applied\">4. Festlegen, wann Tarife angewendet werden<\/h3>\n\n\n\n<p>Betreiber von Ladestationen k\u00f6nnen verschiedene Tools und Funktionen nutzen, um zu steuern, wann und wie Tarife angewendet werden. Von Start- und Enddaten f\u00fcr bestimmte Tarife bis hin zu Sonderpreisen an bestimmten Wochentagen oder im Monatsverlauf k\u00f6nnen unterschiedliche Strategien eingesetzt werden, um das Ladeverhalten zu beeinflussen, die Nachfrage w\u00e4hrend Spitzenzeiten auszugleichen und den Nutzer:innen kosteneffizientere und flexiblere Preisoptionen anzubieten.<\/p>\n\n\n\n<h2 class=\"wp-block-heading\" id=\"grouping-tariffs-for-advanced-management-and-targeting\">Tarifgruppierung f\u00fcr fortgeschrittene Verwaltung und gezielte Steuerung<\/h2>\n\n\n\n<p>Die Gruppierung von Tarifen erm\u00f6glicht Betreiber:innen von Ladestationen eine fortschrittliche Verwaltung und gezielte Steuerung. Durch die Anordnung der Tarife nach Wichtigkeit oder Relevanz f\u00fcr die Kund:innen kann sichergestellt werden, dass die attraktivsten Tarife zuerst angewendet werden \u2013 was die Kundenzufriedenheit und -bindung erh\u00f6ht. In F\u00e4llen, in denen ein:e Nutzer:in nicht f\u00fcr einen bevorzugten Tarif berechtigt ist, kann mithilfe einer Fallback-Logik automatisch der n\u00e4chstgeeignete Tarif in der festgelegten Reihenfolge angewendet werden.<\/p>\n\n\n\n<p>Durch die Gruppierung von Tarifen k\u00f6nnen Sie personalisierte und effiziente Ladeerlebnisse schaffen, die gezielt auf bestimmte Partner oder Ladestationen (EVSEs) ausgerichtet sind. So lassen sich ma\u00dfgeschneiderte Preisstrukturen umsetzen, die mit Partnervereinbarungen oder standortspezifischen Anforderungen \u00fcbereinstimmen.<\/p>\n\n\n<style>.wp-block-kadence-spacer.kt-block-spacer-43668_1fb12f-26 .kt-block-spacer{height:40px;}.wp-block-kadence-spacer.kt-block-spacer-43668_1fb12f-26 .kt-divider{border-top-width:1px;height:1px;border-top-color:#eee;width:80%;border-top-style:solid;}<\/style>\n<div class=\"wp-block-kadence-spacer aligncenter kt-block-spacer-43668_1fb12f-26\"><div class=\"kt-block-spacer kt-block-spacer-halign-center\"><\/div><\/div>\n\n\n\n<figure class=\"wp-block-image aligncenter size-large\"><img loading=\"lazy\" decoding=\"async\" width=\"1980\" height=\"1149\" src=\"https:\/\/www.ampeco.com\/content\/uploads\/2023\/03\/assign-tariff-groups-partners-evse.svg\" alt=\"Zuordnung von Tarifgruppen zu Partnern und Ladestationen (EVSEs) \u2013 Abbildung\" class=\"wp-image-16523\" title=\"\"><\/figure>\n\n\n<style>.wp-block-kadence-spacer.kt-block-spacer-43668_b327e0-1b .kt-block-spacer{height:40px;}.wp-block-kadence-spacer.kt-block-spacer-43668_b327e0-1b .kt-divider{border-top-width:1px;height:1px;border-top-color:#eee;width:80%;border-top-style:solid;}<\/style>\n<div class=\"wp-block-kadence-spacer aligncenter kt-block-spacer-43668_b327e0-1b\"><div class=\"kt-block-spacer kt-block-spacer-halign-center\"><\/div><\/div>\n\n\n\n<h2 class=\"wp-block-heading\">Mehrere Anwendungsf\u00e4lle f\u00fcr das Laden von Elektrofahrzeugen, die durch AMPECOs flexible Tarife erm\u00f6glicht werden<\/h2>\n\n\n\n<h4 class=\"wp-block-heading\" id=\"subscription-plans\">Abonnementmodelle<\/h4>\n\n\n\n<p>Kund:innen k\u00f6nnen im Rahmen eines Abonnementmodells zwischen Prepaid- und Postpaid-Zahlungsoptionen w\u00e4hlen. <a href=\"https:\/\/www.ampeco.com\/blog\/postpaid-subscriptions-hoas-ev-charging-use-case\/\" data-type=\"link\" data-id=\"https:\/\/www.ampeco.com\/blog\/postpaid-subscriptions-hoas-ev-charging-use-case\/\">Postpaid-Abonnements<\/a> sind besonders sinnvoll beim Laden in Mehrparteienh\u00e4usern. Betreiber von Ladestationen k\u00f6nnen Wohnungseigent\u00fcmergemeinschaften (WEGs) dabei unterst\u00fctzen, <a href=\"https:\/\/www.ampeco.com\/de\/ev-ladeplattform\/zahlungen-und-abrechnungen\/\" data-type=\"link\" data-id=\"https:\/\/www.ampeco.com\/de\/ev-ladeplattform\/zahlungen-und-abrechnungen\/\">Zahlungen f\u00fcr das Laden von Elektrofahrzeugen zu vereinfachen<\/a> \u2013 mit einem Postpaid-Modell, das eine feste Grundgeb\u00fchr sowie die Summe aller Ladevorg\u00e4nge im Monat umfasst. Dies entspricht den g\u00e4ngigen Abrechnungsmodellen f\u00fcr Versorgungsleistungen und sorgt f\u00fcr Einnahmensicherheit auf Seiten der WEG. Zudem k\u00f6nnen Sie Werbekampagnen, Sonderaktionen und Rabatte nutzen, um Ihre Marke zu st\u00e4rken und langfristige Beziehungen zu Ihren Abonnent:innen aufzubauen.<\/p>\n\n\n\n<h4 class=\"wp-block-heading\" id=\"user-groups\">Nutzergruppen<\/h4>\n\n\n\n<p>Mit Nutzergruppen k\u00f6nnen Sie die Monetarisierung Ihres Netzwerks maximieren, indem Sie separate Tarife f\u00fcr verschiedene Nutzergruppen wie VIPs, Mitarbeitende, Kund:innen usw. erstellen. Jede Gruppe erh\u00e4lt einen individuellen Tarif mit spezifischen Einschr\u00e4nkungen f\u00fcr ihre Ladevorg\u00e4nge. Dadurch k\u00f6nnen Sie die Preisgestaltung je nach Nutzerpriorit\u00e4t am selben Ladeort differenzieren oder zwischen \u00f6ffentlichem und privatem Laden unterschiedlich abrechnen. Im Kontext des Ladens am Arbeitsplatz k\u00f6nnten Sie beispielsweise einen Tarif f\u00fcr die breite \u00d6ffentlichkeit anbieten, einen verg\u00fcnstigten Tarif f\u00fcr bestimmte Nutzer:innen wie Ihre Mitarbeitenden und zus\u00e4tzliche Anreize wie kostenloses Laden unter bestimmten Bedingungen f\u00fcr Kund:innen schaffen.<\/p>\n\n\n\n<h4 class=\"wp-block-heading\" id=\"electricity-rates\">Stromtarife<\/h4>\n\n\n\n<p>Mit flexiblen Tarifen k\u00f6nnen Sie Strompreise je nach Tages- oder Wochenzeit anpassen. So k\u00f6nnen Sie beispielsweise einen Nacht- und Tagestarif einf\u00fchren, bei dem der Energieverbrauch zu unterschiedlichen Zeiten unterschiedlich bepreist wird. Zudem k\u00f6nnen Sie mit Stromtarifanbietern wie Octopus Energy zusammenarbeiten, um den Energiepreis in gleichm\u00e4\u00dfigen Intervallen \u00fcber den Tag hinweg anzupassen. Auf diese Weise profitieren Ihre Kund:innen von g\u00fcnstigeren Preisen w\u00e4hrend der Nebenzeiten und gleichzeitig von wettbewerbsf\u00e4higen Tarifen w\u00e4hrend der Spitzenzeiten. Besonders Flottenbetreiber k\u00f6nnen von flexiblen Tarifen erheblich profitieren: Durch strategische Planung ihrer Ladevorg\u00e4nge lassen sich Energiekosten senken und gleichzeitig sicherstellen, dass die Fahrzeuge jederzeit betriebsbereit sind.<\/p>\n\n\n\n<h2 class=\"wp-block-heading\" id=\"amplify-your-revenue-with-ampec-os-flexible-ev-charging-tariffs\">Steigern Sie Ihre Ums\u00e4tze mit den flexiblen Ladetarifen von AMPECO<\/h2>\n\n\n\n<p>Zu wissen, wie Sie flexible Ladetarife f\u00fcr Elektrofahrzeuge zu Ihrem Vorteil nutzen, ist entscheidend, um Ihre Gewinne zu steigern und das Kundenerlebnis zu verbessern. AMPECO verf\u00fcgt \u00fcber umfassende Erfahrung im Tarifmanagement \u2013 mit \u00fcber 120 Kund:innen in mehr als 45 M\u00e4rkten weltweit. Unser Expertenteam f\u00fcr EV-Ladel\u00f6sungen ber\u00e4t Sie gerne bei diesem gesch\u00e4ftskritischen Thema und unterst\u00fctzt Sie dabei, Ihren spezifischen Business Case erfolgreich umzusetzen. Dank der hohen Flexibilit\u00e4t unserer <a href=\"https:\/\/www.ampeco.com\/de\/ev-ladeplattform\/\" data-type=\"link\" data-id=\"https:\/\/www.ampeco.com\/de\/ev-ladeplattform\/\">EV-Lademanagement-Plattform<\/a> k\u00f6nnen Sie Ihre Tarife jederzeit an ver\u00e4nderte Anforderungen anpassen und verschiedenste komplexe Anwendungsf\u00e4lle abdecken. Dar\u00fcber hinaus lassen sich unsere flexiblen Ladetarife bequem \u00fcber unsere API verwalten und steuern \u2013 f\u00fcr eine nahtlose Integration in Ihre bestehenden Systeme und Prozesse.<\/p>\n\n\n\n<div style=\"border-radius:var(--spacing-4xl, 32px);overflow:hidden;\" class=\"wp-block-group is-style-tilted-green-bg is-layout-constrained wp-block-group-is-layout-constrained\">\n<p class=\"has-text-align-left\">Kontaktieren Sie uns, um mehr dar\u00fcber zu erfahren, wie wir Sie dabei unterst\u00fctzen k\u00f6nnen, das volle Potenzial flexibler Ladetarife f\u00fcr Elektrofahrzeuge auszusch\u00f6pfen.<\/p>\n\n\n\n<div class=\"wp-block-buttons is-horizontal is-content-justification-left is-layout-flex wp-container-core-buttons-is-layout-20be11b6 wp-block-buttons-is-layout-flex\">\n<div class=\"wp-block-button is-style-fill\"><a class=\"wp-block-button__link has-bluenew-color has-lightbluebg-background-color has-text-color has-background wp-element-button\" href=\"https:\/\/www.ampeco.com\/de\/demo\/\">Demo buchen<\/a><\/div>\n<\/div>\n<\/div>\n","protected":false},"excerpt":{"rendered":"<p>Die Bedeutung flexibler Tarifgestaltung verstehen Flexible Ladetarife f\u00fcr Elektrofahrzeuge sind ein wirkungsvolles Instrument in Ihrem Arsenal, mit dem Sie Ihr Netzwerk effektiv monetarisieren und ein positives Kundenerlebnis schaffen k\u00f6nnen. Mit Mehrparameter-Tarifen k\u00f6nnen [&hellip;]<\/p>\n","protected":false},"author":24,"featured_media":22192,"comment_status":"open","ping_status":"open","sticky":false,"template":"","format":"standard","meta":{"_acf_changed":false,"inline_featured_image":false,"footnotes":""},"categories":[567],"tags":[569,570],"class_list":["post-43668","post","type-post","status-publish","format-standard","has-post-thumbnail","hentry","category-produkt-highlights","tag-ev-charging-tariff-de","tag-payment-de"],"acf":[],"_links":{"self":[{"href":"https:\/\/www.ampeco.com\/de\/wp-json\/wp\/v2\/posts\/43668","targetHints":{"allow":["GET"]}}],"collection":[{"href":"https:\/\/www.ampeco.com\/de\/wp-json\/wp\/v2\/posts"}],"about":[{"href":"https:\/\/www.ampeco.com\/de\/wp-json\/wp\/v2\/types\/post"}],"author":[{"embeddable":true,"href":"https:\/\/www.ampeco.com\/de\/wp-json\/wp\/v2\/users\/24"}],"replies":[{"embeddable":true,"href":"https:\/\/www.ampeco.com\/de\/wp-json\/wp\/v2\/comments?post=43668"}],"version-history":[{"count":4,"href":"https:\/\/www.ampeco.com\/de\/wp-json\/wp\/v2\/posts\/43668\/revisions"}],"predecessor-version":[{"id":43676,"href":"https:\/\/www.ampeco.com\/de\/wp-json\/wp\/v2\/posts\/43668\/revisions\/43676"}],"wp:featuredmedia":[{"embeddable":true,"href":"https:\/\/www.ampeco.com\/de\/wp-json\/wp\/v2\/media\/22192"}],"wp:attachment":[{"href":"https:\/\/www.ampeco.com\/de\/wp-json\/wp\/v2\/media?parent=43668"}],"wp:term":[{"taxonomy":"category","embeddable":true,"href":"https:\/\/www.ampeco.com\/de\/wp-json\/wp\/v2\/categories?post=43668"},{"taxonomy":"post_tag","embeddable":true,"href":"https:\/\/www.ampeco.com\/de\/wp-json\/wp\/v2\/tags?post=43668"}],"curies":[{"name":"wp","href":"https:\/\/api.w.org\/{rel}","templated":true}]}}