{"id":43645,"date":"2024-12-06T10:58:17","date_gmt":"2024-12-06T10:58:17","guid":{"rendered":"https:\/\/www.ampeco.com\/blog\/top-20-ev-ladeveranstaltungen-2025\/"},"modified":"2025-04-15T07:05:27","modified_gmt":"2025-04-15T07:05:27","slug":"top-20-ev-ladeveranstaltungen-2025","status":"publish","type":"post","link":"https:\/\/www.ampeco.com\/de\/blog\/top-20-ev-ladeveranstaltungen-2025\/","title":{"rendered":"Die 20 wichtigsten Veranstaltungen zum Laden von Elektrofahrzeugen f\u00fcr CPOs im Jahr 2025"},"content":{"rendered":"\n<p>Angesichts der rasanten Entwicklung der Elektrofahrzeugbranche war es f\u00fcr Betreiber von Ladepunkten (CPOs) noch nie so wichtig, \u00fcber die neuesten Entwicklungen, Technologien und Vernetzungsm\u00f6glichkeiten auf dem Laufenden zu bleiben. Bei AMPECO beobachten wir nicht nur die Veranstaltungen der Branche &#8211; wir gestalten die Zukunft der eMobilit\u00e4t aktiv mit, indem wir den Betreibern von Ladepunkten auf der ganzen Welt modernste <a href=\"https:\/\/www.ampeco.com\/de\/ev-ladeplattform\/\">Ladel\u00f6sungen<\/a> zur Verf\u00fcgung stellen. <\/p>\n\n<p>Durch unsere Anwesenheit bei wichtigen Branchentreffen haben wir aus erster Hand erfahren, wie diese Veranstaltungen als wichtige Orte dienen, an denen CPOs Spitzentechnologien erforschen, strategische Partnerschaften schmieden und Einblicke in die L\u00f6sung komplexer Branchenprobleme gewinnen.<\/p>\n\n<p>Aufgrund unserer umfangreichen Erfahrung mit der Teilnahme an mehr als 50 globalen <a href=\"https:\/\/www.ampeco.com\/de\/veranstaltungen\/\">Veranstaltungen zum Laden von Elektrofahrzeugen<\/a> allein im Jahr 2024 und unserer T\u00e4tigkeit in mehr als 60 M\u00e4rkten weltweit wissen wir um die Bedeutung von Branchentreffen. Da die Landschaft f\u00fcr das Laden von Elektrofahrzeugen immer komplexer wird, werden diese Veranstaltungen zu wichtigen Foren, um die dringenden Herausforderungen in Bezug auf die Zuverl\u00e4ssigkeit, Skalierbarkeit und Rentabilit\u00e4t der Infrastruktur anzugehen. <\/p>\n\n<p>F\u00fcr das Jahr 2025 haben wir einen umfassenden Leitfaden mit den wichtigsten Veranstaltungen zum Laden von Elektrofahrzeugen zusammengestellt, die nach Regionen geordnet sind. So k\u00f6nnen Sie Ihre Teilnahme auf der Grundlage Ihrer Marktschwerpunkte und Expansionspl\u00e4ne besser planen. Von etablierten M\u00e4rkten in Europa und Nordamerika bis hin zu aufstrebenden Gelegenheiten im Nahen Osten und im asiatisch-pazifischen Raum bieten diese Veranstaltungen einzigartige Einblicke in regionale Entwicklungen, ohne dabei die globale Perspektive aus den Augen zu verlieren. <\/p>\n\n<div class=\"wp-block-rank-math-toc-block\" id=\"rank-math-toc\"><h2>Table of Contents<\/h2><nav><ol><li><a href=\"#european-ev-charging-events\">Europ\u00e4ische Veranstaltungen zum Laden von Elektrofahrzeugen<\/a><ol><li><a href=\"#charging-infrastructure-congress-belgium-and-netherlands\">Charging Infrastructure Congress &#8211; Belgien und Niederlande<\/a><\/li><li><a href=\"#nordic-ev-summit\">Nordischer EV-Gipfel<\/a><\/li><li><a href=\"#power-2-drive-europe\">Power2Drive Europa  <\/a><\/li><li><a href=\"#drive-to-zero\">Drive to Zero<\/a><\/li><li><a href=\"#evs-38\">EVS38<\/a><\/li><li><a href=\"#icnc-intercharge-network-conference\">ICNC (Intercharge Netzwerk Konferenz)<\/a><\/li><li><a href=\"#ev-summit-uk\">EV-Gipfel UK<\/a><\/li><li><a href=\"#green-auto-summit\">Gr\u00fcner Auto-Gipfel<\/a><\/li><li><a href=\"#transport-energy-forum\">Forum Transport + Energie<\/a><\/li><\/ol><\/li><li><a href=\"#north-american-ev-charging-events\">Nordamerikanische EV-Ladeveranstaltungen<\/a><ol><li><a href=\"#char-in-testival-conference-north-america\">CharIN Testival NORTH AMERICA 2025 &#8211; Detroit<\/a><\/li><li><a href=\"#ev-charging-summit-expo\">EV Charging Summit &amp; Expo<\/a><\/li><li><a href=\"#ev-charging-expo\">EV &amp; Charging Expo<\/a><\/li><li><a href=\"#advanced-clean-transportation-act-expo\">Ausstellung f\u00fcr fortschrittlichen sauberen Transport (ACT)<\/a><\/li><li><a href=\"#move-america\">MOVE Amerika<\/a><\/li><li><a href=\"#forth-roadmap-conference\">Forth Roadmap Konferenz<\/a><\/li><\/ol><\/li><li><a href=\"#middle-east-asia-pacific-ev-charging-events\">Veranstaltungen zum Laden von Elektrofahrzeugen im Nahen Osten und Asien-Pazifik<\/a><ol><li><a href=\"#ev-charge-live-thailand\">EV Charge Live Thailand<\/a><\/li><li><a href=\"#evis-electric-vehicle-innovation-summit\">EVIS (Innovationsgipfel f\u00fcr Elektrofahrzeuge)<\/a><\/li><li><a href=\"#future-mobility-asia\">Zuk\u00fcnftige Mobilit\u00e4t Asien<\/a><\/li><li><a href=\"#ev-auto-show\">EV Auto Show<\/a><\/li><li><a href=\"#ev-technology-and-infrastructure-at-all-energy-australia\">EV-Technologie und Infrastruktur bei All Energy Australia<\/a><\/li><\/ol><\/li><li><a href=\"#stay-ahead-in-the-fast-evolving-ev-charging-industry\">Bleiben Sie in der sich schnell entwickelnden EV-Ladeindustrie an der Spitze<\/a><\/li><\/ol><\/nav><\/div>\n\n<h2 class=\"wp-block-heading\" id=\"european-ev-charging-events\"><strong>Europ\u00e4ische Veranstaltungen zum Laden von Elektrofahrzeugen<\/strong><\/h2>\n\n<p>Die europ\u00e4ischen Veranstaltungen zum Laden von Elektroautos im Jahr 2025 spiegeln die f\u00fchrende Rolle des Kontinents bei der Elektromobilit\u00e4t wider. L\u00e4nder wie Norwegen haben einen Marktanteil von \u00fcber 80 % bei Elektroautos erreicht und die EU strebt bis 2035 den Verkauf von 100 % emissionsfreien Fahrzeugen an. Diese Veranstaltungen reichen von technischen Konferenzen in Deutschland und den Niederlanden bis hin zu politisch ausgerichteten Gipfeltreffen in Gro\u00dfbritannien und den nordischen L\u00e4ndern. Sie zeigen innovative Ans\u00e4tze f\u00fcr die Einf\u00fchrung von Elektroautos und bringen f\u00fchrende Unternehmen der Branche zusammen, die sich mit den Herausforderungen von der Netzintegration bis zu st\u00e4dtischen Ladel\u00f6sungen befassen. <\/p>\n<style>.wp-block-kadence-spacer.kt-block-spacer-40971_9fa58b-ae .kt-block-spacer{height:60px;}.wp-block-kadence-spacer.kt-block-spacer-40971_9fa58b-ae .kt-divider{border-top-width:1px;height:1px;border-top-color:#eee;width:80%;border-top-style:solid;}<\/style>\n<div class=\"wp-block-kadence-spacer aligncenter kt-block-spacer-40971_9fa58b-ae\"><div class=\"kt-block-spacer kt-block-spacer-halign-center\"><\/div><\/div>\n\n<figure class=\"wp-block-image size-large\"><img loading=\"lazy\" decoding=\"async\" width=\"1024\" height=\"538\" src=\"https:\/\/www.ampeco.com\/content\/uploads\/2024\/12\/ampeco-event-congres-laadinfra-2025-1024x538.png\" alt=\"-\" class=\"wp-image-41105\" title=\"\" srcset=\"https:\/\/www.ampeco.com\/content\/uploads\/2024\/12\/ampeco-event-congres-laadinfra-2025-1024x538.png 1024w, https:\/\/www.ampeco.com\/content\/uploads\/2024\/12\/ampeco-event-congres-laadinfra-2025-300x158.png 300w, https:\/\/www.ampeco.com\/content\/uploads\/2024\/12\/ampeco-event-congres-laadinfra-2025-768x403.png 768w, https:\/\/www.ampeco.com\/content\/uploads\/2024\/12\/ampeco-event-congres-laadinfra-2025-1536x806.png 1536w, https:\/\/www.ampeco.com\/content\/uploads\/2024\/12\/ampeco-event-congres-laadinfra-2025-96x50.png 96w, https:\/\/www.ampeco.com\/content\/uploads\/2024\/12\/ampeco-event-congres-laadinfra-2025-330x173.png 330w, https:\/\/www.ampeco.com\/content\/uploads\/2024\/12\/ampeco-event-congres-laadinfra-2025-660x347.png 660w, https:\/\/www.ampeco.com\/content\/uploads\/2024\/12\/ampeco-event-congres-laadinfra-2025-512x269.png 512w, https:\/\/www.ampeco.com\/content\/uploads\/2024\/12\/ampeco-event-congres-laadinfra-2025-600x315.png 600w, https:\/\/www.ampeco.com\/content\/uploads\/2024\/12\/ampeco-event-congres-laadinfra-2025-1200x630.png 1200w, https:\/\/www.ampeco.com\/content\/uploads\/2024\/12\/ampeco-event-congres-laadinfra-2025-840x441.png 840w, https:\/\/www.ampeco.com\/content\/uploads\/2024\/12\/ampeco-event-congres-laadinfra-2025-1680x882.png 1680w, https:\/\/www.ampeco.com\/content\/uploads\/2024\/12\/ampeco-event-congres-laadinfra-2025-32x17.png 32w, https:\/\/www.ampeco.com\/content\/uploads\/2024\/12\/ampeco-event-congres-laadinfra-2025.png 1800w\" sizes=\"auto, (max-width: 1024px) 100vw, 1024px\" \/><\/figure>\n\n<h3 class=\"wp-block-heading\" id=\"charging-infrastructure-congress-belgium-and-netherlands\"><a href=\"https:\/\/www.congreslaadinfra.be\/en\/\" rel=\"nofollow noopener\" target=\"_blank\">Charging Infrastructure Congress &#8211; Belgien und Niederlande<\/a><\/h3>\n\n<p><strong>Termine:<\/strong> Belgien &#8211; 11. Februar 2025; Niederlande &#8211; 20. Mai 2025<br\/><strong>Ort:<\/strong> Belgien: Event Lounge Brussel, Schaarbeek; Niederlande &#8211; Act Eventstudios im IPKW, Arnheim.<br\/><strong>Organisator:<\/strong> ProMedia<br\/><strong>Teilnehmer:<\/strong> Treffen Sie mehr als 300 Fachleute, die an der Ladeinfrastruktur arbeiten, um die neuesten Entwicklungen zu diskutieren. Am Kongress Laadinfra nehmen u.a. Regierungen, Gemeinden, Provinzen und Regionen, Infrastrukturmanager, Flottenbesitzer, Anbieter von Ladeinfrastruktur, Anbieter von Softwarel\u00f6sungen und Netzbetreiber teil. <\/p>\n\n<p><strong>Warum teilnehmen: <\/strong>Die Entwicklung der Ladeinfrastruktur beschleunigt sich rapide, und es werden erhebliche Anstrengungen unternommen, um das elektrische Fahren zu f\u00f6rdern. Belgien und die Niederlande sind auf dem Weg zur europ\u00e4ischen Spitze bei Elektroautos, und auch Elektro-Lkw sind auf dem Vormarsch. Das Wachstum dieses Marktes bringt jedoch erhebliche Herausforderungen mit sich: Wie k\u00f6nnen wir sicherstellen, dass das Energieangebot der Nachfrage entspricht, und k\u00f6nnen wir den steigenden Verbrauch bew\u00e4ltigen? Nehmen Sie an den Kongressen zur Ladeinfrastruktur in Belgien und den Niederlanden im Jahr 2025 teil und erfahren Sie, wie wir gemeinsam eine nachhaltige und innovative Infrastruktur f\u00fcr den Elektroverkehr schaffen k\u00f6nnen.   <\/p>\n<style>.wp-block-kadence-spacer.kt-block-spacer-40971_811b9a-ed .kt-block-spacer{height:60px;}.wp-block-kadence-spacer.kt-block-spacer-40971_811b9a-ed .kt-divider{border-top-width:1px;height:1px;border-top-color:#eee;width:80%;border-top-style:solid;}<\/style>\n<div class=\"wp-block-kadence-spacer aligncenter kt-block-spacer-40971_811b9a-ed\"><div class=\"kt-block-spacer kt-block-spacer-halign-center\"><\/div><\/div>\n\n<figure class=\"wp-block-image size-large\"><img loading=\"lazy\" decoding=\"async\" width=\"1024\" height=\"538\" src=\"https:\/\/www.ampeco.com\/content\/uploads\/2024\/12\/ampeco-event-nordic-ev-summit-2025-1024x538.png\" alt=\"-\" class=\"wp-image-41205\" title=\"\" srcset=\"https:\/\/www.ampeco.com\/content\/uploads\/2024\/12\/ampeco-event-nordic-ev-summit-2025-1024x538.png 1024w, https:\/\/www.ampeco.com\/content\/uploads\/2024\/12\/ampeco-event-nordic-ev-summit-2025-300x158.png 300w, https:\/\/www.ampeco.com\/content\/uploads\/2024\/12\/ampeco-event-nordic-ev-summit-2025-768x403.png 768w, https:\/\/www.ampeco.com\/content\/uploads\/2024\/12\/ampeco-event-nordic-ev-summit-2025-1536x806.png 1536w, https:\/\/www.ampeco.com\/content\/uploads\/2024\/12\/ampeco-event-nordic-ev-summit-2025-96x50.png 96w, https:\/\/www.ampeco.com\/content\/uploads\/2024\/12\/ampeco-event-nordic-ev-summit-2025-330x173.png 330w, https:\/\/www.ampeco.com\/content\/uploads\/2024\/12\/ampeco-event-nordic-ev-summit-2025-660x347.png 660w, https:\/\/www.ampeco.com\/content\/uploads\/2024\/12\/ampeco-event-nordic-ev-summit-2025-512x269.png 512w, https:\/\/www.ampeco.com\/content\/uploads\/2024\/12\/ampeco-event-nordic-ev-summit-2025-600x315.png 600w, https:\/\/www.ampeco.com\/content\/uploads\/2024\/12\/ampeco-event-nordic-ev-summit-2025-1200x630.png 1200w, https:\/\/www.ampeco.com\/content\/uploads\/2024\/12\/ampeco-event-nordic-ev-summit-2025-840x441.png 840w, https:\/\/www.ampeco.com\/content\/uploads\/2024\/12\/ampeco-event-nordic-ev-summit-2025-1680x882.png 1680w, https:\/\/www.ampeco.com\/content\/uploads\/2024\/12\/ampeco-event-nordic-ev-summit-2025-32x17.png 32w, https:\/\/www.ampeco.com\/content\/uploads\/2024\/12\/ampeco-event-nordic-ev-summit-2025.png 1800w\" sizes=\"auto, (max-width: 1024px) 100vw, 1024px\" \/><\/figure>\n\n<h3 class=\"wp-block-heading\" id=\"nordic-ev-summit\"><a href=\"https:\/\/nordicevs.no\/\" rel=\"nofollow noopener\" target=\"_blank\">Nordic EV Summit<\/a><\/h3>\n\n<p><strong>Termine:<\/strong> April 9-10, 2025<br\/><strong>Ort:<\/strong> Oslo, Norwegen<br\/><strong>Organisator:<\/strong> Norwegian EV Association und NOVA Spektrum<br\/><strong>Teilnehmer:<\/strong> F\u00fchrungskr\u00e4fte aus der Fahrzeugherstellung, Ladeunternehmen, Mineralien- und Batterieindustrie sowie Organisationen und politische Entscheidungstr\u00e4ger<\/p>\n\n<p><strong>Warum teilnehmen:<\/strong> Das 8. j\u00e4hrliche Gipfeltreffen verspricht ein bahnbrechendes Ereignis zu werden, um Norwegens Erreichen des Ziels zu feiern, nur noch mit Elektrofahrzeugen zu fahren. Bei der Ausgabe 2025 wird es eine besondere Feier im kultigen Ekeberg Restaurant mit Blick auf Oslo geben, bei der die Teilnehmer die bemerkenswerte Reise Norwegens in Sachen Elektromobilit\u00e4t miterleben werden. Aufbauend auf dem Erfolg der vorangegangenen Jahre, an denen \u00fcber 1.300 Delegierte aus mehr als 40 L\u00e4ndern teilgenommen haben, ist dieser Gipfel weiterhin f\u00fchrend in der globalen Diskussion \u00fcber nachhaltigen Transport.  <\/p>\n<style>.wp-block-kadence-spacer.kt-block-spacer-40971_761f1d-b1 .kt-block-spacer{height:60px;}.wp-block-kadence-spacer.kt-block-spacer-40971_761f1d-b1 .kt-divider{border-top-width:1px;height:1px;border-top-color:#eee;width:80%;border-top-style:solid;}<\/style>\n<div class=\"wp-block-kadence-spacer aligncenter kt-block-spacer-40971_761f1d-b1\"><div class=\"kt-block-spacer kt-block-spacer-halign-center\"><\/div><\/div>\n\n<figure class=\"wp-block-image size-large\"><img loading=\"lazy\" decoding=\"async\" width=\"1024\" height=\"538\" src=\"https:\/\/www.ampeco.com\/content\/uploads\/2024\/12\/ampeco-event-power-2-drive-europe-2025-1024x538.png\" alt=\"-\" class=\"wp-image-41215\" title=\"\" srcset=\"https:\/\/www.ampeco.com\/content\/uploads\/2024\/12\/ampeco-event-power-2-drive-europe-2025-1024x538.png 1024w, https:\/\/www.ampeco.com\/content\/uploads\/2024\/12\/ampeco-event-power-2-drive-europe-2025-300x158.png 300w, https:\/\/www.ampeco.com\/content\/uploads\/2024\/12\/ampeco-event-power-2-drive-europe-2025-768x403.png 768w, https:\/\/www.ampeco.com\/content\/uploads\/2024\/12\/ampeco-event-power-2-drive-europe-2025-1536x806.png 1536w, https:\/\/www.ampeco.com\/content\/uploads\/2024\/12\/ampeco-event-power-2-drive-europe-2025-96x50.png 96w, https:\/\/www.ampeco.com\/content\/uploads\/2024\/12\/ampeco-event-power-2-drive-europe-2025-330x173.png 330w, https:\/\/www.ampeco.com\/content\/uploads\/2024\/12\/ampeco-event-power-2-drive-europe-2025-660x347.png 660w, https:\/\/www.ampeco.com\/content\/uploads\/2024\/12\/ampeco-event-power-2-drive-europe-2025-512x269.png 512w, https:\/\/www.ampeco.com\/content\/uploads\/2024\/12\/ampeco-event-power-2-drive-europe-2025-600x315.png 600w, https:\/\/www.ampeco.com\/content\/uploads\/2024\/12\/ampeco-event-power-2-drive-europe-2025-1200x630.png 1200w, https:\/\/www.ampeco.com\/content\/uploads\/2024\/12\/ampeco-event-power-2-drive-europe-2025-840x441.png 840w, https:\/\/www.ampeco.com\/content\/uploads\/2024\/12\/ampeco-event-power-2-drive-europe-2025-1680x882.png 1680w, https:\/\/www.ampeco.com\/content\/uploads\/2024\/12\/ampeco-event-power-2-drive-europe-2025-32x17.png 32w, https:\/\/www.ampeco.com\/content\/uploads\/2024\/12\/ampeco-event-power-2-drive-europe-2025.png 1800w\" sizes=\"auto, (max-width: 1024px) 100vw, 1024px\" \/><\/figure>\n\n<h3 class=\"wp-block-heading\" id=\"power-2-drive-europe\"><a href=\"https:\/\/www.powertodrive.de\/home\" rel=\"nofollow noopener\" target=\"_blank\">Power2Drive Europe<\/a> <\/h3>\n\n<p><strong>Termine:<\/strong> Ausstellung: Mai 7-9, 2025 | Konferenz: Mai 6-7, 2025<br\/><strong>Ort:<\/strong> Messe M\u00fcnchen &amp; ICM M\u00fcnchen, Deutschland<br\/><strong>Organisator:<\/strong> The smarter E Europe<br\/><strong>Teilnehmer:<\/strong> Hersteller, Zulieferer, Installateure, H\u00e4ndler, Flotten- und Energiemanager, Ladestationsbetreiber, E-Mobilit\u00e4tsdienstleister und Start-ups<\/p>\n\n<p><strong>Warum teilnehmen:<\/strong> Unter dem Motto &#8222;Charging the future of mobility&#8220; bringt diese internationale Ausstellung das gesamte \u00d6kosystem der Elektromobilit\u00e4t zusammen. Die Veranstaltung konzentriert sich auf Ladesysteme, Elektrofahrzeuge, Traktionsbatterien und Mobilit\u00e4tsdienstleistungen und zeigt innovative L\u00f6sungen f\u00fcr nachhaltige Mobilit\u00e4t. Aufbauend auf dem Erfolg der Vorjahre, die mehr als 2.400 Aussteller und 106.000 Besucher anzogen, demonstriert die Power2Drive Europe weiterhin die Verbindung zwischen Elektrofahrzeugen und nachhaltiger Energieversorgung auf globaler Ebene.  <\/p>\n<style>.wp-block-kadence-spacer.kt-block-spacer-40971_16272e-3e .kt-block-spacer{height:60px;}.wp-block-kadence-spacer.kt-block-spacer-40971_16272e-3e .kt-divider{border-top-width:1px;height:1px;border-top-color:#eee;width:80%;border-top-style:solid;}<\/style>\n<div class=\"wp-block-kadence-spacer aligncenter kt-block-spacer-40971_16272e-3e\"><div class=\"kt-block-spacer kt-block-spacer-halign-center\"><\/div><\/div>\n\n<figure class=\"wp-block-image size-large\"><img loading=\"lazy\" decoding=\"async\" width=\"1024\" height=\"538\" src=\"https:\/\/www.ampeco.com\/content\/uploads\/2024\/12\/ampeco-event-drive-to-zero-2025-1024x538.png\" alt=\"-\" class=\"wp-image-41115\" title=\"\" srcset=\"https:\/\/www.ampeco.com\/content\/uploads\/2024\/12\/ampeco-event-drive-to-zero-2025-1024x538.png 1024w, https:\/\/www.ampeco.com\/content\/uploads\/2024\/12\/ampeco-event-drive-to-zero-2025-300x158.png 300w, https:\/\/www.ampeco.com\/content\/uploads\/2024\/12\/ampeco-event-drive-to-zero-2025-768x403.png 768w, https:\/\/www.ampeco.com\/content\/uploads\/2024\/12\/ampeco-event-drive-to-zero-2025-1536x806.png 1536w, https:\/\/www.ampeco.com\/content\/uploads\/2024\/12\/ampeco-event-drive-to-zero-2025-96x50.png 96w, https:\/\/www.ampeco.com\/content\/uploads\/2024\/12\/ampeco-event-drive-to-zero-2025-330x173.png 330w, https:\/\/www.ampeco.com\/content\/uploads\/2024\/12\/ampeco-event-drive-to-zero-2025-660x347.png 660w, https:\/\/www.ampeco.com\/content\/uploads\/2024\/12\/ampeco-event-drive-to-zero-2025-512x269.png 512w, https:\/\/www.ampeco.com\/content\/uploads\/2024\/12\/ampeco-event-drive-to-zero-2025-600x315.png 600w, https:\/\/www.ampeco.com\/content\/uploads\/2024\/12\/ampeco-event-drive-to-zero-2025-1200x630.png 1200w, https:\/\/www.ampeco.com\/content\/uploads\/2024\/12\/ampeco-event-drive-to-zero-2025-840x441.png 840w, https:\/\/www.ampeco.com\/content\/uploads\/2024\/12\/ampeco-event-drive-to-zero-2025-1680x882.png 1680w, https:\/\/www.ampeco.com\/content\/uploads\/2024\/12\/ampeco-event-drive-to-zero-2025-32x17.png 32w, https:\/\/www.ampeco.com\/content\/uploads\/2024\/12\/ampeco-event-drive-to-zero-2025.png 1800w\" sizes=\"auto, (max-width: 1024px) 100vw, 1024px\" \/><\/figure>\n\n<h3 class=\"wp-block-heading\" id=\"drive-to-zero\"><a href=\"https:\/\/event.drivetozero.fr\/en\/index\" rel=\"nofollow noopener\" target=\"_blank\">Drive to Zero<\/a><\/h3>\n\n<p><strong>Termine:<\/strong> 4-5. Juni 2025<\/p>\n\n<p><strong>Ort:<\/strong> Paris Expo Porte de Versailles, Pavillon 5, Frankreich<\/p>\n\n<p><strong>Organisator:<\/strong> InfoProDigital<\/p>\n\n<p><strong>Teilnehmer: <\/strong>Fahrzeug- und Ausr\u00fcstungshersteller, Energielieferanten, Hersteller, Betreiber von Ladestationen, lokale und staatliche Beh\u00f6rden, \u00c4mter und Abteilungen, Fuhrparkmanager, Facility Manager, Betreiber \u00f6ffentlicher Verkehrsmittel, Fracht- und Logistikunternehmen, Immobilienfachleute (Wohnungsbau, B\u00fcros, Unternehmen), Fachleute aus dem nachgelagerten Automobilsektor, private und \u00f6ffentliche Eink\u00e4ufer, die nach L\u00f6sungen f\u00fcr Flotten, Infrastruktur, Ausr\u00fcstung und Fahrzeuge suchen<\/p>\n\n<p><strong>Warum teilnehmen: <\/strong>Als europ\u00e4ischer Treffpunkt f\u00fcr kohlenstofffreie Mobilit\u00e4t bietet Drive to Zero privaten und \u00f6ffentlichen Akteuren Informationen und L\u00f6sungen, um die Herausforderungen bei der Einf\u00fchrung kohlenstoffarmer Mobilit\u00e4t zu meistern und gleichzeitig den Wandel der Branche zu unterst\u00fctzen. Es bringt \u00f6ffentliche und private Akteure zusammen, um die notwendige Infrastruktur zu schaffen und kohlenstoffarme Mobilit\u00e4tsl\u00f6sungen zu f\u00f6rdern. Wenn Sie die Zukunft der kohlenstoffarmen Mobilit\u00e4t entdecken wollen, treffen Sie die f\u00fchrenden K\u00f6pfe der Branche in einer einzigartigen Umgebung und nehmen Sie an \u00fcber 80 Konferenzen und Workshops teil.  <\/p>\n<style>.wp-block-kadence-spacer.kt-block-spacer-40971_7aaab0-01 .kt-block-spacer{height:60px;}.wp-block-kadence-spacer.kt-block-spacer-40971_7aaab0-01 .kt-divider{border-top-width:1px;height:1px;border-top-color:#eee;width:80%;border-top-style:solid;}<\/style>\n<div class=\"wp-block-kadence-spacer aligncenter kt-block-spacer-40971_7aaab0-01\"><div class=\"kt-block-spacer kt-block-spacer-halign-center\"><\/div><\/div>\n\n<figure class=\"wp-block-image size-large\"><img loading=\"lazy\" decoding=\"async\" width=\"1024\" height=\"538\" src=\"https:\/\/www.ampeco.com\/content\/uploads\/2024\/12\/ampeco-event-evs-38-2025-1024x538.png\" alt=\"-\" class=\"wp-image-41160\" title=\"\" srcset=\"https:\/\/www.ampeco.com\/content\/uploads\/2024\/12\/ampeco-event-evs-38-2025-1024x538.png 1024w, https:\/\/www.ampeco.com\/content\/uploads\/2024\/12\/ampeco-event-evs-38-2025-300x158.png 300w, https:\/\/www.ampeco.com\/content\/uploads\/2024\/12\/ampeco-event-evs-38-2025-768x403.png 768w, https:\/\/www.ampeco.com\/content\/uploads\/2024\/12\/ampeco-event-evs-38-2025-1536x806.png 1536w, https:\/\/www.ampeco.com\/content\/uploads\/2024\/12\/ampeco-event-evs-38-2025-96x50.png 96w, https:\/\/www.ampeco.com\/content\/uploads\/2024\/12\/ampeco-event-evs-38-2025-330x173.png 330w, https:\/\/www.ampeco.com\/content\/uploads\/2024\/12\/ampeco-event-evs-38-2025-660x347.png 660w, https:\/\/www.ampeco.com\/content\/uploads\/2024\/12\/ampeco-event-evs-38-2025-512x269.png 512w, https:\/\/www.ampeco.com\/content\/uploads\/2024\/12\/ampeco-event-evs-38-2025-600x315.png 600w, https:\/\/www.ampeco.com\/content\/uploads\/2024\/12\/ampeco-event-evs-38-2025-1200x630.png 1200w, https:\/\/www.ampeco.com\/content\/uploads\/2024\/12\/ampeco-event-evs-38-2025-840x441.png 840w, https:\/\/www.ampeco.com\/content\/uploads\/2024\/12\/ampeco-event-evs-38-2025-1680x882.png 1680w, https:\/\/www.ampeco.com\/content\/uploads\/2024\/12\/ampeco-event-evs-38-2025-32x17.png 32w, https:\/\/www.ampeco.com\/content\/uploads\/2024\/12\/ampeco-event-evs-38-2025.png 1800w\" sizes=\"auto, (max-width: 1024px) 100vw, 1024px\" \/><\/figure>\n\n<h3 class=\"wp-block-heading\" id=\"evs-38\"><a href=\"https:\/\/www.evs38.org\/\" rel=\"nofollow noopener\" target=\"_blank\">EVS38<\/a><\/h3>\n\n<p><strong>Termine:<\/strong> 15-18 Juni, 2025<br\/><strong>Ort:<\/strong> G\u00f6teborg, Schweden<br\/><strong>Organisator:<\/strong> World Electric Vehicle Association (WEVA) und AVERE<br\/><strong>Teilnehmer:<\/strong> Branchenf\u00fchrer, politische Entscheidungstr\u00e4ger, Forscher, Nutzer von Elektrofahrzeugen und Akademiker<\/p>\n\n<p><strong>Warum teilnehmen:<\/strong> Die weltweit l\u00e4ngste Veranstaltungsreihe zur Elektromobilit\u00e4t kehrt nach Europa zur\u00fcck. Die EVS38 erwartet mehr als 11.000 Besucher f\u00fcr vier Tage intensiven Wissensaustauschs. Das Symposium verbindet akademische Strenge mit gesch\u00e4ftlicher Innovation und stellt die neuesten Technologien und Infrastrukturl\u00f6sungen vor, w\u00e4hrend es gleichzeitig hochrangige Diskussionen \u00fcber die Rolle des Sektors bei der F\u00f6rderung eines bedeutenden Wandels in Richtung Dekarbonisierung erm\u00f6glicht. <\/p>\n<style>.wp-block-kadence-spacer.kt-block-spacer-40971_3ce8d9-72 .kt-block-spacer{height:60px;}.wp-block-kadence-spacer.kt-block-spacer-40971_3ce8d9-72 .kt-divider{border-top-width:1px;height:1px;border-top-color:#eee;width:80%;border-top-style:solid;}<\/style>\n<div class=\"wp-block-kadence-spacer aligncenter kt-block-spacer-40971_3ce8d9-72\"><div class=\"kt-block-spacer kt-block-spacer-halign-center\"><\/div><\/div>\n\n<figure class=\"wp-block-image size-large\"><img loading=\"lazy\" decoding=\"async\" width=\"1024\" height=\"538\" src=\"https:\/\/www.ampeco.com\/content\/uploads\/2024\/12\/ampeco-event-icnc-2025-1024x538.png\" alt=\"-\" class=\"wp-image-41185\" title=\"\" srcset=\"https:\/\/www.ampeco.com\/content\/uploads\/2024\/12\/ampeco-event-icnc-2025-1024x538.png 1024w, https:\/\/www.ampeco.com\/content\/uploads\/2024\/12\/ampeco-event-icnc-2025-300x158.png 300w, https:\/\/www.ampeco.com\/content\/uploads\/2024\/12\/ampeco-event-icnc-2025-768x403.png 768w, https:\/\/www.ampeco.com\/content\/uploads\/2024\/12\/ampeco-event-icnc-2025-1536x806.png 1536w, https:\/\/www.ampeco.com\/content\/uploads\/2024\/12\/ampeco-event-icnc-2025-96x50.png 96w, https:\/\/www.ampeco.com\/content\/uploads\/2024\/12\/ampeco-event-icnc-2025-330x173.png 330w, https:\/\/www.ampeco.com\/content\/uploads\/2024\/12\/ampeco-event-icnc-2025-660x347.png 660w, https:\/\/www.ampeco.com\/content\/uploads\/2024\/12\/ampeco-event-icnc-2025-512x269.png 512w, https:\/\/www.ampeco.com\/content\/uploads\/2024\/12\/ampeco-event-icnc-2025-600x315.png 600w, https:\/\/www.ampeco.com\/content\/uploads\/2024\/12\/ampeco-event-icnc-2025-1200x630.png 1200w, https:\/\/www.ampeco.com\/content\/uploads\/2024\/12\/ampeco-event-icnc-2025-840x441.png 840w, https:\/\/www.ampeco.com\/content\/uploads\/2024\/12\/ampeco-event-icnc-2025-1680x882.png 1680w, https:\/\/www.ampeco.com\/content\/uploads\/2024\/12\/ampeco-event-icnc-2025-32x17.png 32w, https:\/\/www.ampeco.com\/content\/uploads\/2024\/12\/ampeco-event-icnc-2025.png 1800w\" sizes=\"auto, (max-width: 1024px) 100vw, 1024px\" \/><\/figure>\n\n<h3 class=\"wp-block-heading\" id=\"icnc-intercharge-network-conference\"><a href=\"https:\/\/intercharge-network-conference.com\/\" rel=\"nofollow noopener\" target=\"_blank\">ICNC (Intercharge Netzwerk Konferenz)<\/a><\/h3>\n\n<p><strong>Termine:<\/strong> Sep 3-4, 2025<br\/><strong>Ort:<\/strong> Flughafen Tempelhof, Berlin, Deutschland<br\/><strong>Organisator:<\/strong> Hubject<br\/><strong>Teilnehmer:<\/strong> Innovative Unternehmen aus dem Bereich EV-Charging, CPO-Netzwerke, Softwareentwickler und Branchenf\u00fchrer<\/p>\n\n<p><strong>Warum teilnehmen:<\/strong> Ausgerichtet von Hubject, dem weltweit gr\u00f6\u00dften Zusammenschluss von CPO-Netzwerken, zeigte die Veranstaltung 2024 ein bemerkenswertes Wachstum mit 5.000 Teilnehmern, die das gesamte \u00d6kosystem f\u00fcr das Laden von Elektrofahrzeugen repr\u00e4sentierten. Wie das <a href=\"https:\/\/www.ampeco.com\/blog\/ampeco-announces-platinum-sponsorship-of-icnc24\/\">Platin-Sponsoring von AMPECO im Jahr 2024<\/a> zeigt, das die Grundsatzrede unseres CEO und eine exklusive Masterclass f\u00fcr gro\u00dfe CPOs umfasste, bietet der ICNC unvergleichliche M\u00f6glichkeiten f\u00fcr den Wissensaustausch und die Vernetzung der Branche. Der Fokus der Konferenz auf Interoperabilit\u00e4t, Ladestandards und Softwareentwicklung macht sie zu einem wichtigen Treffpunkt, um die Zukunft der vernetzten Ladeinfrastruktur zu verstehen. Das Thema der Ausgabe 2024, &#8222;Charging Towards Reliability&#8220; (Laden auf dem Weg zur Zuverl\u00e4ssigkeit), passt perfekt zum Fokus der Branche auf den Aufbau robuster, skalierbarer Ladenetzwerke &#8211; eine Priorit\u00e4t, die die Diskussionen auf der Veranstaltung weiterhin pr\u00e4gt.   <\/p>\n<style>.wp-block-kadence-spacer.kt-block-spacer-40971_c80b7a-a6 .kt-block-spacer{height:60px;}.wp-block-kadence-spacer.kt-block-spacer-40971_c80b7a-a6 .kt-divider{border-top-width:1px;height:1px;border-top-color:#eee;width:80%;border-top-style:solid;}<\/style>\n<div class=\"wp-block-kadence-spacer aligncenter kt-block-spacer-40971_c80b7a-a6\"><div class=\"kt-block-spacer kt-block-spacer-halign-center\"><\/div><\/div>\n\n<figure class=\"wp-block-image size-large\"><img loading=\"lazy\" decoding=\"async\" width=\"1024\" height=\"538\" src=\"https:\/\/www.ampeco.com\/content\/uploads\/2024\/12\/ampeco-event-ev-summit-uk-2025-1024x538.png\" alt=\"-\" class=\"wp-image-41145\" title=\"\" srcset=\"https:\/\/www.ampeco.com\/content\/uploads\/2024\/12\/ampeco-event-ev-summit-uk-2025-1024x538.png 1024w, https:\/\/www.ampeco.com\/content\/uploads\/2024\/12\/ampeco-event-ev-summit-uk-2025-300x158.png 300w, https:\/\/www.ampeco.com\/content\/uploads\/2024\/12\/ampeco-event-ev-summit-uk-2025-768x403.png 768w, https:\/\/www.ampeco.com\/content\/uploads\/2024\/12\/ampeco-event-ev-summit-uk-2025-1536x806.png 1536w, https:\/\/www.ampeco.com\/content\/uploads\/2024\/12\/ampeco-event-ev-summit-uk-2025-96x50.png 96w, https:\/\/www.ampeco.com\/content\/uploads\/2024\/12\/ampeco-event-ev-summit-uk-2025-330x173.png 330w, https:\/\/www.ampeco.com\/content\/uploads\/2024\/12\/ampeco-event-ev-summit-uk-2025-660x347.png 660w, https:\/\/www.ampeco.com\/content\/uploads\/2024\/12\/ampeco-event-ev-summit-uk-2025-512x269.png 512w, https:\/\/www.ampeco.com\/content\/uploads\/2024\/12\/ampeco-event-ev-summit-uk-2025-600x315.png 600w, https:\/\/www.ampeco.com\/content\/uploads\/2024\/12\/ampeco-event-ev-summit-uk-2025-1200x630.png 1200w, https:\/\/www.ampeco.com\/content\/uploads\/2024\/12\/ampeco-event-ev-summit-uk-2025-840x441.png 840w, https:\/\/www.ampeco.com\/content\/uploads\/2024\/12\/ampeco-event-ev-summit-uk-2025-1680x882.png 1680w, https:\/\/www.ampeco.com\/content\/uploads\/2024\/12\/ampeco-event-ev-summit-uk-2025-32x17.png 32w, https:\/\/www.ampeco.com\/content\/uploads\/2024\/12\/ampeco-event-ev-summit-uk-2025.png 1800w\" sizes=\"auto, (max-width: 1024px) 100vw, 1024px\" \/><\/figure>\n\n<h3 class=\"wp-block-heading\" id=\"ev-summit-uk\"><a href=\"https:\/\/www.evsummit.biz\/about-uk-ev-summit\" rel=\"nofollow noopener\" target=\"_blank\">EV-Gipfel UK<\/a><\/h3>\n\n<p><strong>Termine:<\/strong> September 17-18, 2025  <\/p>\n\n<p><strong>Ort:<\/strong> Blavatnik School of Government, Universit\u00e4t von Oxford, UK<\/p>\n\n<p><strong>Organisator:<\/strong> Green TV<\/p>\n\n<p><strong>Teilnehmer: <\/strong>Vertreter des EV-\u00d6kosystems<\/p>\n\n<p><strong>Warum teilnehmen:<\/strong> Der EV SUMMIT, unterst\u00fctzt vom Hauptpartner Auto Trader UK, findet am 17. und 18. September 2025 in der Blavatnik School of Government, University of Oxford, statt. Der EV SUMMIT, der 2025 zum achten Mal stattfindet, hat seine Position als f\u00fchrende, hochkar\u00e4tige, globale Veranstaltung zur Elektromobilit\u00e4t gefestigt, die f\u00fcr ihre Vordenkerrolle und wirkungsvollen Partnerschaften bekannt ist &#8211; insbesondere f\u00fcr Europas leistungsst\u00e4rkste Ladestation f\u00fcr Elektrofahrzeuge in Oxford, Gro\u00dfbritannien. <\/p>\n<style>.wp-block-kadence-spacer.kt-block-spacer-40971_9c7e07-7f .kt-block-spacer{height:60px;}.wp-block-kadence-spacer.kt-block-spacer-40971_9c7e07-7f .kt-divider{border-top-width:1px;height:1px;border-top-color:#eee;width:80%;border-top-style:solid;}<\/style>\n<div class=\"wp-block-kadence-spacer aligncenter kt-block-spacer-40971_9c7e07-7f\"><div class=\"kt-block-spacer kt-block-spacer-halign-center\"><\/div><\/div>\n\n<figure class=\"wp-block-image size-large\"><img loading=\"lazy\" decoding=\"async\" width=\"1024\" height=\"538\" src=\"https:\/\/www.ampeco.com\/content\/uploads\/2024\/12\/ampeco-event-green-auto-summit-2025-1024x538.png\" alt=\"-\" class=\"wp-image-41180\" title=\"\" srcset=\"https:\/\/www.ampeco.com\/content\/uploads\/2024\/12\/ampeco-event-green-auto-summit-2025-1024x538.png 1024w, https:\/\/www.ampeco.com\/content\/uploads\/2024\/12\/ampeco-event-green-auto-summit-2025-300x158.png 300w, https:\/\/www.ampeco.com\/content\/uploads\/2024\/12\/ampeco-event-green-auto-summit-2025-768x403.png 768w, https:\/\/www.ampeco.com\/content\/uploads\/2024\/12\/ampeco-event-green-auto-summit-2025-1536x806.png 1536w, https:\/\/www.ampeco.com\/content\/uploads\/2024\/12\/ampeco-event-green-auto-summit-2025-96x50.png 96w, https:\/\/www.ampeco.com\/content\/uploads\/2024\/12\/ampeco-event-green-auto-summit-2025-330x173.png 330w, https:\/\/www.ampeco.com\/content\/uploads\/2024\/12\/ampeco-event-green-auto-summit-2025-660x347.png 660w, https:\/\/www.ampeco.com\/content\/uploads\/2024\/12\/ampeco-event-green-auto-summit-2025-512x269.png 512w, https:\/\/www.ampeco.com\/content\/uploads\/2024\/12\/ampeco-event-green-auto-summit-2025-600x315.png 600w, https:\/\/www.ampeco.com\/content\/uploads\/2024\/12\/ampeco-event-green-auto-summit-2025-1200x630.png 1200w, https:\/\/www.ampeco.com\/content\/uploads\/2024\/12\/ampeco-event-green-auto-summit-2025-840x441.png 840w, https:\/\/www.ampeco.com\/content\/uploads\/2024\/12\/ampeco-event-green-auto-summit-2025-1680x882.png 1680w, https:\/\/www.ampeco.com\/content\/uploads\/2024\/12\/ampeco-event-green-auto-summit-2025-32x17.png 32w, https:\/\/www.ampeco.com\/content\/uploads\/2024\/12\/ampeco-event-green-auto-summit-2025.png 1800w\" sizes=\"auto, (max-width: 1024px) 100vw, 1024px\" \/><\/figure>\n\n<h3 class=\"wp-block-heading\" id=\"green-auto-summit\"><a href=\"https:\/\/greenautosummit.com\/\" rel=\"nofollow noopener\" target=\"_blank\">Gr\u00fcner Auto-Gipfel<\/a><\/h3>\n\n<p><strong>Termine:<\/strong> November 13-14, 2025  <\/p>\n\n<p><strong>Ort:<\/strong> Carl Benz Arena, Stuttgart, Deutschland<\/p>\n\n<p><strong>Organisator:<\/strong> Inlinum<\/p>\n\n<p><strong>Teilnehmer:<\/strong> Schl\u00fcsselakteure der Branche, die die innovativsten L\u00f6sungen, Technologien und neuen Produkte in den Bereichen Aufladen von Elektrofahrzeugen, Batterien f\u00fcr Elektrofahrzeuge, Wasserstoffantrieb und Automobilindustrie, Erstausr\u00fcster sowie f\u00fchrende Tier 1, 2 und 3 Zulieferer vertreten<\/p>\n\n<p><strong>Warum teilnehmen: <\/strong>Der Green Auto Summit, eine f\u00fchrende internationale Konferenz und Ausstellung im Bereich der Elektromobilit\u00e4t, dient als Plattform f\u00fcr Branchenf\u00fchrer, um sich mit den Herausforderungen des nachhaltigen Verkehrs auseinanderzusetzen. Mit dem Schwerpunkt auf der Weiterentwicklung von Elektrofahrzeugen, Ladeinfrastruktur, Batterietechnologie und Nachhaltigkeit k\u00f6nnen CPOs Einblicke aus den Hauptvortr\u00e4gen und Podiumsdiskussionen gewinnen, ihr Netzwerk erweitern und die neuesten Trends in der Elektromobilit\u00e4t erkunden. Dieser geschlossene Gipfel versammelte 2024 mehr als 200 Teilnehmer.  <\/p>\n<style>.wp-block-kadence-spacer.kt-block-spacer-40971_b852ee-a5 .kt-block-spacer{height:60px;}.wp-block-kadence-spacer.kt-block-spacer-40971_b852ee-a5 .kt-divider{border-top-width:1px;height:1px;border-top-color:#eee;width:80%;border-top-style:solid;}<\/style>\n<div class=\"wp-block-kadence-spacer aligncenter kt-block-spacer-40971_b852ee-a5\"><div class=\"kt-block-spacer kt-block-spacer-halign-center\"><\/div><\/div>\n\n<figure class=\"wp-block-image size-large\"><img loading=\"lazy\" decoding=\"async\" width=\"1024\" height=\"538\" src=\"https:\/\/www.ampeco.com\/content\/uploads\/2024\/12\/ampeco-event-transport-and-energy-2025-1024x538.png\" alt=\"-\" class=\"wp-image-41225\" title=\"\" srcset=\"https:\/\/www.ampeco.com\/content\/uploads\/2024\/12\/ampeco-event-transport-and-energy-2025-1024x538.png 1024w, https:\/\/www.ampeco.com\/content\/uploads\/2024\/12\/ampeco-event-transport-and-energy-2025-300x158.png 300w, https:\/\/www.ampeco.com\/content\/uploads\/2024\/12\/ampeco-event-transport-and-energy-2025-768x403.png 768w, https:\/\/www.ampeco.com\/content\/uploads\/2024\/12\/ampeco-event-transport-and-energy-2025-1536x806.png 1536w, https:\/\/www.ampeco.com\/content\/uploads\/2024\/12\/ampeco-event-transport-and-energy-2025-96x50.png 96w, https:\/\/www.ampeco.com\/content\/uploads\/2024\/12\/ampeco-event-transport-and-energy-2025-330x173.png 330w, https:\/\/www.ampeco.com\/content\/uploads\/2024\/12\/ampeco-event-transport-and-energy-2025-660x347.png 660w, https:\/\/www.ampeco.com\/content\/uploads\/2024\/12\/ampeco-event-transport-and-energy-2025-512x269.png 512w, https:\/\/www.ampeco.com\/content\/uploads\/2024\/12\/ampeco-event-transport-and-energy-2025-600x315.png 600w, https:\/\/www.ampeco.com\/content\/uploads\/2024\/12\/ampeco-event-transport-and-energy-2025-1200x630.png 1200w, https:\/\/www.ampeco.com\/content\/uploads\/2024\/12\/ampeco-event-transport-and-energy-2025-840x441.png 840w, https:\/\/www.ampeco.com\/content\/uploads\/2024\/12\/ampeco-event-transport-and-energy-2025-1680x882.png 1680w, https:\/\/www.ampeco.com\/content\/uploads\/2024\/12\/ampeco-event-transport-and-energy-2025-32x17.png 32w, https:\/\/www.ampeco.com\/content\/uploads\/2024\/12\/ampeco-event-transport-and-energy-2025.png 1800w\" sizes=\"auto, (max-width: 1024px) 100vw, 1024px\" \/><\/figure>\n\n<h3 class=\"wp-block-heading\" id=\"transport-energy-forum\"><a href=\"https:\/\/transportandenergy.com\/t-e-forum-2024\/\" rel=\"nofollow noopener\" target=\"_blank\">Forum Transport + Energie<\/a><\/h3>\n\n<p><strong>Termine:<\/strong> November 20, 2025<\/p>\n\n<p><strong>Ort:<\/strong> Warwick Conferences, Coventry, Gro\u00dfbritannien<\/p>\n\n<p><strong>Organisator:<\/strong> Transport + Energy<\/p>\n\n<p><strong>Teilnehmer: <\/strong>Die Veranstaltung zieht nachweislich F\u00fchrungskr\u00e4fte aus einer Vielzahl von Organisationen an, darunter Entscheidungstr\u00e4ger und Politiker der Zentral- und Kommunalverwaltungen, CPOs (Betreiber von Ladestationen), Energienetzwerke, Verkehrsplaner, Betreiber und politische Entscheidungstr\u00e4ger, Flottenmanager: \u00f6ffentlicher und privater Sektor, Beratungsunternehmen, die eine Vielzahl von Verkehrs- und Infrastrukturprojekten verwalten, Bau- und Ingenieurb\u00fcros, die die zuk\u00fcnftige Infrastruktur planen und bauen, Fahrzeughersteller: OEM und Lieferkette, Technologieinnovatoren, Regulierungsbeh\u00f6rden und Investoren.<\/p>\n\n<p><strong>Warum teilnehmen? <\/strong>Das Transport + Energy Forum bringt jedes Jahr beide Sektoren zusammen, um zu erforschen, wie eine dekarbonisierte Zukunft beschleunigt und umgesetzt werden kann. Dabei werden hochrangige Vertreter mobilisiert, um \u00fcber Energienetze, Kraftstoffarten, Infrastruktur und Fahrzeuge hinweg zusammenzuarbeiten. Unter dem Motto &#8222;Moving from action to delivery: fulfilling the transition to a decarbonized future&#8220; verfolgte das letztj\u00e4hrige Forum die Entwicklung der Dekarbonisierung mit Sitzungen zu den Themen The Conversation, The Delivery und The Future. Die Veranstaltung zog im Jahr 2024 \u00fcber 250 Delegierte an, darunter 60 qualifizierte Delegierte der lokalen Beh\u00f6rden, die an den voll finanzierten Veranstaltungen teilnahmen. Sponsoren, Aussteller und Partner unterst\u00fctzen die Veranstaltung und bringen ihre Gemeinden, ihr Fachwissen und ihre Ambitionen zur Zusammenarbeit mit ein.   <\/p>\n<style>.wp-block-kadence-spacer.kt-block-spacer-40971_42ab10-43 .kt-block-spacer{height:60px;}.wp-block-kadence-spacer.kt-block-spacer-40971_42ab10-43 .kt-divider{border-top-width:1px;height:1px;border-top-color:#eee;width:80%;border-top-style:solid;}<\/style>\n<div class=\"wp-block-kadence-spacer aligncenter kt-block-spacer-40971_42ab10-43\"><div class=\"kt-block-spacer kt-block-spacer-halign-center\"><\/div><\/div>\n\n<h2 class=\"wp-block-heading\" id=\"north-american-ev-charging-events\"><strong>Nordamerikanische EV-Ladeveranstaltungen<\/strong><\/h2>\n\n<p>Die nordamerikanischen Veranstaltungen zum Laden von Elektrofahrzeugen im Jahr 2025 spiegeln den raschen Ausbau der Infrastruktur in der Region wider, der durch das 7,5 Milliarden Dollar schwere National Electric Vehicle Infrastructure (NEVI) Programm in den USA und die 700 Millionen Dollar teure Ladeinitiative in Kanada vorangetrieben wird. Von K\u00fcste zu K\u00fcste befassen sich diese Treffen mit einzigartigen regionalen Herausforderungen &#8211; einschlie\u00dflich der Einrichtung von Langstreckenkorridoren, der Widerstandsf\u00e4higkeit gegen\u00fcber extremen Wetterbedingungen und der Koordination von Versorgungsunternehmen. Die Veranstaltungen erstrecken sich \u00fcber wichtige Technologiezentren von Kalifornien bis Massachusetts und bieten Einblicke in etablierte M\u00e4rkte und neue M\u00f6glichkeiten in den USA und Kanada.  <\/p>\n<style>.wp-block-kadence-spacer.kt-block-spacer-40971_815645-a9 .kt-block-spacer{height:60px;}.wp-block-kadence-spacer.kt-block-spacer-40971_815645-a9 .kt-divider{border-top-width:1px;height:1px;border-top-color:#eee;width:80%;border-top-style:solid;}<\/style>\n<div class=\"wp-block-kadence-spacer aligncenter kt-block-spacer-40971_815645-a9\"><div class=\"kt-block-spacer kt-block-spacer-halign-center\"><\/div><\/div>\n\n<figure class=\"wp-block-image size-large\"><img loading=\"lazy\" decoding=\"async\" width=\"1024\" height=\"538\" src=\"https:\/\/www.ampeco.com\/content\/uploads\/2024\/12\/ampeco-event-charin-2025-1024x538.png\" alt=\"-\" class=\"wp-image-41100\" title=\"\" srcset=\"https:\/\/www.ampeco.com\/content\/uploads\/2024\/12\/ampeco-event-charin-2025-1024x538.png 1024w, https:\/\/www.ampeco.com\/content\/uploads\/2024\/12\/ampeco-event-charin-2025-300x158.png 300w, https:\/\/www.ampeco.com\/content\/uploads\/2024\/12\/ampeco-event-charin-2025-768x403.png 768w, https:\/\/www.ampeco.com\/content\/uploads\/2024\/12\/ampeco-event-charin-2025-1536x806.png 1536w, https:\/\/www.ampeco.com\/content\/uploads\/2024\/12\/ampeco-event-charin-2025-96x50.png 96w, https:\/\/www.ampeco.com\/content\/uploads\/2024\/12\/ampeco-event-charin-2025-330x173.png 330w, https:\/\/www.ampeco.com\/content\/uploads\/2024\/12\/ampeco-event-charin-2025-660x347.png 660w, https:\/\/www.ampeco.com\/content\/uploads\/2024\/12\/ampeco-event-charin-2025-512x269.png 512w, https:\/\/www.ampeco.com\/content\/uploads\/2024\/12\/ampeco-event-charin-2025-600x315.png 600w, https:\/\/www.ampeco.com\/content\/uploads\/2024\/12\/ampeco-event-charin-2025-1200x630.png 1200w, https:\/\/www.ampeco.com\/content\/uploads\/2024\/12\/ampeco-event-charin-2025-840x441.png 840w, https:\/\/www.ampeco.com\/content\/uploads\/2024\/12\/ampeco-event-charin-2025-1680x882.png 1680w, https:\/\/www.ampeco.com\/content\/uploads\/2024\/12\/ampeco-event-charin-2025-32x17.png 32w, https:\/\/www.ampeco.com\/content\/uploads\/2024\/12\/ampeco-event-charin-2025.png 1800w\" sizes=\"auto, (max-width: 1024px) 100vw, 1024px\" \/><\/figure>\n\n<h3 class=\"wp-block-heading\" id=\"char-in-testival-conference-north-america\"><a href=\"https:\/\/www.charin.global\/events\/charin-testival-north-america-2025-detroit\/\" data-type=\"link\" data-id=\"https:\/\/www.charin.global\/events\/charin-testival-north-america-2025-detroit\/\" rel=\"nofollow noopener\" target=\"_blank\">CharIN Testival NORTH AMERICA 2025 &#8211; Detroit<\/a><\/h3>\n\n<p><strong>Termine:<\/strong> Mai 13 &#8211; 15, 2025<br\/><strong>Ort:<\/strong> Detroit, MI, USA<br\/><strong>Organisator:<\/strong> CharIN e.V.<br\/><strong>Teilnehmer:<\/strong> F\u00fchrende Unternehmen der EV-Ladeindustrie, Automobilhersteller, Hersteller von Ladeger\u00e4ten, Pr\u00fcforganisationen und Standardisierungsgremien<\/p>\n\n<p><strong>Warum teilnehmen:<\/strong> Als Nordamerikas f\u00fchrende Veranstaltung f\u00fcr Interoperabilit\u00e4tstests bietet das CharIN Testival einzigartige M\u00f6glichkeiten zur Validierung von Ladesystemen anhand der neuesten Standards. Im Rahmen von Live-Testsitzungen, technischen Workshops und Expertenrunden k\u00f6nnen sich die Teilnehmer direkt mit den Herausforderungen der Implementierung auseinandersetzen und gleichzeitig Kontakte zu Branchenf\u00fchrern kn\u00fcpfen, die Ladestandards entwickeln. <\/p>\n<style>.wp-block-kadence-spacer.kt-block-spacer-40971_f22599-cc .kt-block-spacer{height:60px;}.wp-block-kadence-spacer.kt-block-spacer-40971_f22599-cc .kt-divider{border-top-width:1px;height:1px;border-top-color:#eee;width:80%;border-top-style:solid;}<\/style>\n<div class=\"wp-block-kadence-spacer aligncenter kt-block-spacer-40971_f22599-cc\"><div class=\"kt-block-spacer kt-block-spacer-halign-center\"><\/div><\/div>\n\n<figure class=\"wp-block-image size-large\"><img loading=\"lazy\" decoding=\"async\" width=\"1024\" height=\"538\" src=\"https:\/\/www.ampeco.com\/content\/uploads\/2024\/12\/ampeco-event-ev-charging-summit-and-expo-2025-1024x538.png\" alt=\"-\" class=\"wp-image-41140\" title=\"\" srcset=\"https:\/\/www.ampeco.com\/content\/uploads\/2024\/12\/ampeco-event-ev-charging-summit-and-expo-2025-1024x538.png 1024w, https:\/\/www.ampeco.com\/content\/uploads\/2024\/12\/ampeco-event-ev-charging-summit-and-expo-2025-300x158.png 300w, https:\/\/www.ampeco.com\/content\/uploads\/2024\/12\/ampeco-event-ev-charging-summit-and-expo-2025-768x403.png 768w, https:\/\/www.ampeco.com\/content\/uploads\/2024\/12\/ampeco-event-ev-charging-summit-and-expo-2025-1536x806.png 1536w, https:\/\/www.ampeco.com\/content\/uploads\/2024\/12\/ampeco-event-ev-charging-summit-and-expo-2025-96x50.png 96w, https:\/\/www.ampeco.com\/content\/uploads\/2024\/12\/ampeco-event-ev-charging-summit-and-expo-2025-330x173.png 330w, https:\/\/www.ampeco.com\/content\/uploads\/2024\/12\/ampeco-event-ev-charging-summit-and-expo-2025-660x347.png 660w, https:\/\/www.ampeco.com\/content\/uploads\/2024\/12\/ampeco-event-ev-charging-summit-and-expo-2025-512x269.png 512w, https:\/\/www.ampeco.com\/content\/uploads\/2024\/12\/ampeco-event-ev-charging-summit-and-expo-2025-600x315.png 600w, https:\/\/www.ampeco.com\/content\/uploads\/2024\/12\/ampeco-event-ev-charging-summit-and-expo-2025-1200x630.png 1200w, https:\/\/www.ampeco.com\/content\/uploads\/2024\/12\/ampeco-event-ev-charging-summit-and-expo-2025-840x441.png 840w, https:\/\/www.ampeco.com\/content\/uploads\/2024\/12\/ampeco-event-ev-charging-summit-and-expo-2025-1680x882.png 1680w, https:\/\/www.ampeco.com\/content\/uploads\/2024\/12\/ampeco-event-ev-charging-summit-and-expo-2025-32x17.png 32w, https:\/\/www.ampeco.com\/content\/uploads\/2024\/12\/ampeco-event-ev-charging-summit-and-expo-2025.png 1800w\" sizes=\"auto, (max-width: 1024px) 100vw, 1024px\" \/><\/figure>\n\n<h3 class=\"wp-block-heading\" id=\"ev-charging-summit-expo\"><a href=\"https:\/\/evchargingsummit.com\/\" rel=\"nofollow noopener\" target=\"_blank\">EV Charging Summit &amp; Expo<\/a><\/h3>\n\n<p><strong>Termine:<\/strong> M\u00e4rz 25-27, 2025<br\/><strong>Ort:<\/strong> Las Vegas, NV, USA<br\/><strong>Veranstalter:<\/strong> EVCS Productions<br\/><strong>Teilnehmer:<\/strong> EV-Ladefachleute, kommerzielle und staatliche Organisationen, Technologieanbieter und Infrastrukturentwickler<\/p>\n\n<p><strong>Warum sollten Sie teilnehmen?<\/strong> Mit mehr als 180 Rednern in 65 Sitzungen und 240 Ausstellern bietet die Veranstaltung acht spezielle Themenbereiche, die wichtige Aspekte der Branche abdecken. Der Gipfel zeichnet sich durch einzigartige Networking-Formate aus, darunter &#8222;Shop Talks&#8220; f\u00fcr Diskussionen unter Gleichgesinnten und eine spezielle EV Charging Answers Bar f\u00fcr pers\u00f6nliche Expertengespr\u00e4che. <\/p>\n<style>.wp-block-kadence-spacer.kt-block-spacer-40971_fc898c-67 .kt-block-spacer{height:60px;}.wp-block-kadence-spacer.kt-block-spacer-40971_fc898c-67 .kt-divider{border-top-width:1px;height:1px;border-top-color:#eee;width:80%;border-top-style:solid;}<\/style>\n<div class=\"wp-block-kadence-spacer aligncenter kt-block-spacer-40971_fc898c-67\"><div class=\"kt-block-spacer kt-block-spacer-halign-center\"><\/div><\/div>\n\n<figure class=\"wp-block-image size-large\"><img loading=\"lazy\" decoding=\"async\" width=\"1024\" height=\"538\" src=\"https:\/\/www.ampeco.com\/content\/uploads\/2024\/12\/ampeco-event-ev-and-charging-expo-2025-1024x538.png\" alt=\"-\" class=\"wp-image-41120\" title=\"\" srcset=\"https:\/\/www.ampeco.com\/content\/uploads\/2024\/12\/ampeco-event-ev-and-charging-expo-2025-1024x538.png 1024w, https:\/\/www.ampeco.com\/content\/uploads\/2024\/12\/ampeco-event-ev-and-charging-expo-2025-300x158.png 300w, https:\/\/www.ampeco.com\/content\/uploads\/2024\/12\/ampeco-event-ev-and-charging-expo-2025-768x403.png 768w, https:\/\/www.ampeco.com\/content\/uploads\/2024\/12\/ampeco-event-ev-and-charging-expo-2025-1536x806.png 1536w, https:\/\/www.ampeco.com\/content\/uploads\/2024\/12\/ampeco-event-ev-and-charging-expo-2025-96x50.png 96w, https:\/\/www.ampeco.com\/content\/uploads\/2024\/12\/ampeco-event-ev-and-charging-expo-2025-330x173.png 330w, https:\/\/www.ampeco.com\/content\/uploads\/2024\/12\/ampeco-event-ev-and-charging-expo-2025-660x347.png 660w, https:\/\/www.ampeco.com\/content\/uploads\/2024\/12\/ampeco-event-ev-and-charging-expo-2025-512x269.png 512w, https:\/\/www.ampeco.com\/content\/uploads\/2024\/12\/ampeco-event-ev-and-charging-expo-2025-600x315.png 600w, https:\/\/www.ampeco.com\/content\/uploads\/2024\/12\/ampeco-event-ev-and-charging-expo-2025-1200x630.png 1200w, https:\/\/www.ampeco.com\/content\/uploads\/2024\/12\/ampeco-event-ev-and-charging-expo-2025-840x441.png 840w, https:\/\/www.ampeco.com\/content\/uploads\/2024\/12\/ampeco-event-ev-and-charging-expo-2025-1680x882.png 1680w, https:\/\/www.ampeco.com\/content\/uploads\/2024\/12\/ampeco-event-ev-and-charging-expo-2025-32x17.png 32w, https:\/\/www.ampeco.com\/content\/uploads\/2024\/12\/ampeco-event-ev-and-charging-expo-2025.png 1800w\" sizes=\"auto, (max-width: 1024px) 100vw, 1024px\" \/><\/figure>\n\n<h3 class=\"wp-block-heading\" id=\"ev-charging-expo\"><a href=\"https:\/\/evandchargingexpo.com\/\" rel=\"nofollow noopener\" target=\"_blank\">EV &amp; Charging Expo<\/a><\/h3>\n\n<p><strong>Termine:<\/strong> 14-15 Mai, 2025<br\/><strong>Ort:<\/strong> Enercare Centre, Toronto, Kanada<br\/><strong>Organisator:<\/strong> Electric Autonomy<br\/><strong>Teilnehmer:<\/strong> Fuhrparkmanager, Immobilienentwickler, Betreiber von Ladestationen, Gemeinden, Regierungsvertreter<\/p>\n\n<p><strong>Warum teilnehmen:<\/strong> Die Messe befasst sich mit den gro\u00dfen Herausforderungen der Elektrifizierung Kanadas, darunter der Zugang zu Ladestationen f\u00fcr 13 Millionen Bewohner von Mehrfamilienh\u00e4usern und die bundesweite Vorgabe, bis 2026 20 % emissionsfreie Fahrzeuge zu verkaufen. Die Ausgabe 2025 baut auf dem fr\u00fcheren Erfolg auf, an dem \u00fcber 2.000 Besucher und 600 Unternehmen teilnahmen. <\/p>\n<style>.wp-block-kadence-spacer.kt-block-spacer-40971_a0a29a-d5 .kt-block-spacer{height:60px;}.wp-block-kadence-spacer.kt-block-spacer-40971_a0a29a-d5 .kt-divider{border-top-width:1px;height:1px;border-top-color:#eee;width:80%;border-top-style:solid;}<\/style>\n<div class=\"wp-block-kadence-spacer aligncenter kt-block-spacer-40971_a0a29a-d5\"><div class=\"kt-block-spacer kt-block-spacer-halign-center\"><\/div><\/div>\n\n<figure class=\"wp-block-image size-large\"><img loading=\"lazy\" decoding=\"async\" width=\"1024\" height=\"538\" src=\"https:\/\/www.ampeco.com\/content\/uploads\/2024\/12\/ampeco-event-act-expo-2025-1024x538.png\" alt=\"-\" class=\"wp-image-41090\" title=\"\" srcset=\"https:\/\/www.ampeco.com\/content\/uploads\/2024\/12\/ampeco-event-act-expo-2025-1024x538.png 1024w, https:\/\/www.ampeco.com\/content\/uploads\/2024\/12\/ampeco-event-act-expo-2025-300x158.png 300w, https:\/\/www.ampeco.com\/content\/uploads\/2024\/12\/ampeco-event-act-expo-2025-768x403.png 768w, https:\/\/www.ampeco.com\/content\/uploads\/2024\/12\/ampeco-event-act-expo-2025-1536x806.png 1536w, https:\/\/www.ampeco.com\/content\/uploads\/2024\/12\/ampeco-event-act-expo-2025-96x50.png 96w, https:\/\/www.ampeco.com\/content\/uploads\/2024\/12\/ampeco-event-act-expo-2025-330x173.png 330w, https:\/\/www.ampeco.com\/content\/uploads\/2024\/12\/ampeco-event-act-expo-2025-660x347.png 660w, https:\/\/www.ampeco.com\/content\/uploads\/2024\/12\/ampeco-event-act-expo-2025-512x269.png 512w, https:\/\/www.ampeco.com\/content\/uploads\/2024\/12\/ampeco-event-act-expo-2025-600x315.png 600w, https:\/\/www.ampeco.com\/content\/uploads\/2024\/12\/ampeco-event-act-expo-2025-1200x630.png 1200w, https:\/\/www.ampeco.com\/content\/uploads\/2024\/12\/ampeco-event-act-expo-2025-840x441.png 840w, https:\/\/www.ampeco.com\/content\/uploads\/2024\/12\/ampeco-event-act-expo-2025-1680x882.png 1680w, https:\/\/www.ampeco.com\/content\/uploads\/2024\/12\/ampeco-event-act-expo-2025-32x17.png 32w, https:\/\/www.ampeco.com\/content\/uploads\/2024\/12\/ampeco-event-act-expo-2025.png 1800w\" sizes=\"auto, (max-width: 1024px) 100vw, 1024px\" \/><\/figure>\n\n<h3 class=\"wp-block-heading\" id=\"advanced-clean-transportation-act-expo\"><a href=\"https:\/\/www.actexpo.com\/\" rel=\"nofollow noopener\" target=\"_blank\">Ausstellung f\u00fcr fortschrittlichen sauberen Transport (ACT)<\/a><\/h3>\n\n<p><strong>Termine:<\/strong> April 28 &#8211; Mai 1, 2025  <\/p>\n\n<p><strong>Ort:<\/strong> Anaheim Convention Center, Kalifornien, USA  <\/p>\n\n<p><strong>Organisator:<\/strong> GNA  <\/p>\n\n<p><strong>Teilnehmer:<\/strong> Flottenmanager, OEMs, Technologieanbieter, Beh\u00f6rden, Versorgungsunternehmen, politische Entscheidungstr\u00e4ger und Industrieorganisationen<\/p>\n\n<p><strong>Warum teilnehmen:<\/strong> In ihrem 15. Jahr bricht die ACT Expo mit \u00fcber 450 Ausstellern, die die neuesten emissionsfreien Fahrzeuge und Ladeinfrastrukturen vorstellen, weiterhin Rekorde. Das umfassende Programm bietet mehr als 200 fachkundige Redner in Form von Hauptvortr\u00e4gen, Podiumsdiskussionen und technischen Workshops, die sich auf wichtige Themen wie die Elektrifizierung von Flotten und die Finanzierung der Infrastruktur konzentrieren. <\/p>\n<style>.wp-block-kadence-spacer.kt-block-spacer-40971_0fb483-18 .kt-block-spacer{height:60px;}.wp-block-kadence-spacer.kt-block-spacer-40971_0fb483-18 .kt-divider{border-top-width:1px;height:1px;border-top-color:#eee;width:80%;border-top-style:solid;}<\/style>\n<div class=\"wp-block-kadence-spacer aligncenter kt-block-spacer-40971_0fb483-18\"><div class=\"kt-block-spacer kt-block-spacer-halign-center\"><\/div><\/div>\n\n<figure class=\"wp-block-image size-large\"><img loading=\"lazy\" decoding=\"async\" width=\"1024\" height=\"538\" src=\"https:\/\/www.ampeco.com\/content\/uploads\/2024\/12\/ampeco-event-move-america-2025-1024x538.png\" alt=\"-\" class=\"wp-image-41195\" title=\"\" srcset=\"https:\/\/www.ampeco.com\/content\/uploads\/2024\/12\/ampeco-event-move-america-2025-1024x538.png 1024w, https:\/\/www.ampeco.com\/content\/uploads\/2024\/12\/ampeco-event-move-america-2025-300x158.png 300w, https:\/\/www.ampeco.com\/content\/uploads\/2024\/12\/ampeco-event-move-america-2025-768x403.png 768w, https:\/\/www.ampeco.com\/content\/uploads\/2024\/12\/ampeco-event-move-america-2025-1536x806.png 1536w, https:\/\/www.ampeco.com\/content\/uploads\/2024\/12\/ampeco-event-move-america-2025-96x50.png 96w, https:\/\/www.ampeco.com\/content\/uploads\/2024\/12\/ampeco-event-move-america-2025-330x173.png 330w, https:\/\/www.ampeco.com\/content\/uploads\/2024\/12\/ampeco-event-move-america-2025-660x347.png 660w, https:\/\/www.ampeco.com\/content\/uploads\/2024\/12\/ampeco-event-move-america-2025-512x269.png 512w, https:\/\/www.ampeco.com\/content\/uploads\/2024\/12\/ampeco-event-move-america-2025-600x315.png 600w, https:\/\/www.ampeco.com\/content\/uploads\/2024\/12\/ampeco-event-move-america-2025-1200x630.png 1200w, https:\/\/www.ampeco.com\/content\/uploads\/2024\/12\/ampeco-event-move-america-2025-840x441.png 840w, https:\/\/www.ampeco.com\/content\/uploads\/2024\/12\/ampeco-event-move-america-2025-1680x882.png 1680w, https:\/\/www.ampeco.com\/content\/uploads\/2024\/12\/ampeco-event-move-america-2025-32x17.png 32w, https:\/\/www.ampeco.com\/content\/uploads\/2024\/12\/ampeco-event-move-america-2025.png 1800w\" sizes=\"auto, (max-width: 1024px) 100vw, 1024px\" \/><\/figure>\n\n<h3 class=\"wp-block-heading\" id=\"move-america\"><a href=\"https:\/\/www.terrapinn.com\/exhibition\/move-america\/index.stm\" rel=\"nofollow noopener\" target=\"_blank\">MOVE Amerika<\/a><\/h3>\n\n<p><strong>Termine:<\/strong> September 24-25, 2025  <\/p>\n\n<p><strong>Ort:<\/strong> Huntington Place, Detroit, USA  <\/p>\n\n<p><strong>Organisator:<\/strong> Terrapinn  <\/p>\n\n<p><strong>Teilnehmer:<\/strong> CPOs, OEMs, Flottenbetreiber, Regierungsbeh\u00f6rden, Batteriehersteller, Transportunternehmen, Investoren und Versorgungsunternehmen<\/p>\n\n<p><strong>Warum teilnehmen:<\/strong> MOVE America zieht in das historische Herz der amerikanischen Automobilindustrie um und bringt \u00fcber 500 Entscheidungstr\u00e4ger auf 20 spezialisierten B\u00fchnen zusammen. Der Umzug nach Detroit positioniert die Veranstaltung an der Spitze der Mobilit\u00e4tsrevolution, wo traditionelles Fertigungs-Know-how auf zukunftsweisende Lade- und Elektrifizierungsinitiativen trifft. <\/p>\n<style>.wp-block-kadence-spacer.kt-block-spacer-40971_f8270f-d7 .kt-block-spacer{height:60px;}.wp-block-kadence-spacer.kt-block-spacer-40971_f8270f-d7 .kt-divider{border-top-width:1px;height:1px;border-top-color:#eee;width:80%;border-top-style:solid;}<\/style>\n<div class=\"wp-block-kadence-spacer aligncenter kt-block-spacer-40971_f8270f-d7\"><div class=\"kt-block-spacer kt-block-spacer-halign-center\"><\/div><\/div>\n\n<figure class=\"wp-block-image size-large\"><img loading=\"lazy\" decoding=\"async\" width=\"1024\" height=\"538\" src=\"https:\/\/www.ampeco.com\/content\/uploads\/2024\/12\/ampeco-event-forth-roadmap-conference-2025-1024x538.png\" alt=\"-\" class=\"wp-image-41170\" title=\"\" srcset=\"https:\/\/www.ampeco.com\/content\/uploads\/2024\/12\/ampeco-event-forth-roadmap-conference-2025-1024x538.png 1024w, https:\/\/www.ampeco.com\/content\/uploads\/2024\/12\/ampeco-event-forth-roadmap-conference-2025-300x158.png 300w, https:\/\/www.ampeco.com\/content\/uploads\/2024\/12\/ampeco-event-forth-roadmap-conference-2025-768x403.png 768w, https:\/\/www.ampeco.com\/content\/uploads\/2024\/12\/ampeco-event-forth-roadmap-conference-2025-1536x806.png 1536w, https:\/\/www.ampeco.com\/content\/uploads\/2024\/12\/ampeco-event-forth-roadmap-conference-2025-96x50.png 96w, https:\/\/www.ampeco.com\/content\/uploads\/2024\/12\/ampeco-event-forth-roadmap-conference-2025-330x173.png 330w, https:\/\/www.ampeco.com\/content\/uploads\/2024\/12\/ampeco-event-forth-roadmap-conference-2025-660x347.png 660w, https:\/\/www.ampeco.com\/content\/uploads\/2024\/12\/ampeco-event-forth-roadmap-conference-2025-512x269.png 512w, https:\/\/www.ampeco.com\/content\/uploads\/2024\/12\/ampeco-event-forth-roadmap-conference-2025-600x315.png 600w, https:\/\/www.ampeco.com\/content\/uploads\/2024\/12\/ampeco-event-forth-roadmap-conference-2025-1200x630.png 1200w, https:\/\/www.ampeco.com\/content\/uploads\/2024\/12\/ampeco-event-forth-roadmap-conference-2025-840x441.png 840w, https:\/\/www.ampeco.com\/content\/uploads\/2024\/12\/ampeco-event-forth-roadmap-conference-2025-1680x882.png 1680w, https:\/\/www.ampeco.com\/content\/uploads\/2024\/12\/ampeco-event-forth-roadmap-conference-2025-32x17.png 32w, https:\/\/www.ampeco.com\/content\/uploads\/2024\/12\/ampeco-event-forth-roadmap-conference-2025.png 1800w\" sizes=\"auto, (max-width: 1024px) 100vw, 1024px\" \/><\/figure>\n\n<h3 class=\"wp-block-heading\" id=\"forth-roadmap-conference\"><a href=\"https:\/\/www.roadmapforth.org\/\" rel=\"nofollow noopener\" target=\"_blank\">Forth Roadmap Konferenz<\/a><\/h3>\n\n<p><strong>Termine:<\/strong> Oktober 14-16, 2025  <\/p>\n\n<p><strong>Ort:<\/strong> Portland, Oregon, USA  <\/p>\n\n<p><strong>Organisator:<\/strong> Forth  <\/p>\n\n<p><strong>Teilnehmer:<\/strong> Verantwortliche f\u00fcr die Elektrifizierung des Verkehrs, Flottenmanager, Versorgungsunternehmen, Regierungsbeh\u00f6rden, Automobilhersteller<\/p>\n\n<p><strong>Warum teilnehmen?<\/strong> Diese Konferenz bringt mehr als 1.500 f\u00fchrende Vertreter der Branche zusammen, um L\u00f6sungen f\u00fcr die Elektrifizierung des Verkehrs zu diskutieren, wobei der Schwerpunkt auf Gleichberechtigung und Zug\u00e4nglichkeit bei der Einf\u00fchrung von E-Ladestationen liegt. Die Veranstaltung bietet einzigartige Einblicke in \u00f6ffentlich-private Partnerschaften und gemeinschaftsorientierte Ladel\u00f6sungen. Es werden Fallstudien erfolgreicher Infrastrukturprojekte vorgestellt und die politischen Rahmenbedingungen, die den Ausbau von Ladenetzwerken unterst\u00fctzen, werden eingehend er\u00f6rtert. Auf der Grundlage ihrer 14-j\u00e4hrigen Geschichte hat sich die Roadmap als wichtige Plattform f\u00fcr das Verst\u00e4ndnis der nordamerikanischen Landschaft f\u00fcr das Laden von Elektrofahrzeugen etabliert.  <\/p>\n<style>.wp-block-kadence-spacer.kt-block-spacer-40971_d80027-ff .kt-block-spacer{height:60px;}.wp-block-kadence-spacer.kt-block-spacer-40971_d80027-ff .kt-divider{border-top-width:1px;height:1px;border-top-color:#eee;width:80%;border-top-style:solid;}<\/style>\n<div class=\"wp-block-kadence-spacer aligncenter kt-block-spacer-40971_d80027-ff\"><div class=\"kt-block-spacer kt-block-spacer-halign-center\"><\/div><\/div>\n<style style=\"border-radius:var(--spacing-4xl, 32px);overflow:hidden;\">.kb-row-layout-id40971_295ca2-be > .kt-row-column-wrap{align-content:start;}:where(.kb-row-layout-id40971_295ca2-be > .kt-row-column-wrap) > .wp-block-kadence-column{justify-content:start;}.kb-row-layout-id40971_295ca2-be > .kt-row-column-wrap{column-gap:var(--global-kb-gap-md, 2rem);row-gap:var(--global-kb-gap-md, 2rem);padding-top:var(--global-kb-spacing-sm, 1.5rem);padding-bottom:var(--global-kb-spacing-lg, 3rem);grid-template-columns:minmax(0, 1fr) minmax(0, 2fr);}.kb-row-layout-id40971_295ca2-be > .kt-row-layout-overlay{opacity:0.30;}@media all and (max-width: 1024px){.kb-row-layout-id40971_295ca2-be > .kt-row-column-wrap{grid-template-columns:minmax(0, 1fr) minmax(0, 2fr);}}@media all and (max-width: 767px){.kb-row-layout-id40971_295ca2-be > .kt-row-column-wrap{grid-template-columns:minmax(0, 1fr);}}<\/style><div class=\"kb-row-layout-wrap kb-row-layout-id40971_295ca2-be alignnone has-lightbluebg-background-color kt-row-has-bg wp-block-kadence-rowlayout\"><div class=\"kt-row-column-wrap kt-has-2-columns kt-row-layout-right-golden kt-tab-layout-inherit kt-mobile-layout-row kt-row-valign-top\">\n<style>.kadence-column40971_5ab782-d1 > .kt-inside-inner-col{display:flex;}.kadence-column40971_5ab782-d1 > .kt-inside-inner-col,.kadence-column40971_5ab782-d1 > .kt-inside-inner-col:before{border-top-left-radius:0px;border-top-right-radius:0px;border-bottom-right-radius:0px;border-bottom-left-radius:0px;}.kadence-column40971_5ab782-d1 > .kt-inside-inner-col{column-gap:var(--global-kb-gap-sm, 1rem);}.kadence-column40971_5ab782-d1 > .kt-inside-inner-col{flex-direction:column;justify-content:flex-end;}.kadence-column40971_5ab782-d1 > .kt-inside-inner-col > .aligncenter{width:100%;}.kt-row-column-wrap > .kadence-column40971_5ab782-d1{align-self:flex-end;}.kt-inner-column-height-full:not(.kt-has-1-columns) > .wp-block-kadence-column.kadence-column40971_5ab782-d1{align-self:auto;}.kt-inner-column-height-full:not(.kt-has-1-columns) > .wp-block-kadence-column.kadence-column40971_5ab782-d1 > .kt-inside-inner-col{flex-direction:column;justify-content:flex-end;}.kadence-column40971_5ab782-d1 > .kt-inside-inner-col:before{opacity:0.3;}.kadence-column40971_5ab782-d1{position:relative;}@media all and (max-width: 1024px){.kt-row-column-wrap > .kadence-column40971_5ab782-d1{align-self:flex-end;}}@media all and (max-width: 1024px){.kt-inner-column-height-full:not(.kt-has-1-columns) > .wp-block-kadence-column.kadence-column40971_5ab782-d1{align-self:auto;}}@media all and (max-width: 1024px){.kt-inner-column-height-full:not(.kt-has-1-columns) > .wp-block-kadence-column.kadence-column40971_5ab782-d1 > .kt-inside-inner-col{flex-direction:column;justify-content:flex-end;}}@media all and (max-width: 1024px){.kadence-column40971_5ab782-d1 > .kt-inside-inner-col{flex-direction:column;justify-content:flex-end;}}@media all and (max-width: 767px){.kt-row-column-wrap > .kadence-column40971_5ab782-d1{align-self:flex-end;}.kt-inner-column-height-full:not(.kt-has-1-columns) > .wp-block-kadence-column.kadence-column40971_5ab782-d1{align-self:auto;}.kt-inner-column-height-full:not(.kt-has-1-columns) > .wp-block-kadence-column.kadence-column40971_5ab782-d1 > .kt-inside-inner-col{flex-direction:column;justify-content:flex-end;}.kadence-column40971_5ab782-d1 > .kt-inside-inner-col{flex-direction:column;justify-content:flex-end;}}<\/style>\n<div class=\"wp-block-kadence-column kadence-column40971_5ab782-d1\"><div class=\"kt-inside-inner-col\">\n<figure class=\"wp-block-image size-large\"><img loading=\"lazy\" decoding=\"async\" width=\"1024\" height=\"538\" src=\"https:\/\/www.ampeco.com\/content\/uploads\/2024\/12\/sharing-ampeco-top-10-must-attend-ev-charging-events-for-cpo-2024-1024x538.png\" alt=\"-\" class=\"wp-image-41240\" title=\"\" srcset=\"https:\/\/www.ampeco.com\/content\/uploads\/2024\/12\/sharing-ampeco-top-10-must-attend-ev-charging-events-for-cpo-2024-1024x538.png 1024w, https:\/\/www.ampeco.com\/content\/uploads\/2024\/12\/sharing-ampeco-top-10-must-attend-ev-charging-events-for-cpo-2024-300x158.png 300w, https:\/\/www.ampeco.com\/content\/uploads\/2024\/12\/sharing-ampeco-top-10-must-attend-ev-charging-events-for-cpo-2024-768x403.png 768w, https:\/\/www.ampeco.com\/content\/uploads\/2024\/12\/sharing-ampeco-top-10-must-attend-ev-charging-events-for-cpo-2024-1536x806.png 1536w, https:\/\/www.ampeco.com\/content\/uploads\/2024\/12\/sharing-ampeco-top-10-must-attend-ev-charging-events-for-cpo-2024-96x50.png 96w, https:\/\/www.ampeco.com\/content\/uploads\/2024\/12\/sharing-ampeco-top-10-must-attend-ev-charging-events-for-cpo-2024-330x173.png 330w, https:\/\/www.ampeco.com\/content\/uploads\/2024\/12\/sharing-ampeco-top-10-must-attend-ev-charging-events-for-cpo-2024-660x347.png 660w, https:\/\/www.ampeco.com\/content\/uploads\/2024\/12\/sharing-ampeco-top-10-must-attend-ev-charging-events-for-cpo-2024-512x269.png 512w, https:\/\/www.ampeco.com\/content\/uploads\/2024\/12\/sharing-ampeco-top-10-must-attend-ev-charging-events-for-cpo-2024-600x315.png 600w, https:\/\/www.ampeco.com\/content\/uploads\/2024\/12\/sharing-ampeco-top-10-must-attend-ev-charging-events-for-cpo-2024-1200x630.png 1200w, https:\/\/www.ampeco.com\/content\/uploads\/2024\/12\/sharing-ampeco-top-10-must-attend-ev-charging-events-for-cpo-2024-840x441.png 840w, https:\/\/www.ampeco.com\/content\/uploads\/2024\/12\/sharing-ampeco-top-10-must-attend-ev-charging-events-for-cpo-2024-1680x882.png 1680w, https:\/\/www.ampeco.com\/content\/uploads\/2024\/12\/sharing-ampeco-top-10-must-attend-ev-charging-events-for-cpo-2024-32x17.png 32w, https:\/\/www.ampeco.com\/content\/uploads\/2024\/12\/sharing-ampeco-top-10-must-attend-ev-charging-events-for-cpo-2024.png 1800w\" sizes=\"auto, (max-width: 1024px) 100vw, 1024px\" \/><\/figure>\n<\/div><\/div>\n\n\n<style>.kadence-column40971_ad393e-9e > .kt-inside-inner-col{display:flex;}.kadence-column40971_ad393e-9e > .kt-inside-inner-col,.kadence-column40971_ad393e-9e > .kt-inside-inner-col:before{border-top-left-radius:0px;border-top-right-radius:0px;border-bottom-right-radius:0px;border-bottom-left-radius:0px;}.kadence-column40971_ad393e-9e > .kt-inside-inner-col{column-gap:var(--global-kb-gap-sm, 1rem);}.kadence-column40971_ad393e-9e > .kt-inside-inner-col{flex-direction:column;justify-content:center;}.kadence-column40971_ad393e-9e > .kt-inside-inner-col > .aligncenter{width:100%;}.kt-row-column-wrap > .kadence-column40971_ad393e-9e{align-self:center;}.kt-inner-column-height-full:not(.kt-has-1-columns) > .wp-block-kadence-column.kadence-column40971_ad393e-9e{align-self:auto;}.kt-inner-column-height-full:not(.kt-has-1-columns) > .wp-block-kadence-column.kadence-column40971_ad393e-9e > .kt-inside-inner-col{flex-direction:column;justify-content:center;}.kadence-column40971_ad393e-9e > .kt-inside-inner-col:before{opacity:0.3;}.kadence-column40971_ad393e-9e{position:relative;}@media all and (max-width: 1024px){.kt-row-column-wrap > .kadence-column40971_ad393e-9e{align-self:center;}}@media all and (max-width: 1024px){.kt-inner-column-height-full:not(.kt-has-1-columns) > .wp-block-kadence-column.kadence-column40971_ad393e-9e{align-self:auto;}}@media all and (max-width: 1024px){.kt-inner-column-height-full:not(.kt-has-1-columns) > .wp-block-kadence-column.kadence-column40971_ad393e-9e > .kt-inside-inner-col{flex-direction:column;justify-content:center;}}@media all and (max-width: 1024px){.kadence-column40971_ad393e-9e > .kt-inside-inner-col{flex-direction:column;justify-content:center;}}@media all and (max-width: 767px){.kt-row-column-wrap > .kadence-column40971_ad393e-9e{align-self:center;}.kt-inner-column-height-full:not(.kt-has-1-columns) > .wp-block-kadence-column.kadence-column40971_ad393e-9e{align-self:auto;}.kt-inner-column-height-full:not(.kt-has-1-columns) > .wp-block-kadence-column.kadence-column40971_ad393e-9e > .kt-inside-inner-col{flex-direction:column;justify-content:center;}.kadence-column40971_ad393e-9e > .kt-inside-inner-col{flex-direction:column;justify-content:center;}}<\/style>\n<div class=\"wp-block-kadence-column kadence-column40971_ad393e-9e\"><div class=\"kt-inside-inner-col\">\n<h3 class=\"wp-block-heading\" id=\"looking-for-more-ev-charging-events-in-the-usa-and-canada\">Suchen Sie nach weiteren Veranstaltungen zum Laden von Elektrofahrzeugen in den USA und Kanada?  <\/h3>\n\n\n\n<div class=\"wp-block-buttons is-layout-flex wp-block-buttons-is-layout-flex\">\n<div class=\"wp-block-button\"><a class=\"wp-block-button__link wp-element-button\" href=\"https:\/\/www.ampeco.com\/us\/blog\/top-10-north-american-ev-charging-events-2025\/\" target=\"_blank\" rel=\"noreferrer noopener\">Mehr lesen<\/a><\/div>\n<\/div>\n<\/div><\/div>\n\n<\/div><\/div><style>.wp-block-kadence-spacer.kt-block-spacer-40971_66103f-c5 .kt-block-spacer{height:60px;}.wp-block-kadence-spacer.kt-block-spacer-40971_66103f-c5 .kt-divider{border-top-width:1px;height:1px;border-top-color:#eee;width:80%;border-top-style:solid;}<\/style>\n<div class=\"wp-block-kadence-spacer aligncenter kt-block-spacer-40971_66103f-c5\"><div class=\"kt-block-spacer kt-block-spacer-halign-center\"><\/div><\/div>\n\n<h2 class=\"wp-block-heading\" id=\"middle-east-asia-pacific-ev-charging-events\"><strong>Veranstaltungen zum Laden von Elektrofahrzeugen im Nahen Osten und Asien-Pazifik<\/strong><\/h2>\n\n<p>Die Veranstaltungen zum Laden von Elektroautos im Nahen Osten und im asiatisch-pazifischen Raum im Jahr 2025 zeigen die unterschiedliche Marktdynamik in der Region, von den ehrgeizigen Zielen der VAE f\u00fcr die Ladeinfrastruktur bis hin zum wachsenden Netzausbau in Australien. Die wachsende Bedeutung Thailands im EV-\u00d6kosystem spiegelt sich in zahlreichen Branchentreffen wider, die durch die &#8222;30@30&#8220;-Politik des Landes zur Herstellung von Elektrofahrzeugen und den Ausbau der Ladeinfrastruktur unterst\u00fctzt werden. Diese Veranstaltungen bringen Interessenvertreter aus sich schnell entwickelnden M\u00e4rkten zusammen, die sich mit den einzigartigen Herausforderungen von extremen klimatischen Bedingungen bis hin zur Ladedichte in Megast\u00e4dten befassen.  <\/p>\n<style>.wp-block-kadence-spacer.kt-block-spacer-40971_7b6961-20 .kt-block-spacer{height:60px;}.wp-block-kadence-spacer.kt-block-spacer-40971_7b6961-20 .kt-divider{border-top-width:1px;height:1px;border-top-color:#eee;width:80%;border-top-style:solid;}<\/style>\n<div class=\"wp-block-kadence-spacer aligncenter kt-block-spacer-40971_7b6961-20\"><div class=\"kt-block-spacer kt-block-spacer-halign-center\"><\/div><\/div>\n\n<figure class=\"wp-block-image size-large\"><img loading=\"lazy\" decoding=\"async\" width=\"1024\" height=\"538\" src=\"https:\/\/www.ampeco.com\/content\/uploads\/2024\/12\/ampeco-event-ev-charge-live-2025-1024x538.png\" alt=\"-\" class=\"wp-image-41130\" title=\"\" srcset=\"https:\/\/www.ampeco.com\/content\/uploads\/2024\/12\/ampeco-event-ev-charge-live-2025-1024x538.png 1024w, https:\/\/www.ampeco.com\/content\/uploads\/2024\/12\/ampeco-event-ev-charge-live-2025-300x158.png 300w, https:\/\/www.ampeco.com\/content\/uploads\/2024\/12\/ampeco-event-ev-charge-live-2025-768x403.png 768w, https:\/\/www.ampeco.com\/content\/uploads\/2024\/12\/ampeco-event-ev-charge-live-2025-1536x806.png 1536w, https:\/\/www.ampeco.com\/content\/uploads\/2024\/12\/ampeco-event-ev-charge-live-2025-96x50.png 96w, https:\/\/www.ampeco.com\/content\/uploads\/2024\/12\/ampeco-event-ev-charge-live-2025-330x173.png 330w, https:\/\/www.ampeco.com\/content\/uploads\/2024\/12\/ampeco-event-ev-charge-live-2025-660x347.png 660w, https:\/\/www.ampeco.com\/content\/uploads\/2024\/12\/ampeco-event-ev-charge-live-2025-512x269.png 512w, https:\/\/www.ampeco.com\/content\/uploads\/2024\/12\/ampeco-event-ev-charge-live-2025-600x315.png 600w, https:\/\/www.ampeco.com\/content\/uploads\/2024\/12\/ampeco-event-ev-charge-live-2025-1200x630.png 1200w, https:\/\/www.ampeco.com\/content\/uploads\/2024\/12\/ampeco-event-ev-charge-live-2025-840x441.png 840w, https:\/\/www.ampeco.com\/content\/uploads\/2024\/12\/ampeco-event-ev-charge-live-2025-1680x882.png 1680w, https:\/\/www.ampeco.com\/content\/uploads\/2024\/12\/ampeco-event-ev-charge-live-2025-32x17.png 32w, https:\/\/www.ampeco.com\/content\/uploads\/2024\/12\/ampeco-event-ev-charge-live-2025.png 1800w\" sizes=\"auto, (max-width: 1024px) 100vw, 1024px\" \/><\/figure>\n\n<h3 class=\"wp-block-heading\" id=\"ev-charge-live-thailand\"><a href=\"https:\/\/www.terrapinn.com\/exhibition\/ev-charge-live-thailand\/index.stm\" rel=\"nofollow noopener\" target=\"_blank\">EV Charge Live Thailand<\/a><\/h3>\n\n<p><strong>Daten:<\/strong> Februar 26-27, 2025<\/p>\n\n<p><strong>Ort:<\/strong> BITEC, Bangkok, Thailand  <\/p>\n\n<p><strong>Organisator:<\/strong> Terrapinn<\/p>\n\n<p><strong>Teilnehmer:<\/strong> CPOs, Regierungsvertreter, Automobilhersteller, Anbieter von Ladetechnik<\/p>\n\n<p><strong>Warum teilnehmen: <\/strong>Thailand positioniert sich als S\u00fcdostasiens Drehscheibe f\u00fcr die Herstellung von Elektroautos. Diese Veranstaltung zeigt die schnelle Entwicklung der Ladeinfrastruktur in der Region. Die Veranstaltung bietet Live-Demonstrationen von Schnellladetechnologien und vertiefte Einblicke in die regionalen Ladestandards, mit besonderem Augenmerk auf Thailands ehrgeiziges Ziel, bis 2030 30% der gesamten Automobilproduktion auf E-Fahrzeuge umzustellen. <\/p>\n<style>.wp-block-kadence-spacer.kt-block-spacer-40971_16c0d3-54 .kt-block-spacer{height:60px;}.wp-block-kadence-spacer.kt-block-spacer-40971_16c0d3-54 .kt-divider{border-top-width:1px;height:1px;border-top-color:#eee;width:80%;border-top-style:solid;}<\/style>\n<div class=\"wp-block-kadence-spacer aligncenter kt-block-spacer-40971_16c0d3-54\"><div class=\"kt-block-spacer kt-block-spacer-halign-center\"><\/div><\/div>\n\n<figure class=\"wp-block-image size-large\"><img loading=\"lazy\" decoding=\"async\" width=\"1024\" height=\"538\" src=\"https:\/\/www.ampeco.com\/content\/uploads\/2024\/12\/ampeco-event-evis-2025-1024x538.png\" alt=\"-\" class=\"wp-image-41155\" title=\"\" srcset=\"https:\/\/www.ampeco.com\/content\/uploads\/2024\/12\/ampeco-event-evis-2025-1024x538.png 1024w, https:\/\/www.ampeco.com\/content\/uploads\/2024\/12\/ampeco-event-evis-2025-300x158.png 300w, https:\/\/www.ampeco.com\/content\/uploads\/2024\/12\/ampeco-event-evis-2025-768x403.png 768w, https:\/\/www.ampeco.com\/content\/uploads\/2024\/12\/ampeco-event-evis-2025-1536x806.png 1536w, https:\/\/www.ampeco.com\/content\/uploads\/2024\/12\/ampeco-event-evis-2025-96x50.png 96w, https:\/\/www.ampeco.com\/content\/uploads\/2024\/12\/ampeco-event-evis-2025-330x173.png 330w, https:\/\/www.ampeco.com\/content\/uploads\/2024\/12\/ampeco-event-evis-2025-660x347.png 660w, https:\/\/www.ampeco.com\/content\/uploads\/2024\/12\/ampeco-event-evis-2025-512x269.png 512w, https:\/\/www.ampeco.com\/content\/uploads\/2024\/12\/ampeco-event-evis-2025-600x315.png 600w, https:\/\/www.ampeco.com\/content\/uploads\/2024\/12\/ampeco-event-evis-2025-1200x630.png 1200w, https:\/\/www.ampeco.com\/content\/uploads\/2024\/12\/ampeco-event-evis-2025-840x441.png 840w, https:\/\/www.ampeco.com\/content\/uploads\/2024\/12\/ampeco-event-evis-2025-1680x882.png 1680w, https:\/\/www.ampeco.com\/content\/uploads\/2024\/12\/ampeco-event-evis-2025-32x17.png 32w, https:\/\/www.ampeco.com\/content\/uploads\/2024\/12\/ampeco-event-evis-2025.png 1800w\" sizes=\"auto, (max-width: 1024px) 100vw, 1024px\" \/><\/figure>\n\n<h3 class=\"wp-block-heading\" id=\"evis-electric-vehicle-innovation-summit\"><a href=\"https:\/\/abudhabi.evinnovationsummit.com\/\" rel=\"nofollow noopener\" target=\"_blank\">EVIS (Innovationsgipfel f\u00fcr Elektrofahrzeuge)<\/a><\/h3>\n\n<p><strong>Daten:<\/strong> April 21-23, 2025<\/p>\n\n<p><strong>Ort:<\/strong> ADNEC Centre, Abu Dhabi, VAE  <\/p>\n\n<p><strong>Organisator:<\/strong> Nirvana Mice <\/p>\n\n<p><strong>Teilnehmer:<\/strong> Branchenf\u00fchrer, Experten und einflussreiche Pers\u00f6nlichkeiten aus der gesamten Wertsch\u00f6pfungskette der Elektromobilit\u00e4t<\/p>\n\n<p><strong>Warum teilnehmen:<\/strong> Als gr\u00f6\u00dftes Gipfeltreffen f\u00fcr Elektromobilit\u00e4t in der MENA-Region wird EVIS \u00fcber 200 ausstellende Unternehmen aus der ganzen Welt pr\u00e4sentieren. Die hochkar\u00e4tige Konferenz bringt Vordenker und Experten zusammen, um wertvolle Einblicke in die sich schnell entwickelnde E-Mobilit\u00e4tslandschaft der Region zu geben, mit besonderem Schwerpunkt auf der Entwicklung der regionalen Infrastruktur und den politischen Rahmenbedingungen. <\/p>\n<style>.wp-block-kadence-spacer.kt-block-spacer-40971_035c11-c7 .kt-block-spacer{height:60px;}.wp-block-kadence-spacer.kt-block-spacer-40971_035c11-c7 .kt-divider{border-top-width:1px;height:1px;border-top-color:#eee;width:80%;border-top-style:solid;}<\/style>\n<div class=\"wp-block-kadence-spacer aligncenter kt-block-spacer-40971_035c11-c7\"><div class=\"kt-block-spacer kt-block-spacer-halign-center\"><\/div><\/div>\n\n<figure class=\"wp-block-image size-large\"><img loading=\"lazy\" decoding=\"async\" width=\"1024\" height=\"538\" src=\"https:\/\/www.ampeco.com\/content\/uploads\/2024\/12\/ampeco-event-future-mobility-asia-2025-1024x538.png\" alt=\"-\" class=\"wp-image-41175\" title=\"\" srcset=\"https:\/\/www.ampeco.com\/content\/uploads\/2024\/12\/ampeco-event-future-mobility-asia-2025-1024x538.png 1024w, https:\/\/www.ampeco.com\/content\/uploads\/2024\/12\/ampeco-event-future-mobility-asia-2025-300x158.png 300w, https:\/\/www.ampeco.com\/content\/uploads\/2024\/12\/ampeco-event-future-mobility-asia-2025-768x403.png 768w, https:\/\/www.ampeco.com\/content\/uploads\/2024\/12\/ampeco-event-future-mobility-asia-2025-1536x806.png 1536w, https:\/\/www.ampeco.com\/content\/uploads\/2024\/12\/ampeco-event-future-mobility-asia-2025-96x50.png 96w, https:\/\/www.ampeco.com\/content\/uploads\/2024\/12\/ampeco-event-future-mobility-asia-2025-330x173.png 330w, https:\/\/www.ampeco.com\/content\/uploads\/2024\/12\/ampeco-event-future-mobility-asia-2025-660x347.png 660w, https:\/\/www.ampeco.com\/content\/uploads\/2024\/12\/ampeco-event-future-mobility-asia-2025-512x269.png 512w, https:\/\/www.ampeco.com\/content\/uploads\/2024\/12\/ampeco-event-future-mobility-asia-2025-600x315.png 600w, https:\/\/www.ampeco.com\/content\/uploads\/2024\/12\/ampeco-event-future-mobility-asia-2025-1200x630.png 1200w, https:\/\/www.ampeco.com\/content\/uploads\/2024\/12\/ampeco-event-future-mobility-asia-2025-840x441.png 840w, https:\/\/www.ampeco.com\/content\/uploads\/2024\/12\/ampeco-event-future-mobility-asia-2025-1680x882.png 1680w, https:\/\/www.ampeco.com\/content\/uploads\/2024\/12\/ampeco-event-future-mobility-asia-2025-32x17.png 32w, https:\/\/www.ampeco.com\/content\/uploads\/2024\/12\/ampeco-event-future-mobility-asia-2025.png 1800w\" sizes=\"auto, (max-width: 1024px) 100vw, 1024px\" \/><\/figure>\n\n<h3 class=\"wp-block-heading\" id=\"future-mobility-asia\"><a href=\"https:\/\/www.future-mobility.asia\/\" rel=\"nofollow noopener\" target=\"_blank\">Zuk\u00fcnftige Mobilit\u00e4t Asien<\/a><\/h3>\n\n<p><strong>Daten:<\/strong> Mai 7-9, 2025<\/p>\n\n<p><strong>Ort:<\/strong> Queen Sirikit National Convention Center, Bangkok, Thailand<\/p>\n\n<p><strong>Organisator:<\/strong> DMG Events<\/p>\n\n<p><strong>Teilnehmer:<\/strong> Globale Technologievordenker, CPOs, OEMs, Flottenbetreiber, Regierungen, Batteriehersteller, Investoren<\/p>\n\n<p><strong>Warum teilnehmen:<\/strong> Die Veranstaltung, die zeitgleich mit der Future Energy Asia stattfindet, erwartet \u00fcber 26.000 Besucher, 400 Aussteller und 700 Redner in 300 Sitzungen. Angesichts der strategischen Investitionen Thailands in die Logistikinfrastruktur und der rasanten Fortschritte bei der Einf\u00fchrung von Elektrofahrzeugen in der Region bietet die Veranstaltung einzigartige Einblicke in einen der am schnellsten wachsenden Mobilit\u00e4tsm\u00e4rkte der Welt. <\/p>\n<style>.wp-block-kadence-spacer.kt-block-spacer-40971_3109e9-74 .kt-block-spacer{height:60px;}.wp-block-kadence-spacer.kt-block-spacer-40971_3109e9-74 .kt-divider{border-top-width:1px;height:1px;border-top-color:#eee;width:80%;border-top-style:solid;}<\/style>\n<div class=\"wp-block-kadence-spacer aligncenter kt-block-spacer-40971_3109e9-74\"><div class=\"kt-block-spacer kt-block-spacer-halign-center\"><\/div><\/div>\n\n<figure class=\"wp-block-image size-large\"><img loading=\"lazy\" decoding=\"async\" width=\"1024\" height=\"538\" src=\"https:\/\/www.ampeco.com\/content\/uploads\/2024\/12\/ampeco-event-ev-auto-show-2025-1024x538.png\" alt=\"-\" class=\"wp-image-41125\" title=\"\" srcset=\"https:\/\/www.ampeco.com\/content\/uploads\/2024\/12\/ampeco-event-ev-auto-show-2025-1024x538.png 1024w, https:\/\/www.ampeco.com\/content\/uploads\/2024\/12\/ampeco-event-ev-auto-show-2025-300x158.png 300w, https:\/\/www.ampeco.com\/content\/uploads\/2024\/12\/ampeco-event-ev-auto-show-2025-768x403.png 768w, https:\/\/www.ampeco.com\/content\/uploads\/2024\/12\/ampeco-event-ev-auto-show-2025-1536x806.png 1536w, https:\/\/www.ampeco.com\/content\/uploads\/2024\/12\/ampeco-event-ev-auto-show-2025-96x50.png 96w, https:\/\/www.ampeco.com\/content\/uploads\/2024\/12\/ampeco-event-ev-auto-show-2025-330x173.png 330w, https:\/\/www.ampeco.com\/content\/uploads\/2024\/12\/ampeco-event-ev-auto-show-2025-660x347.png 660w, https:\/\/www.ampeco.com\/content\/uploads\/2024\/12\/ampeco-event-ev-auto-show-2025-512x269.png 512w, https:\/\/www.ampeco.com\/content\/uploads\/2024\/12\/ampeco-event-ev-auto-show-2025-600x315.png 600w, https:\/\/www.ampeco.com\/content\/uploads\/2024\/12\/ampeco-event-ev-auto-show-2025-1200x630.png 1200w, https:\/\/www.ampeco.com\/content\/uploads\/2024\/12\/ampeco-event-ev-auto-show-2025-840x441.png 840w, https:\/\/www.ampeco.com\/content\/uploads\/2024\/12\/ampeco-event-ev-auto-show-2025-1680x882.png 1680w, https:\/\/www.ampeco.com\/content\/uploads\/2024\/12\/ampeco-event-ev-auto-show-2025-32x17.png 32w, https:\/\/www.ampeco.com\/content\/uploads\/2024\/12\/ampeco-event-ev-auto-show-2025.png 1800w\" sizes=\"auto, (max-width: 1024px) 100vw, 1024px\" \/><\/figure>\n\n<h3 class=\"wp-block-heading\" id=\"ev-auto-show\"><a href=\"https:\/\/evautoshowonline.com\/\" rel=\"nofollow noopener\" target=\"_blank\">EV Auto Show<\/a><\/h3>\n\n<p><strong>Termine: <\/strong>Oktober 28-30, 2025<\/p>\n\n<p><strong>Ort: <\/strong>Riyadh International Convention &amp; Exhibition Center, Saudi-Arabien<\/p>\n\n<p><strong>Organisator: <\/strong>Connect Spot Ausstellungen<\/p>\n\n<p><strong>Teilnehmer: <\/strong>Interessenvertreter der Industrie, Entscheidungstr\u00e4ger, politische Entscheidungstr\u00e4ger, Wirtschaftsf\u00fchrer, Investoren und Endverbraucher<\/p>\n\n<p><strong>Warum teilnehmen:<\/strong> Als Saudi-Arabiens wichtigste Veranstaltung f\u00fcr das E-Fahrzeug-\u00d6kosystem bringt diese vierte Ausgabe die f\u00fchrenden Akteure des Sektors zusammen. Die Veranstaltung bietet interaktive Erlebnisse, darunter Testfahrten mit Elektrofahrzeugen und Technologievorf\u00fchrungen, und gew\u00e4hrt gleichzeitig Einblicke in die ehrgeizigen Nachhaltigkeitsinitiativen und Infrastrukturentwicklungspl\u00e4ne der Region. <\/p>\n<style>.wp-block-kadence-spacer.kt-block-spacer-40971_42b364-6d .kt-block-spacer{height:60px;}.wp-block-kadence-spacer.kt-block-spacer-40971_42b364-6d .kt-divider{border-top-width:1px;height:1px;border-top-color:#eee;width:80%;border-top-style:solid;}<\/style>\n<div class=\"wp-block-kadence-spacer aligncenter kt-block-spacer-40971_42b364-6d\"><div class=\"kt-block-spacer kt-block-spacer-halign-center\"><\/div><\/div>\n\n<figure class=\"wp-block-image size-large\"><img loading=\"lazy\" decoding=\"async\" width=\"1024\" height=\"538\" src=\"https:\/\/www.ampeco.com\/content\/uploads\/2024\/12\/ampeco-event-all-energy-australia-2025-1024x538.png\" alt=\"-\" class=\"wp-image-41095\" title=\"\" srcset=\"https:\/\/www.ampeco.com\/content\/uploads\/2024\/12\/ampeco-event-all-energy-australia-2025-1024x538.png 1024w, https:\/\/www.ampeco.com\/content\/uploads\/2024\/12\/ampeco-event-all-energy-australia-2025-300x158.png 300w, https:\/\/www.ampeco.com\/content\/uploads\/2024\/12\/ampeco-event-all-energy-australia-2025-768x403.png 768w, https:\/\/www.ampeco.com\/content\/uploads\/2024\/12\/ampeco-event-all-energy-australia-2025-1536x806.png 1536w, https:\/\/www.ampeco.com\/content\/uploads\/2024\/12\/ampeco-event-all-energy-australia-2025-96x50.png 96w, https:\/\/www.ampeco.com\/content\/uploads\/2024\/12\/ampeco-event-all-energy-australia-2025-330x173.png 330w, https:\/\/www.ampeco.com\/content\/uploads\/2024\/12\/ampeco-event-all-energy-australia-2025-660x347.png 660w, https:\/\/www.ampeco.com\/content\/uploads\/2024\/12\/ampeco-event-all-energy-australia-2025-512x269.png 512w, https:\/\/www.ampeco.com\/content\/uploads\/2024\/12\/ampeco-event-all-energy-australia-2025-600x315.png 600w, https:\/\/www.ampeco.com\/content\/uploads\/2024\/12\/ampeco-event-all-energy-australia-2025-1200x630.png 1200w, https:\/\/www.ampeco.com\/content\/uploads\/2024\/12\/ampeco-event-all-energy-australia-2025-840x441.png 840w, https:\/\/www.ampeco.com\/content\/uploads\/2024\/12\/ampeco-event-all-energy-australia-2025-1680x882.png 1680w, https:\/\/www.ampeco.com\/content\/uploads\/2024\/12\/ampeco-event-all-energy-australia-2025-32x17.png 32w, https:\/\/www.ampeco.com\/content\/uploads\/2024\/12\/ampeco-event-all-energy-australia-2025.png 1800w\" sizes=\"auto, (max-width: 1024px) 100vw, 1024px\" \/><\/figure>\n\n<h3 class=\"wp-block-heading\" id=\"ev-technology-and-infrastructure-at-all-energy-australia\"><a href=\"https:\/\/www.all-energy.com.au\/en-gb\/ev-technology.html\" rel=\"nofollow noopener\" target=\"_blank\">EV-Technologie und Infrastruktur bei All Energy Australia<\/a><\/h3>\n\n<p><strong>Termine:<\/strong> Oktober 29-30, 2025  <\/p>\n\n<p><strong>Ort: <\/strong>MCEC, Melbourne, Australien<\/p>\n\n<p><strong>Organisator: <\/strong>RX Global<\/p>\n\n<p><strong>Teilnehmer: <\/strong>Produktmanager, Infrastrukturingenieure, Batterieingenieure, Elektriker, Elektroingenieure, Politikanalysten, Berater und leitende Angestellte aus der gesamten asiatisch-pazifischen Region<\/p>\n\n<p><strong>Warum teilnehmen:<\/strong> Tauchen Sie auf der All Energy Australia in die hochmoderne Welt der EV-Technologie und -Infrastruktur ein. Auf dieser f\u00fchrenden Veranstaltung werden die neuesten Innovationen im Bereich der EV-Technologie von f\u00fchrenden Anbietern vorgestellt, w\u00e4hrend Sie im Rahmen des umfassenden Multi-Stream-Inhaltsprogramms von f\u00fchrenden Experten der Branche h\u00f6ren. Ganz gleich, ob Sie ein EV-Produktmanager, ein Infrastrukturingenieur, ein Batterieingenieur, ein Elektriker, ein Elektroingenieur, ein Analyst f\u00fcr EV-Politik, ein Berater oder ein leitender Angestellter sind, die All Energy Australia bietet Ihnen eine unvergleichliche Gelegenheit, in der sich schnell entwickelnden EV-Landschaft einen Schritt voraus zu sein. Die All Energy Australia Exhibition &amp; Conference ist die gr\u00f6\u00dfte und am meisten erwartete Veranstaltung f\u00fcr saubere Energie in der s\u00fcdlichen Hemisph\u00e4re. Seit mehr als 15 Jahren ist sie eine wichtige Plattform f\u00fcr Fachleute, Experten und Enthusiasten der Branche, um sich \u00fcber die neuesten Entwicklungen, Innovationen und Trends im Bereich der erneuerbaren Energien zu informieren.      <\/p>\n<style>.wp-block-kadence-spacer.kt-block-spacer-40971_9bd208-49 .kt-block-spacer{height:60px;}.wp-block-kadence-spacer.kt-block-spacer-40971_9bd208-49 .kt-divider{border-top-width:1px;height:1px;border-top-color:#eee;width:80%;border-top-style:solid;}<\/style>\n<div class=\"wp-block-kadence-spacer aligncenter kt-block-spacer-40971_9bd208-49\"><div class=\"kt-block-spacer kt-block-spacer-halign-center\"><\/div><\/div>\n\n<h2 class=\"wp-block-heading\" id=\"bonus-events-worth-considering\"><strong>Bonusereignisse, die Sie beachten sollten<\/strong><\/h2>\n<style>.wp-block-kadence-spacer.kt-block-spacer-40971_29a440-64 .kt-block-spacer{height:60px;}.wp-block-kadence-spacer.kt-block-spacer-40971_29a440-64 .kt-divider{border-top-width:1px;height:1px;border-top-color:#eee;width:80%;border-top-style:solid;}<\/style>\n<div class=\"wp-block-kadence-spacer aligncenter kt-block-spacer-40971_29a440-64\"><div class=\"kt-block-spacer kt-block-spacer-halign-center\"><\/div><\/div>\n\n<figure class=\"wp-block-image size-large\"><img loading=\"lazy\" decoding=\"async\" width=\"1024\" height=\"538\" src=\"https:\/\/www.ampeco.com\/content\/uploads\/2024\/12\/ampeco-event-new-mobility-congress-2025-1024x538.png\" alt=\"-\" class=\"wp-image-41200\" title=\"\" srcset=\"https:\/\/www.ampeco.com\/content\/uploads\/2024\/12\/ampeco-event-new-mobility-congress-2025-1024x538.png 1024w, https:\/\/www.ampeco.com\/content\/uploads\/2024\/12\/ampeco-event-new-mobility-congress-2025-300x158.png 300w, https:\/\/www.ampeco.com\/content\/uploads\/2024\/12\/ampeco-event-new-mobility-congress-2025-768x403.png 768w, https:\/\/www.ampeco.com\/content\/uploads\/2024\/12\/ampeco-event-new-mobility-congress-2025-1536x806.png 1536w, https:\/\/www.ampeco.com\/content\/uploads\/2024\/12\/ampeco-event-new-mobility-congress-2025-96x50.png 96w, https:\/\/www.ampeco.com\/content\/uploads\/2024\/12\/ampeco-event-new-mobility-congress-2025-330x173.png 330w, https:\/\/www.ampeco.com\/content\/uploads\/2024\/12\/ampeco-event-new-mobility-congress-2025-660x347.png 660w, https:\/\/www.ampeco.com\/content\/uploads\/2024\/12\/ampeco-event-new-mobility-congress-2025-512x269.png 512w, https:\/\/www.ampeco.com\/content\/uploads\/2024\/12\/ampeco-event-new-mobility-congress-2025-600x315.png 600w, https:\/\/www.ampeco.com\/content\/uploads\/2024\/12\/ampeco-event-new-mobility-congress-2025-1200x630.png 1200w, https:\/\/www.ampeco.com\/content\/uploads\/2024\/12\/ampeco-event-new-mobility-congress-2025-840x441.png 840w, https:\/\/www.ampeco.com\/content\/uploads\/2024\/12\/ampeco-event-new-mobility-congress-2025-1680x882.png 1680w, https:\/\/www.ampeco.com\/content\/uploads\/2024\/12\/ampeco-event-new-mobility-congress-2025-32x17.png 32w, https:\/\/www.ampeco.com\/content\/uploads\/2024\/12\/ampeco-event-new-mobility-congress-2025.png 1800w\" sizes=\"auto, (max-width: 1024px) 100vw, 1024px\" \/><\/figure>\n\n<h3 class=\"wp-block-heading\" id=\"new-mobility-congress\"><a href=\"https:\/\/kongresnowejmobilnosci.pl\/en\/homepage-en-2024\/\" rel=\"nofollow noopener\" target=\"_blank\">Kongress f\u00fcr Neue Mobilit\u00e4t<\/a><\/h3>\n\n<p><strong>Daten:<\/strong> September 23-25, 2025<\/p>\n\n<p><strong>Ort:<\/strong> Metropole GZM \/ MCK, Kattowitz, Polen<\/p>\n\n<p><strong>Organisator:<\/strong> PSNM &#8211; New Mobility Association<\/p>\n\n<p><strong>Teilnehmer: <\/strong>Der Kongress bringt Fahrzeug- und Infrastrukturhersteller, Betreiber und Anbieter von Ladediensten, Technologieunternehmen, Netze und Transportunternehmen, Energie- und Kraftstoffunternehmen sowie aufstrebende Start-ups und Institutionen, die neue Mobilit\u00e4t finanzieren, zusammen.<\/p>\n\n<p>Mit der Beteiligung von mehreren hundert Partnern hat der New Mobility Congress seit 2019 erfolgreich die Marke der am schnellsten wachsenden Veranstaltung der E-Mobilit\u00e4tsbranche in der CEE-Region aufgebaut. Der Veranstalter hat einen einzigartigen Ort geschaffen, an dem die wichtigsten Akteure der emissionsfreien Verkehrstechnologie aus ganz Europa Wissen, Erfahrungen und Ideen austauschen k\u00f6nnen. Jahr f\u00fcr Jahr erreicht der Branchendialog im Rahmen des New Mobility Congress ein h\u00f6heres inhaltliches Niveau, wobei die meisten Teilnehmer beruflich mit dem neuen Mobilit\u00e4tsmarkt zu tun haben. Der Kongress hat ein zunehmend internationales Profil mit zweisprachiger Berichterstattung gewonnen und zieht eine Vielzahl von Entscheidungstr\u00e4gern und Interessenvertretern auf C-Level aus Europa und dar\u00fcber hinaus an.   <\/p>\n<style>.wp-block-kadence-spacer.kt-block-spacer-40971_548d6e-82 .kt-block-spacer{height:60px;}.wp-block-kadence-spacer.kt-block-spacer-40971_548d6e-82 .kt-divider{border-top-width:1px;height:1px;border-top-color:#eee;width:80%;border-top-style:solid;}<\/style>\n<div class=\"wp-block-kadence-spacer aligncenter kt-block-spacer-40971_548d6e-82\"><div class=\"kt-block-spacer kt-block-spacer-halign-center\"><\/div><\/div>\n\n<figure class=\"wp-block-image size-large\"><img loading=\"lazy\" decoding=\"async\" width=\"1024\" height=\"538\" src=\"https:\/\/www.ampeco.com\/content\/uploads\/2024\/12\/ampeco-event-optimal-charging-public-charging-2025-1024x538.png\" alt=\"-\" class=\"wp-image-41210\" title=\"\" srcset=\"https:\/\/www.ampeco.com\/content\/uploads\/2024\/12\/ampeco-event-optimal-charging-public-charging-2025-1024x538.png 1024w, https:\/\/www.ampeco.com\/content\/uploads\/2024\/12\/ampeco-event-optimal-charging-public-charging-2025-300x158.png 300w, https:\/\/www.ampeco.com\/content\/uploads\/2024\/12\/ampeco-event-optimal-charging-public-charging-2025-768x403.png 768w, https:\/\/www.ampeco.com\/content\/uploads\/2024\/12\/ampeco-event-optimal-charging-public-charging-2025-1536x806.png 1536w, https:\/\/www.ampeco.com\/content\/uploads\/2024\/12\/ampeco-event-optimal-charging-public-charging-2025-96x50.png 96w, https:\/\/www.ampeco.com\/content\/uploads\/2024\/12\/ampeco-event-optimal-charging-public-charging-2025-330x173.png 330w, https:\/\/www.ampeco.com\/content\/uploads\/2024\/12\/ampeco-event-optimal-charging-public-charging-2025-660x347.png 660w, https:\/\/www.ampeco.com\/content\/uploads\/2024\/12\/ampeco-event-optimal-charging-public-charging-2025-512x269.png 512w, https:\/\/www.ampeco.com\/content\/uploads\/2024\/12\/ampeco-event-optimal-charging-public-charging-2025-600x315.png 600w, https:\/\/www.ampeco.com\/content\/uploads\/2024\/12\/ampeco-event-optimal-charging-public-charging-2025-1200x630.png 1200w, https:\/\/www.ampeco.com\/content\/uploads\/2024\/12\/ampeco-event-optimal-charging-public-charging-2025-840x441.png 840w, https:\/\/www.ampeco.com\/content\/uploads\/2024\/12\/ampeco-event-optimal-charging-public-charging-2025-1680x882.png 1680w, https:\/\/www.ampeco.com\/content\/uploads\/2024\/12\/ampeco-event-optimal-charging-public-charging-2025-32x17.png 32w, https:\/\/www.ampeco.com\/content\/uploads\/2024\/12\/ampeco-event-optimal-charging-public-charging-2025.png 1800w\" sizes=\"auto, (max-width: 1024px) 100vw, 1024px\" \/><\/figure>\n\n<h3 class=\"wp-block-heading\" id=\"optimal-charging-public-charging\"><a href=\"https:\/\/leadersorfollowers-thenextone.com\/public\/\" rel=\"nofollow noopener\" target=\"_blank\">Optimales Laden: \u00d6ffentliches Laden<\/a><\/h3>\n\n<p><strong>Daten:<\/strong> Okt 16, 2025  <\/p>\n\n<p><strong>Ort:<\/strong> London Museum, London City, UK<\/p>\n\n<p><strong>Organisator:<\/strong> UK Wide Events<\/p>\n\n<p><strong>Teilnehmer: <\/strong>Stadtverwaltungen, Innovatoren, Investoren, F\u00fchrungskr\u00e4fte und Dienstleister kommen zusammen, um die innovativsten M\u00f6glichkeiten zu er\u00f6rtern, wie der rasche Ausbau der \u00f6ffentlichen Ladeinfrastruktur f\u00fcr Elektroautos erleichtert und die Umsetzung der Netto-Null-Ziele der Kommunalverwaltungen erm\u00f6glicht werden kann<\/p>\n\n<p>Da die Zahl der Elektrofahrzeuge in England im letzten Jahr die Marke von einer Million \u00fcberschritten hat und bis August 2024 nur 68.273 \u00f6ffentliche Ladestationen f\u00fcr Elektrofahrzeuge zur Verf\u00fcgung stehen, w\u00e4hrend das Ziel von 300.000 Ladestationen bis 2030 angestrebt wird, muss die Regierung daf\u00fcr sorgen, dass die Kommunen die Bereitstellung in den n\u00e4chsten sechs Jahren drastisch erh\u00f6hen k\u00f6nnen. Entscheidend ist, dass die Grafschaften und l\u00e4ndlichen Gebiete Gro\u00dfbritanniens bei der Anzahl der \u00f6ffentlich zug\u00e4nglichen Ladestationen f\u00fcr Elektrofahrzeuge weit hinter den Gro\u00dfst\u00e4dten zur\u00fcckbleiben. Die Branche weist darauf hin, dass der derzeitige Investitionszyklus der kommunalen Flotte bedeutet, dass fast alle Kommunen ihre selbst erkl\u00e4rten Ziele zur Dekarbonisierung des Verkehrs verfehlen werden. Optimales Aufladen: Public Charging wird dieses Problem direkt angehen und hochrangige \u00f6ffentliche Entscheidungstr\u00e4ger zusammenbringen, um die dringenden Ma\u00dfnahmen und strategischen \u00c4nderungen zu diskutieren, die in diesem Jahr erforderlich sind, um das drohende Problem des Verfehlens der erkl\u00e4rten Dekarbonisierungsziele zu beheben.   <\/p>\n<style>.wp-block-kadence-spacer.kt-block-spacer-40971_0b49f1-d9 .kt-block-spacer{height:60px;}.wp-block-kadence-spacer.kt-block-spacer-40971_0b49f1-d9 .kt-divider{border-top-width:1px;height:1px;border-top-color:#eee;width:80%;border-top-style:solid;}<\/style>\n<div class=\"wp-block-kadence-spacer aligncenter kt-block-spacer-40971_0b49f1-d9\"><div class=\"kt-block-spacer kt-block-spacer-halign-center\"><\/div><\/div>\n\n<h2 class=\"wp-block-heading\" id=\"conclusion\">Fazit<\/h2>\n\n<p>Dieser umfassende Leitfaden zu den wichtigsten Veranstaltungen zum Laden von Elektrofahrzeugen im Jahr 2025 zeigt die wertvollsten Gelegenheiten der Branche f\u00fcr Networking, Lernen und Gesch\u00e4ftsentwicklung in den wichtigsten Regionen. Als aktiver Teilnehmer am globalen \u00d6kosystem f\u00fcr das Laden von Elektrofahrzeugen pflegt AMPECO auf diesen wichtigen Veranstaltungen den Austausch mit Branchenf\u00fchrern und Innovatoren. Treffen Sie uns auf diesen Veranstaltungen, um spannende M\u00f6glichkeiten zu entdecken und herauszufinden, wie unser Know-how das Wachstum und den Erfolg Ihres Ladenetzwerks unterst\u00fctzen kann.  <\/p>\n\n<div style=\"border-radius:var(--spacing-4xl, 32px);overflow:hidden;\" class=\"wp-block-group is-style-tilted-green-bg is-layout-constrained wp-block-group-is-layout-constrained\">\n<h2 class=\"wp-block-heading has-text-align-left\" id=\"stay-ahead-in-the-fast-evolving-ev-charging-industry\">Bleiben Sie in der sich schnell entwickelnden EV-Ladeindustrie an der Spitze<\/h2>\n\n\n\n<p class=\"has-text-align-left\">Melden Sie sich f\u00fcr den Inside EV Charging Newsletter an und erhalten Sie die neuesten Updates, Einblicke in die Branche und Veranstaltungshighlights direkt in Ihren Posteingang!<\/p>\n\n\n\n<div class=\"wp-block-buttons is-horizontal is-content-justification-left is-layout-flex wp-container-core-buttons-is-layout-20be11b6 wp-block-buttons-is-layout-flex\">\n<div class=\"wp-block-button is-style-fill\"><a class=\"wp-block-button__link has-bluenew-color has-lightbluebg-background-color has-text-color has-background wp-element-button\" href=\"https:\/\/www.ampeco.com\/newsletter\/\">ANMELDEN<\/a><\/div>\n\n\n<\/div>\n\n\n\n<p><\/p>\n<\/div>\n","protected":false},"excerpt":{"rendered":"<p>Angesichts der rasanten Entwicklung der Elektrofahrzeugbranche war es f\u00fcr Betreiber von Ladepunkten (CPOs) noch nie so wichtig, \u00fcber die neuesten Entwicklungen, Technologien und Vernetzungsm\u00f6glichkeiten auf dem Laufenden zu bleiben. Bei AMPECO beobachten [&hellip;]<\/p>\n","protected":false},"author":22,"featured_media":41237,"comment_status":"open","ping_status":"open","sticky":false,"template":"","format":"standard","meta":{"_acf_changed":false,"inline_featured_image":false,"footnotes":""},"categories":[253],"tags":[564,565],"class_list":["post-43645","post","type-post","status-publish","format-standard","has-post-thumbnail","hentry","category-veranstaltungen","tag-ev-charging-event-de","tag-ev-charging-konferenz"],"acf":[],"_links":{"self":[{"href":"https:\/\/www.ampeco.com\/de\/wp-json\/wp\/v2\/posts\/43645","targetHints":{"allow":["GET"]}}],"collection":[{"href":"https:\/\/www.ampeco.com\/de\/wp-json\/wp\/v2\/posts"}],"about":[{"href":"https:\/\/www.ampeco.com\/de\/wp-json\/wp\/v2\/types\/post"}],"author":[{"embeddable":true,"href":"https:\/\/www.ampeco.com\/de\/wp-json\/wp\/v2\/users\/22"}],"replies":[{"embeddable":true,"href":"https:\/\/www.ampeco.com\/de\/wp-json\/wp\/v2\/comments?post=43645"}],"version-history":[{"count":5,"href":"https:\/\/www.ampeco.com\/de\/wp-json\/wp\/v2\/posts\/43645\/revisions"}],"predecessor-version":[{"id":43814,"href":"https:\/\/www.ampeco.com\/de\/wp-json\/wp\/v2\/posts\/43645\/revisions\/43814"}],"wp:featuredmedia":[{"embeddable":true,"href":"https:\/\/www.ampeco.com\/de\/wp-json\/wp\/v2\/media\/41237"}],"wp:attachment":[{"href":"https:\/\/www.ampeco.com\/de\/wp-json\/wp\/v2\/media?parent=43645"}],"wp:term":[{"taxonomy":"category","embeddable":true,"href":"https:\/\/www.ampeco.com\/de\/wp-json\/wp\/v2\/categories?post=43645"},{"taxonomy":"post_tag","embeddable":true,"href":"https:\/\/www.ampeco.com\/de\/wp-json\/wp\/v2\/tags?post=43645"}],"curies":[{"name":"wp","href":"https:\/\/api.w.org\/{rel}","templated":true}]}}