{"id":31204,"date":"2024-02-05T14:02:17","date_gmt":"2024-02-05T14:02:17","guid":{"rendered":"https:\/\/www.ampeco.com\/?p=31204"},"modified":"2024-02-06T09:34:10","modified_gmt":"2024-02-06T09:34:10","slug":"ampeco-begrust-thomas-schneider-als-business-development-manager-dach","status":"publish","type":"post","link":"https:\/\/www.ampeco.com\/de\/blog\/ampeco-begrust-thomas-schneider-als-business-development-manager-dach\/","title":{"rendered":"AMPECO begr\u00fc\u00dft Thomas Schneider als Business Development Manager DACH"},"content":{"rendered":"\n<p>Wir freuen uns, Thomas Schneider als unseren Business Development Manager f\u00fcr die DACH-Region vorstellen zu k\u00f6nnen. Thomas wird eine zentrale Rolle bei unseren Aktivit\u00e4ten auf dem deutschen, \u00f6sterreichischen und schweizerischen Markt spielen.&nbsp;<\/p>\n\n\n\n<figure class=\"wp-block-image size-large\"><img loading=\"lazy\" decoding=\"async\" width=\"1024\" height=\"538\" src=\"https:\/\/www.ampeco.com\/content\/uploads\/2024\/02\/sharing-ampeco-welcome-thomas-schneider-dach-region-de-1024x538.jpg\" alt=\"-\" class=\"wp-image-31213\" title=\"\" srcset=\"https:\/\/www.ampeco.com\/content\/uploads\/2024\/02\/sharing-ampeco-welcome-thomas-schneider-dach-region-de-1024x538.jpg 1024w, https:\/\/www.ampeco.com\/content\/uploads\/2024\/02\/sharing-ampeco-welcome-thomas-schneider-dach-region-de-300x158.jpg 300w, https:\/\/www.ampeco.com\/content\/uploads\/2024\/02\/sharing-ampeco-welcome-thomas-schneider-dach-region-de-768x403.jpg 768w, https:\/\/www.ampeco.com\/content\/uploads\/2024\/02\/sharing-ampeco-welcome-thomas-schneider-dach-region-de-1536x806.jpg 1536w, https:\/\/www.ampeco.com\/content\/uploads\/2024\/02\/sharing-ampeco-welcome-thomas-schneider-dach-region-de-96x50.jpg 96w, https:\/\/www.ampeco.com\/content\/uploads\/2024\/02\/sharing-ampeco-welcome-thomas-schneider-dach-region-de-330x173.jpg 330w, https:\/\/www.ampeco.com\/content\/uploads\/2024\/02\/sharing-ampeco-welcome-thomas-schneider-dach-region-de-660x347.jpg 660w, https:\/\/www.ampeco.com\/content\/uploads\/2024\/02\/sharing-ampeco-welcome-thomas-schneider-dach-region-de-512x269.jpg 512w, https:\/\/www.ampeco.com\/content\/uploads\/2024\/02\/sharing-ampeco-welcome-thomas-schneider-dach-region-de-600x315.jpg 600w, https:\/\/www.ampeco.com\/content\/uploads\/2024\/02\/sharing-ampeco-welcome-thomas-schneider-dach-region-de-1200x630.jpg 1200w, https:\/\/www.ampeco.com\/content\/uploads\/2024\/02\/sharing-ampeco-welcome-thomas-schneider-dach-region-de-840x441.jpg 840w, https:\/\/www.ampeco.com\/content\/uploads\/2024\/02\/sharing-ampeco-welcome-thomas-schneider-dach-region-de-1680x882.jpg 1680w, https:\/\/www.ampeco.com\/content\/uploads\/2024\/02\/sharing-ampeco-welcome-thomas-schneider-dach-region-de.jpg 1800w\" sizes=\"auto, (max-width: 1024px) 100vw, 1024px\" \/><\/figure>\n\n\n<style>.wp-block-kadence-spacer.kt-block-spacer-31204_eef474-77 .kt-block-spacer{height:20px;}.wp-block-kadence-spacer.kt-block-spacer-31204_eef474-77 .kt-divider{border-top-width:1px;height:1px;border-top-color:#eee;width:80%;border-top-style:solid;}<\/style>\n<div class=\"wp-block-kadence-spacer aligncenter kt-block-spacer-31204_eef474-77\"><div class=\"kt-block-spacer kt-block-spacer-halign-center\"><\/div><\/div>\n\n\n\n<p>Er bringt einen reichen Erfahrungsschatz in den Bereichen E-Mobilit\u00e4t, Energiem\u00e4rkte und Maschinenbau mit. Er ist damit bestens geeignet, die spannenden Herausforderungen und M\u00f6glichkeiten der sich rasant entwickelnden E-Mobilit\u00e4t und der Ladeinfrastruktur in Deutschland gemeinsam mit dem erfahrenen Team von AMPECO zu unterst\u00fctzen.<\/p>\n\n\n\n<h2 class=\"wp-block-heading\"><strong>Starke Partnerschaften und ein tiefes Verst\u00e4ndnis f\u00fcr den DACH-Markt<\/strong><\/h2>\n\n\n\n<p>Er startete als Berater und Key Account Manager auf den Energiem\u00e4rkten und erlebte die Liberalisierung der Energiem\u00e4rkte aus erster Hand. Hierdurch bringt er umfangreiche Erfahrung mit in einem Umfeld von sich schnell ver\u00e4ndernden Rahmenbedingungen gemeinsam mit Kunden optimale L\u00f6sungen zu finden.<\/p>\n\n\n\n<p>Neben seiner T\u00e4tigkeit bei \u00d8rsted A\/S (ehemals DONG Energy), einem d\u00e4nischen multinationalen Energieunternehmen, war er ebenfalls f\u00fcr verschiedene deutsche Energieversorger und Stadtwerke t\u00e4tig und hatte hier erste Ber\u00fchrungspunkte mit der E-Mobilit\u00e4t.&nbsp;<\/p>\n\n\n\n<p>Bei seiner letzten Position war er f\u00fcr die erfolgreiche Markteinf\u00fchrung einer d\u00e4nischen Backendl\u00f6sung in den deutschen Markt verantwortlich.&nbsp;<\/p>\n\n\n\n<p>Durch den Aufbau von erfolgreichen starken Partnerschaften mit wichtigen Herstellern, unterschiedlichen Betreibern von Ladestationen auf und verschiedensten Marktteilnehmern ist die Grundlage f\u00fcr einen erfolgreichen Ausbau der Kundenbeziehungen in der DACH-Region gelegt.<\/p>\n\n\n\n<p>Die enge Zusammenarbeit mit dem Team von AMPECO und die Marktkenntnisse sind eine hervorragende Grundlage f\u00fcr die weitere Gesch\u00e4ftsentwicklung von AMPECO und macht ihn zu einem wichtigen Akteur bei der Umsetzung der Ziele in Deutschland.&nbsp;<\/p>\n\n\n\n<h2 class=\"wp-block-heading\"><strong>Das Wachstum von AMPECO in Deutschland durch strategische F\u00fchrung vorantreiben<\/strong><\/h2>\n\n\n\n<p>Im Mittelpunkt seiner Arbeit steht die Ansprache und Beratung von Partnern, die gro\u00dfe Ambitionen im Bereich der Elektromobilit\u00e4t haben. Die vielseitige und leistungsstarke Plattform von AMPECO stellt alle Anforderungen des deutschen Marktes im Hinblick auf Komplexit\u00e4t und die erforderlichen Rahmenbedingungen des deutschen Marktes sicher.&nbsp;<\/p>\n\n\n\n<p>Durch sein Verst\u00e4ndnis f\u00fcr regulatorische Fragen bzw. sein weitreichendes Netzwerk und die Flexibilit\u00e4t unseres Produktes wird die weitere Entwicklung von AMPECO in Deutschland sichergestellt.<\/p>\n\n\n\n<p>Alle Anforderungen des deutschen Marktes zu erf\u00fcllen und individuelle W\u00fcnsche unserer Partner ber\u00fccksichtigen, ist eine St\u00e4rke von AMPECO.<\/p>\n\n\n\n<h2 class=\"wp-block-heading\"><strong>Nutzung des technischen Vorsprungs von AMPECO f\u00fcr Marktchancen<\/strong><\/h2>\n\n\n\n<p>&#8222;Unsere Plattform ist ein robustes Werkzeug f\u00fcr diejenigen, die die einmaligen Chancen im Bereich der Elektromobilit\u00e4t nutzen wollen, und bietet die gro\u00dfartige M\u00f6glichkeit, die der AMPECO-Plattform in die vorhandene IT-Landschaft einzubinden und somit optimal zu nutzen.&nbsp;<\/p>\n\n\n\n<p>Mit unserer nahtlosen Roaming-Integration mit Hubject und Gireve der M\u00f6glichkeit, einen Zahlungsdienstleister eigener Wahl einzubinden und der F\u00e4higkeit, unterschiedlichste Preismodelle zu verwalten, sowie viele andere individuelle Anpassungsm\u00f6glichkeit ist AMPECO eine perfekte L\u00f6sung f\u00fcr alle professionellen Unternehmen aus dem Bereich der Elektromobilit\u00e4t.<\/p>\n\n\n\n<p>Wir sind f\u00fcr die rechtlichen Anforderungen in Deutschland und betrieblichen Notwendigkeiten unserer Kunden bestens aufgestellt. AMPECO hat rechtzeitig die Standards f\u00fcr das deutsche Eichrecht und die Vorschriften f\u00fcr Zahlungsterminals umgesetzt. Die Anforderungen der lokalen M\u00e4rk zu erf\u00fcllen und gleichzeitig einen globalen Service anzubieten, ist der Grund f\u00fcr die erfolgreiche Entwicklung des Unternehmen AMPECO.<\/p>\n\n\n\n<p>Der Erfolg unserer Kunden h\u00e4ngt von unserem Produkt in Kombination mit der Unterst\u00fctzung und dem Fachwissen ab, mit dem wir sie begleiten.<\/p>\n\n\n\n<p>Aus diesem Grund umfasst unser Team neben dem Kollegen aus Deutschland auch deutschsprachige Kundenbetreuer, die alle daf\u00fcr sorgen, dass die einzigartigen Vorteile unserer Plattform voll genutzt werden k\u00f6nnen.&nbsp;<\/p>\n\n\n\n<h2 class=\"wp-block-heading\"><strong>Die Vision f\u00fcr die Zukunft<\/strong><\/h2>\n\n\n\n<p>Thomas erwartet ein signifikantes und unaufhaltsames Wachstum in der deutschen Elektromobilit\u00e4t. AMPECO wird hier einen entscheidenden Beitrag zu dieser Entwicklung leisten. Unser Ansatz zielt darauf ab, das Produkt von AMPECO auf die spezifischen Bed\u00fcrfnisse der Kunden im deutschen Markt abzustimmen und so gemeinsam den maximalen Erfolg f\u00fcr AMPECO Kunden sicherzustellen. Unser Engagement, den Aufbau einen lokalen Pr\u00e4senz in Deutschland einschlie\u00dflich eines deutschsprachigen Teams, zeigt, welchen Stellenwert der Markt in Deutschland f\u00fcr AMPECO hat.<\/p>\n\n\n\n<div style=\"border-radius:var(--spacing-4xl, 32px);overflow:hidden;\" class=\"wp-block-group is-style-tilted-green-bg is-layout-constrained wp-block-group-is-layout-constrained\">\n<p>Entdecken Sie, wie AMPECO seine hochmodernen Ladel\u00f6sungen auf Ihre spezifischen Anforderungen anpasst.<\/p>\n\n\n\n<div class=\"wp-block-buttons is-horizontal is-content-justification-left is-layout-flex wp-container-core-buttons-is-layout-20be11b6 wp-block-buttons-is-layout-flex\">\n<div class=\"wp-block-button is-style-fill\"><a class=\"wp-block-button__link has-bluenew-color has-lightbluebg-background-color has-text-color has-background wp-element-button\" href=\"\/de\/beratungsgesprach-ev-laden-buchen\/\">BUCHEN SIE EIN BERATUNGSGESPR\u00c4CH<\/a><\/div>\n<\/div>\n<\/div>\n","protected":false},"excerpt":{"rendered":"<p>Wir freuen uns, Thomas Schneider als unseren Business Development Manager f\u00fcr die DACH-Region vorstellen zu k\u00f6nnen. Thomas wird eine zentrale Rolle bei unseren Aktivit\u00e4ten auf dem deutschen, \u00f6sterreichischen und schweizerischen Markt spielen.&nbsp; [&hellip;]<\/p>\n","protected":false},"author":22,"featured_media":31218,"comment_status":"open","ping_status":"open","sticky":false,"template":"","format":"standard","meta":{"_acf_changed":false,"inline_featured_image":false,"footnotes":""},"categories":[252],"tags":[588],"class_list":["post-31204","post","type-post","status-publish","format-standard","has-post-thumbnail","hentry","category-unternehmensnachrichten","tag-news-de"],"acf":[],"_links":{"self":[{"href":"https:\/\/www.ampeco.com\/de\/wp-json\/wp\/v2\/posts\/31204","targetHints":{"allow":["GET"]}}],"collection":[{"href":"https:\/\/www.ampeco.com\/de\/wp-json\/wp\/v2\/posts"}],"about":[{"href":"https:\/\/www.ampeco.com\/de\/wp-json\/wp\/v2\/types\/post"}],"author":[{"embeddable":true,"href":"https:\/\/www.ampeco.com\/de\/wp-json\/wp\/v2\/users\/22"}],"replies":[{"embeddable":true,"href":"https:\/\/www.ampeco.com\/de\/wp-json\/wp\/v2\/comments?post=31204"}],"version-history":[{"count":3,"href":"https:\/\/www.ampeco.com\/de\/wp-json\/wp\/v2\/posts\/31204\/revisions"}],"predecessor-version":[{"id":31224,"href":"https:\/\/www.ampeco.com\/de\/wp-json\/wp\/v2\/posts\/31204\/revisions\/31224"}],"wp:featuredmedia":[{"embeddable":true,"href":"https:\/\/www.ampeco.com\/de\/wp-json\/wp\/v2\/media\/31218"}],"wp:attachment":[{"href":"https:\/\/www.ampeco.com\/de\/wp-json\/wp\/v2\/media?parent=31204"}],"wp:term":[{"taxonomy":"category","embeddable":true,"href":"https:\/\/www.ampeco.com\/de\/wp-json\/wp\/v2\/categories?post=31204"},{"taxonomy":"post_tag","embeddable":true,"href":"https:\/\/www.ampeco.com\/de\/wp-json\/wp\/v2\/tags?post=31204"}],"curies":[{"name":"wp","href":"https:\/\/api.w.org\/{rel}","templated":true}]}}