{"id":26257,"date":"2022-10-26T11:16:16","date_gmt":"2022-10-26T11:16:16","guid":{"rendered":"https:\/\/www.ampeco.com\/blog\/ampeco-anerkannt-mit-frost-sullivans-2022-product-leadership-award\/"},"modified":"2023-10-16T16:08:49","modified_gmt":"2023-10-16T16:08:49","slug":"ampeco-anerkannt-mit-frost-sullivans-2022-product-leadership-award","status":"publish","type":"post","link":"https:\/\/www.ampeco.com\/de\/blog\/ampeco-anerkannt-mit-frost-sullivans-2022-product-leadership-award\/","title":{"rendered":"AMPECO wird mit dem Frost &amp; Sullivan&#8217;s 2022 Product Leadership Award ausgezeichnet"},"content":{"rendered":"<style>.wp-block-kadence-spacer.kt-block-spacer-14075_dc68a5-f3 .kt-block-spacer{height:20px;}.wp-block-kadence-spacer.kt-block-spacer-14075_dc68a5-f3 .kt-divider{border-top-width:1px;height:1px;border-top-color:#eee;width:80%;border-top-style:solid;}<\/style>\n<div class=\"wp-block-kadence-spacer aligncenter kt-block-spacer-14075_dc68a5-f3\"><div class=\"kt-block-spacer kt-block-spacer-halign-center\"><\/div><\/div>\n\n<p>Das Forschungs- und Beratungsunternehmen Frost &amp; Sullivan ist weltweit bekannt daf\u00fcr, dass es Investoren, Unternehmensf\u00fchrern und Regierungen hilft, wirtschaftliche Ver\u00e4nderungen zu steuern und bahnbrechende Technologien, neue Gesch\u00e4ftsmodelle und Unternehmen zu identifizieren. <\/p>\n\n<p>Seit mehr als zwei Jahrzehnten werden mit den Best Practices Awards von Frost &amp; Sullivan die besten Unternehmen f\u00fcr ihre Leistungen ausgezeichnet, um schnell wachsende, transformative Organisationen zu f\u00f6rdern. Diese unabh\u00e4ngigen, forschungsgest\u00fctzten Auszeichnungen identifizieren die wahren Marktf\u00fchrer und Innovatoren.<\/p>\n\n<figure class=\"wp-block-image aligncenter size-large\"><img loading=\"lazy\" decoding=\"async\" width=\"1024\" height=\"576\" src=\"https:\/\/www.ampeco.com\/content\/uploads\/2022\/10\/frost-and-sullivan-award-featured-image-1024x576.png\" alt=\"-\" class=\"wp-image-14118\" title=\"\" srcset=\"https:\/\/www.ampeco.com\/content\/uploads\/2022\/10\/frost-and-sullivan-award-featured-image-1024x576.png 1024w, https:\/\/www.ampeco.com\/content\/uploads\/2022\/10\/frost-and-sullivan-award-featured-image-96x54.png 96w, https:\/\/www.ampeco.com\/content\/uploads\/2022\/10\/frost-and-sullivan-award-featured-image-300x169.png 300w, https:\/\/www.ampeco.com\/content\/uploads\/2022\/10\/frost-and-sullivan-award-featured-image-768x432.png 768w, https:\/\/www.ampeco.com\/content\/uploads\/2022\/10\/frost-and-sullivan-award-featured-image-330x186.png 330w, https:\/\/www.ampeco.com\/content\/uploads\/2022\/10\/frost-and-sullivan-award-featured-image-660x371.png 660w, https:\/\/www.ampeco.com\/content\/uploads\/2022\/10\/frost-and-sullivan-award-featured-image-512x288.png 512w, https:\/\/www.ampeco.com\/content\/uploads\/2022\/10\/frost-and-sullivan-award-featured-image-600x338.png 600w, https:\/\/www.ampeco.com\/content\/uploads\/2022\/10\/frost-and-sullivan-award-featured-image-1200x675.png 1200w, https:\/\/www.ampeco.com\/content\/uploads\/2022\/10\/frost-and-sullivan-award-featured-image-840x473.png 840w, https:\/\/www.ampeco.com\/content\/uploads\/2022\/10\/frost-and-sullivan-award-featured-image.png 1536w\" sizes=\"auto, (max-width: 1024px) 100vw, 1024px\" \/><\/figure>\n<style>.wp-block-kadence-spacer.kt-block-spacer-14075_2bd355-a5 .kt-block-spacer{height:20px;}.wp-block-kadence-spacer.kt-block-spacer-14075_2bd355-a5 .kt-divider{border-top-width:1px;height:1px;border-top-color:#eee;width:80%;border-top-style:solid;}<\/style>\n<div class=\"wp-block-kadence-spacer aligncenter kt-block-spacer-14075_2bd355-a5\"><div class=\"kt-block-spacer kt-block-spacer-halign-center\"><\/div><\/div>\n\n<p>Frost &amp; Sullivan zeichnete AMPECO f\u00fcr seine herausragende Gesamtleistung, seine \u00fcberlegene technologische Innovation und seine strategische Entwicklung mit dem Preis f\u00fcr <a href=\"https:\/\/www.frost.com\/news\/ampeco-applauded-by-frost-sullivan-for-helping-businesses-develop-and-launch-their-charging-operations-with-its-ev-charging-management-solution\/\" data-type=\"URL\" data-id=\"https:\/\/www.frost.com\/news\/ampeco-applauded-by-frost-sullivan-for-helping-businesses-develop-and-launch-their-charging-operations-with-its-ev-charging-management-solution\/\" rel=\"nofollow noopener\" target=\"_blank\">die weltweit f\u00fchrende Software f\u00fcr das Laden von Elektrofahrzeugen im Jahr 2022 aus<\/a>.<\/p>\n\n<p>Die Erreichung der Kohlenstoffneutralit\u00e4t bis 2050 ist zu einer der dringendsten Aufgaben weltweit geworden. Der globale Transportsektor tr\u00e4gt erheblich zu den weltweiten Kohlenstoffemissionen bei, wobei PKWs f\u00fcr unglaubliche 41% der 2,7 Milliarden Tonnen CO2 verantwortlich sind, die im Jahr 2020 produziert werden.<\/p>\n\n<p>Elektrofahrzeuge und Ladeinfrastruktur sind praktikable, pragmatische L\u00f6sungen, um den Klimawandel zu bek\u00e4mpfen und den Verkehr zu dekarbonisieren. Der Markt f\u00fcr das Laden von Elektrofahrzeugen erlebt ein rasantes Wachstum, das durch gesetzliche \u00c4nderungen und das wachsende Vertrauen der Verbraucher angetrieben wird. Eine der gr\u00f6\u00dften Herausforderungen ist der fehlende Zugang zur Ladeinfrastruktur f\u00fcr Elektrofahrzeuge und die Diskrepanz zwischen den aktuellen Bestimmungen und den Anforderungen. <\/p>\n<style>.wp-block-kadence-spacer.kt-block-spacer-14075_69e5e7-c5 .kt-block-spacer{height:40px;}.wp-block-kadence-spacer.kt-block-spacer-14075_69e5e7-c5 .kt-divider{border-top-width:1px;height:1px;border-top-color:#eee;width:80%;border-top-style:solid;}<\/style>\n<div class=\"wp-block-kadence-spacer aligncenter kt-block-spacer-14075_69e5e7-c5\"><div class=\"kt-block-spacer kt-block-spacer-halign-center\"><\/div><\/div>\n\n<div class=\"wp-block-buttons is-content-justification-center is-layout-flex wp-container-core-buttons-is-layout-a89b3969 wp-block-buttons-is-layout-flex\">\n<div class=\"wp-block-button\"><a class=\"wp-block-button__link wp-element-button\" href=\"https:\/\/www.frost.com\/wp-content\/uploads\/2022\/10\/AMPECO-Award-Write-Up-1.pdf\" target=\"_blank\" rel=\"noreferrer noopener nofollow\">Preisbericht lesen<\/a><\/div>\n<\/div>\n<style>.wp-block-kadence-spacer.kt-block-spacer-14075_be4ebf-35 .kt-block-spacer{height:40px;}.wp-block-kadence-spacer.kt-block-spacer-14075_be4ebf-35 .kt-divider{border-top-width:1px;height:1px;border-top-color:#eee;width:80%;border-top-style:solid;}<\/style>\n<div class=\"wp-block-kadence-spacer aligncenter kt-block-spacer-14075_be4ebf-35\"><div class=\"kt-block-spacer kt-block-spacer-halign-center\"><\/div><\/div>\n\n<p>Unternehmen haben die M\u00f6glichkeit, die steigende Nachfrage nach Ladeinfrastruktur zu unterst\u00fctzen. Allerdings ist die Software, die f\u00fcr den Betrieb eines Ladenetzes oder die Bereitstellung einer Anwendung f\u00fcr den Zugang und die Bezahlung des Ladevorgangs erforderlich ist, sehr komplex. Aufgrund des hohen Innovationstempos ist es f\u00fcr viele Akteure nicht m\u00f6glich, eigene L\u00f6sungen f\u00fcr die Verwaltung von Elektroautos zu entwickeln und zu pflegen. AMPECO erf\u00fcllt diesen Bedarf, indem es eine marktreife Komplettl\u00f6sung anbietet, die Unternehmen bei der Entwicklung und dem Start ihres EV-Ladebetriebs unterst\u00fctzt. <\/p>\n<style>.wp-block-kadence-spacer.kt-block-spacer-14075_8645e9-9c .kt-block-spacer{height:20px;}.wp-block-kadence-spacer.kt-block-spacer-14075_8645e9-9c .kt-divider{border-top-width:1px;height:1px;border-top-color:#eee;width:80%;border-top-style:solid;}<\/style>\n<div class=\"wp-block-kadence-spacer aligncenter kt-block-spacer-14075_8645e9-9c\"><div class=\"kt-block-spacer kt-block-spacer-halign-center\"><\/div><\/div>\n\n<blockquote class=\"wp-block-quote has-blacknew-color has-text-color is-layout-flow wp-block-quote-is-layout-flow\">\n<p><em>&#8222;Unternehmen k\u00f6nnen sich auf umfangreiche, sofort einsatzbereite Funktionen verlassen, um \u00f6ffentliche, private und Flottenabrechnungen in einer einzigen Softwareplattform abzudecken. F\u00fcr Unternehmen mit komplexen Gesch\u00e4ftsmodellen oder solche<\/em> <em>Wenn Sie ein individuelles Benutzererlebnis f\u00fcr einen bestimmten Ladevorgang entwickeln m\u00f6chten, bietet AMPECO eine umfassende API-L\u00f6sung.&#8220;<\/em><\/p>\n<cite>Robert Camm, Senior Consultant, Frost &amp; Sullivan<\/cite><\/blockquote>\n<style>.wp-block-kadence-spacer.kt-block-spacer-14075_d4bdac-e6 .kt-block-spacer{height:20px;}.wp-block-kadence-spacer.kt-block-spacer-14075_d4bdac-e6 .kt-divider{border-top-width:1px;height:1px;border-top-color:#eee;width:80%;border-top-style:solid;}<\/style>\n<div class=\"wp-block-kadence-spacer aligncenter kt-block-spacer-14075_d4bdac-e6\"><div class=\"kt-block-spacer kt-block-spacer-halign-center\"><\/div><\/div>\n\n<p>Die L\u00f6sung von AMPECO ist auf die Bed\u00fcrfnisse wachstumsstarker Kunden zugeschnitten und verwaltet Ladestationen in gro\u00dfem Umfang. Es bietet eine hardwareunabh\u00e4ngige White-Label-L\u00f6sung, die alle Anwendungsf\u00e4lle f\u00fcr das Laden von Elektrofahrzeugen abdeckt: \u00f6ffentliches, privates und h\u00e4usliches Laden. Sie erm\u00f6glicht es Kunden, ihr Netzwerk effizient zu verwalten und gleichzeitig den Fahrern von Elektrofahrzeugen ein hervorragendes Erlebnis zu bieten. Die API-gest\u00fctzte Plattform von AMPECO bietet Betreibern gro\u00dfer Ladestationen die M\u00f6glichkeit, individuelle Funktionen zu entwickeln oder Ladedaten in ihre bestehenden Systeme zu integrieren, um ihren Wettbewerbsvorteil zu sichern.<\/p>\n<style>.wp-block-kadence-spacer.kt-block-spacer-14075_14bc7d-b5 .kt-block-spacer{height:20px;}.wp-block-kadence-spacer.kt-block-spacer-14075_14bc7d-b5 .kt-divider{border-top-width:1px;height:1px;border-top-color:#eee;width:80%;border-top-style:solid;}<\/style>\n<div class=\"wp-block-kadence-spacer aligncenter kt-block-spacer-14075_14bc7d-b5\"><div class=\"kt-block-spacer kt-block-spacer-halign-center\"><\/div><\/div>\n\n<figure class=\"wp-block-image aligncenter size-large\"><img loading=\"lazy\" decoding=\"async\" width=\"1024\" height=\"535\" src=\"https:\/\/www.ampeco.com\/content\/uploads\/2022\/10\/AMPECO-2022-Product-Leadership-Award-1024x535.jpg\" alt=\"-\" class=\"wp-image-14085\" title=\"\" srcset=\"https:\/\/www.ampeco.com\/content\/uploads\/2022\/10\/AMPECO-2022-Product-Leadership-Award-1024x535.jpg 1024w, https:\/\/www.ampeco.com\/content\/uploads\/2022\/10\/AMPECO-2022-Product-Leadership-Award-96x50.jpg 96w, https:\/\/www.ampeco.com\/content\/uploads\/2022\/10\/AMPECO-2022-Product-Leadership-Award-300x157.jpg 300w, https:\/\/www.ampeco.com\/content\/uploads\/2022\/10\/AMPECO-2022-Product-Leadership-Award-768x401.jpg 768w, https:\/\/www.ampeco.com\/content\/uploads\/2022\/10\/AMPECO-2022-Product-Leadership-Award-1536x803.jpg 1536w, https:\/\/www.ampeco.com\/content\/uploads\/2022\/10\/AMPECO-2022-Product-Leadership-Award-330x172.jpg 330w, https:\/\/www.ampeco.com\/content\/uploads\/2022\/10\/AMPECO-2022-Product-Leadership-Award-660x345.jpg 660w, https:\/\/www.ampeco.com\/content\/uploads\/2022\/10\/AMPECO-2022-Product-Leadership-Award-512x268.jpg 512w, https:\/\/www.ampeco.com\/content\/uploads\/2022\/10\/AMPECO-2022-Product-Leadership-Award-600x314.jpg 600w, https:\/\/www.ampeco.com\/content\/uploads\/2022\/10\/AMPECO-2022-Product-Leadership-Award-1200x627.jpg 1200w, https:\/\/www.ampeco.com\/content\/uploads\/2022\/10\/AMPECO-2022-Product-Leadership-Award-840x439.jpg 840w, https:\/\/www.ampeco.com\/content\/uploads\/2022\/10\/AMPECO-2022-Product-Leadership-Award-1680x878.jpg 1680w, https:\/\/www.ampeco.com\/content\/uploads\/2022\/10\/AMPECO-2022-Product-Leadership-Award.jpg 1871w\" sizes=\"auto, (max-width: 1024px) 100vw, 1024px\" \/><\/figure>\n<style>.wp-block-kadence-spacer.kt-block-spacer-14075_f50f4e-cd .kt-block-spacer{height:20px;}.wp-block-kadence-spacer.kt-block-spacer-14075_f50f4e-cd .kt-divider{border-top-width:1px;height:1px;border-top-color:#eee;width:80%;border-top-style:solid;}<\/style>\n<div class=\"wp-block-kadence-spacer aligncenter kt-block-spacer-14075_f50f4e-cd\"><div class=\"kt-block-spacer kt-block-spacer-halign-center\"><\/div><\/div>\n\n<p>Die Cloud-basierte Plattform befasst sich auch mit den Herausforderungen des Energiemanagements. Mit OpenADR erleichtert es die Nachfragesteuerung und die dezentrale Energieautomatisierung. Es verbindet Haushalte und Unternehmen mit Energieversorgern, um Stromschwankungen auszugleichen, indem es den Stromverbrauch an die Netznachfrage anpasst. Die L\u00f6sung von AMPECO l\u00e4sst sich nahtlos mit intelligenten Z\u00e4hlern, Geb\u00e4udemanagementsystemen und erneuerbaren Energiequellen integrieren, um die Effizienz zu maximieren.<\/p>\n\n<p>AMPECO bietet seinen Kunden die volle Verantwortung f\u00fcr ihr Gesch\u00e4ft, einschlie\u00dflich der vollst\u00e4ndigen Kontrolle \u00fcber Kundenbeziehungen, Partnerschaften und Zahlungsstr\u00f6me. Dies ist sehr wertvoll f\u00fcr gro\u00dfe Anbieter von Ladestationen, die diese als Kernst\u00fcck ihres Gesch\u00e4fts betrachten. <\/p>\n<style>.wp-block-kadence-spacer.kt-block-spacer-14075_a059b7-cc .kt-block-spacer{height:40px;}.wp-block-kadence-spacer.kt-block-spacer-14075_a059b7-cc .kt-divider{border-top-width:1px;height:1px;border-top-color:#eee;width:80%;border-top-style:solid;}<\/style>\n<div class=\"wp-block-kadence-spacer aligncenter kt-block-spacer-14075_a059b7-cc\"><div class=\"kt-block-spacer kt-block-spacer-halign-center\"><\/div><\/div>\n\n<div id=\"ampeco-who-block-block_3bcc91c3671896a93050c1b4ce82d0cd\" class=\"block-ampeco-who-block border\">\n\t<div class=\"awb_bgtext\"><\/div>\n\t<div class=\"awb_image\">\t\t\t\t\t\t\t<img loading=\"lazy\" decoding=\"async\" width=\"1740\" height=\"1740\" src=\"https:\/\/www.ampeco.com\/content\/uploads\/2022\/10\/ORLIN-dark-shirt.jpg\" class=\"attachment-full size-full\" alt=\"-\" srcset=\"https:\/\/www.ampeco.com\/content\/uploads\/2022\/10\/ORLIN-dark-shirt.jpg 1740w, https:\/\/www.ampeco.com\/content\/uploads\/2022\/10\/ORLIN-dark-shirt-300x300.jpg 300w, https:\/\/www.ampeco.com\/content\/uploads\/2022\/10\/ORLIN-dark-shirt-1024x1024.jpg 1024w, https:\/\/www.ampeco.com\/content\/uploads\/2022\/10\/ORLIN-dark-shirt-150x150.jpg 150w, https:\/\/www.ampeco.com\/content\/uploads\/2022\/10\/ORLIN-dark-shirt-768x768.jpg 768w, https:\/\/www.ampeco.com\/content\/uploads\/2022\/10\/ORLIN-dark-shirt-1536x1536.jpg 1536w, https:\/\/www.ampeco.com\/content\/uploads\/2022\/10\/ORLIN-dark-shirt-330x330.jpg 330w, https:\/\/www.ampeco.com\/content\/uploads\/2022\/10\/ORLIN-dark-shirt-660x660.jpg 660w, https:\/\/www.ampeco.com\/content\/uploads\/2022\/10\/ORLIN-dark-shirt-512x512.jpg 512w, https:\/\/www.ampeco.com\/content\/uploads\/2022\/10\/ORLIN-dark-shirt-600x600.jpg 600w, https:\/\/www.ampeco.com\/content\/uploads\/2022\/10\/ORLIN-dark-shirt-1200x1200.jpg 1200w, https:\/\/www.ampeco.com\/content\/uploads\/2022\/10\/ORLIN-dark-shirt-840x840.jpg 840w, https:\/\/www.ampeco.com\/content\/uploads\/2022\/10\/ORLIN-dark-shirt-1680x1680.jpg 1680w\" sizes=\"auto, (max-width: 1740px) 100vw, 1740px\" title=\"\">\t\t\t<\/div>\n\t<div class=\"awb_quote\">Dass wir nach einer strengen Analyse f\u00fcr den Best Practices Award von Frost &amp; Sullivan f\u00fcr Produktf\u00fchrerschaft ausgew\u00e4hlt wurden, bedeutet, dass wir in Bezug auf Produktinnovationen in einem sehr wettbewerbsintensiven Markt auf dem richtigen Weg sind. <\/br><\/br>Diese Auszeichnung beweist, dass wir auf k\u00fcnftige Entwicklungen vorbereitet sind, sowohl was die Gewinnung wachstumsstarker Kunden als auch die Erschlie\u00dfung neuer M\u00e4rkte angeht. <\/div>\n\t<div class=\"awb_name\">Orlin Radev<\/div>\n\t<div class=\"awb_title\">CEO, AMPECO<\/div>\n<\/div>\n\n<p>AMPECO hat seinen Sitz in Europa und bietet seine Dienste weltweit an. Das Unternehmen hat Kunden in mehr als 45 M\u00e4rkten mit \u00fcber 51.000 Ladepunkten. Das Unternehmen baut seine lokale Pr\u00e4senz in Nordamerika, Asien und im Pazifikraum aus und plant die Er\u00f6ffnung von Vertriebs- und Supportb\u00fcros in den USA.<\/p>\n<style>.wp-block-kadence-spacer.kt-block-spacer-14075_0cb425-50 .kt-block-spacer{height:40px;}.wp-block-kadence-spacer.kt-block-spacer-14075_0cb425-50 .kt-divider{border-top-width:1px;height:1px;border-top-color:#eee;width:80%;border-top-style:solid;}<\/style>\n<div class=\"wp-block-kadence-spacer aligncenter kt-block-spacer-14075_0cb425-50\"><div class=\"kt-block-spacer kt-block-spacer-halign-center\"><\/div><\/div>\n\n<div class=\"wp-block-buttons is-content-justification-center is-layout-flex wp-container-core-buttons-is-layout-a89b3969 wp-block-buttons-is-layout-flex\">\n<div class=\"wp-block-button\"><a class=\"wp-block-button__link wp-element-button\" href=\"https:\/\/www.frost.com\/wp-content\/uploads\/2022\/10\/AMPECO-Award-Write-Up-1.pdf\" target=\"_blank\" rel=\"noreferrer noopener nofollow\">Preisbericht lesen<\/a><\/div>\n<\/div>\n","protected":false},"excerpt":{"rendered":"<p>Das Forschungs- und Beratungsunternehmen Frost &amp; Sullivan ist weltweit bekannt daf\u00fcr, dass es Investoren, Unternehmensf\u00fchrern und Regierungen hilft, wirtschaftliche Ver\u00e4nderungen zu steuern und bahnbrechende Technologien, neue Gesch\u00e4ftsmodelle und Unternehmen zu identifizieren. Seit [&hellip;]<\/p>\n","protected":false},"author":22,"featured_media":21879,"comment_status":"open","ping_status":"open","sticky":false,"template":"","format":"standard","meta":{"_acf_changed":false,"inline_featured_image":false,"footnotes":""},"categories":[252],"tags":[],"class_list":["post-26257","post","type-post","status-publish","format-standard","has-post-thumbnail","hentry","category-unternehmensnachrichten"],"acf":[],"_links":{"self":[{"href":"https:\/\/www.ampeco.com\/de\/wp-json\/wp\/v2\/posts\/26257","targetHints":{"allow":["GET"]}}],"collection":[{"href":"https:\/\/www.ampeco.com\/de\/wp-json\/wp\/v2\/posts"}],"about":[{"href":"https:\/\/www.ampeco.com\/de\/wp-json\/wp\/v2\/types\/post"}],"author":[{"embeddable":true,"href":"https:\/\/www.ampeco.com\/de\/wp-json\/wp\/v2\/users\/22"}],"replies":[{"embeddable":true,"href":"https:\/\/www.ampeco.com\/de\/wp-json\/wp\/v2\/comments?post=26257"}],"version-history":[{"count":2,"href":"https:\/\/www.ampeco.com\/de\/wp-json\/wp\/v2\/posts\/26257\/revisions"}],"predecessor-version":[{"id":26280,"href":"https:\/\/www.ampeco.com\/de\/wp-json\/wp\/v2\/posts\/26257\/revisions\/26280"}],"wp:featuredmedia":[{"embeddable":true,"href":"https:\/\/www.ampeco.com\/de\/wp-json\/wp\/v2\/media\/21879"}],"wp:attachment":[{"href":"https:\/\/www.ampeco.com\/de\/wp-json\/wp\/v2\/media?parent=26257"}],"wp:term":[{"taxonomy":"category","embeddable":true,"href":"https:\/\/www.ampeco.com\/de\/wp-json\/wp\/v2\/categories?post=26257"},{"taxonomy":"post_tag","embeddable":true,"href":"https:\/\/www.ampeco.com\/de\/wp-json\/wp\/v2\/tags?post=26257"}],"curies":[{"name":"wp","href":"https:\/\/api.w.org\/{rel}","templated":true}]}}